{"id":1343,"date":"2022-10-31T17:50:13","date_gmt":"2022-10-31T17:50:13","guid":{"rendered":"https:\/\/seinesaintdenis.fr\/actualite\/uncategorized\/Ismail-Alaoui-Fdili-poete-des-metiers-precaires\/"},"modified":"2023-05-09T13:46:37","modified_gmt":"2023-05-09T13:46:37","slug":"Ismail-Alaoui-Fdili-poete-des-metiers-precaires","status":"publish","type":"post","link":"https:\/\/seinesaintdenis.fr\/actualite\/culture-patrimoine\/Ismail-Alaoui-Fdili-poete-des-metiers-precaires\/","title":{"rendered":"Ismail Alaoui Fdili, po\u00e8te des m\u00e9tiers pr\u00e9caires"},"content":{"rendered":"<p>Ismail Alaoui Fdili aime bien l\u2019exercice de l\u2019interview. <i>\u00ab\u00a0Souvent, \u00e7a me force \u00e0 aller encore plus loin dans mes id\u00e9es. J\u2019y annonce des choses et du coup je n\u2019ai pas d\u2019autre choix que de tenir parole.\u00a0\u00bb<\/i> La derni\u00e8re fois, c\u2019\u00e9tait au sujet d\u2019un jeu vid\u00e9o en r\u00e9alit\u00e9 virtuelle que cet hyperactif se serait bien vu cr\u00e9er. Bingo, ni une ni deux, cet artiste pass\u00e9 par l\u2019\u00e9cole de cin\u00e9ma Kourtrajm\u00e9 et les ateliers M\u00e9dicis Clichy-Montfermeil <a class=\"spip_in\" href=\"Artagon-pepiniere-d-artistes-en-tout-genre\">avant de poser ses valises \u00e0 Artagon Pantin<\/a>, avait saisi la balle au bond et cr\u00e9\u00e9 l\u2019objet qui vient \u00e9toffer encore davantage l\u2019UIGV, l\u2019une de ses id\u00e9es-phares. <br class=\"autobr\" \/><i>\u00ab\u00a0L\u2019Universit\u00e9 Internationale de Gardiennage de Voitures\u00a0\u00bb<\/i>, nous souffle avec un regard espi\u00e8gle celui qui adore pousser \u00e0 son paroxysme l\u2019art de la satire. <i>\u00ab\u00a0<a class=\"spip_out\" href=\"https:\/\/www.uigv.org\/\" rel=\"external\">C\u2019est la premi\u00e8re formation universitaire de gardiens de voitures au monde, elle a vu le jour au Maroc, o\u00f9 je l\u2019ai mise sur pied<\/a>\u00a0\u00bb<\/i>, se rengorge le natif de Casablanca, d\u2019ailleurs fi\u00e8rement habill\u00e9 d\u2019une veste aux couleurs de l\u2019UIGV.<\/p>\n<figure class=\"spip_document_16204 spip_documents spip_documents_center media media_image media_image_jpg\"><img loading=\"lazy\" decoding=\"async\" src=\"IMG\/jpg\/ismail-alaoui-fdili-uigv.jpg\" alt=\"JPEG - 95.2 ko\" width=\"760\" height=\"412\" \/><\/figure>\n<h3 class=\"spip\">M\u00e9tiers de survie<\/h3>\n<p>Films d\u2019entreprise vantant le savoir-faire des formateurs de l\u2019universit\u00e9, site internet d\u2019inscription, et donc jeu vid\u00e9o en r\u00e9alit\u00e9 virtuelle o\u00f9 il faut r\u00e9aliser un score de 70 points pour \u00eatre \u00e9ligible \u00e0 la formation, rien n\u2019est laiss\u00e9 au hasard\u2026 Sauf que l\u2019UIGV est en fait un savant canular, d\u00e9velopp\u00e9 pour montrer que <i>\u00ab\u00a0dans ce monde, la forme est bien plus importante que le fond, et que m\u00eame un m\u00e9tier de survie comme gardien de voitures peut faire envie s\u2019il est vendu avec les codes et le jargon de l\u2019entreprise\u00a0\u00bb<\/i>, s\u2019esclaffe celui qui a fait de la \u00ab\u00a0valeur travail\u00a0\u00bb un de ses objets d\u2019\u00e9tude.<br class=\"autobr\" \/><i>\u00ab\u00a0Bien \u00e9videmment, cette \u00e9cole est plus fictive que r\u00e9elle<\/i>, reconna\u00eet Ismail, <i>mais j\u2019aime laisser planer le doute\u00a0\u00bb<\/i>, insiste celui qui aime manier l\u2019humour dans ses cr\u00e9ations. Pour ressembler \u00e0 une facult\u00e9 lambda, l\u2019\u00e9cole a m\u00eame d\u00e9j\u00e0 organis\u00e9 des portes ouvertes \u00e0 la fondation Fiminco de Romainville, qui ont dur\u00e9 1 mois. <i>\u00ab\u00a0Lors des portes ouvertes, nous \u00e9tions situ\u00e9s \u00e0 c\u00f4t\u00e9 d\u2019un campus pour une \u00e9cole am\u00e9ricaine, cela ne faisait que de cr\u00e9dibiliser notre projet, des personnes venaient nous voir, sans savoir que c\u2019\u00e9tait une blague, pour s\u2019inscrire \u00e0 l\u2019UIGV\u00a0\u00bb<\/i>, affirme Ismail Alaoui Fdili. Pourquoi le gardiennage de voitures\u00a0? <i>\u00ab\u00a0C\u2019est un m\u00e9tier qui m\u2019int\u00e9resse car c\u2019est \u00e0 la fois de l\u2019assistance aux personnes et de la surveillance, donc un m\u00e9tier utile. Pourtant, il reste socialement d\u00e9valu\u00e9, c\u2019est un m\u00e9tier de survie. Un autre aspect de ce m\u00e9tier qui m\u2019int\u00e9resse est son entre-deux entre caract\u00e8re actif et passif. Ceux qui exercent ce m\u00e9tier sont actifs mais passent leur<br class=\"autobr\" \/>temps \u00e0 contempler les choses de la vie. C\u2019est une posture dans laquelle je me reconnais\u00a0\u00bb<\/i>, dit celui qui avait aussi mis en sc\u00e8ne une s\u00e9quence de recrutement \u00e0 Aubervilliers.<br class=\"autobr\" \/>La Seine-Saint-Denis, cet artiste pass\u00e9 auparavant aux Beaux-Arts de Cergy dit y \u00eatre arriv\u00e9 <i>\u00ab\u00a0un peu par hasard\u00a0\u00bb<\/i>. <i>\u00ab\u00a0Mais je m\u2019y sens bien, il y a une diversit\u00e9 de population et de classes sociales, c\u2019est un endroit fertile o\u00f9 il y a beaucoup de zones \u00e0 exploiter. Les artistes ne s\u2019y trompent d\u2019ailleurs pas\u00a0: il y a le 6B, Souk Machines qui vient de quitter Saint-Denis, et maintenant Artagon&#8230;\u00a0\u00bb<\/i>, nous explique-t-il tout en jouant avec un d\u00e9 clignotant.<\/p>\n<h3 class=\"spip\">Art de la satire<\/h3>\n<p>Avant Artagon, Ismail aura pu profiter de la formation de l\u2019\u00e9cole Kourtrajm\u00e9, \u00e0 Montfermeil, sous la direction de Ladj Ly, r\u00e9alisateur du film \u00ab\u00a0Les Mis\u00e9rables\u00a0\u00bb tourn\u00e9 principalement \u00e0 Montfermeil et Clichy-sous-Bois. <i>\u00ab\u00a0Cette formation m\u2019a beaucoup aid\u00e9 \u00e0 ce moment de ma vie, c\u2019\u00e9tait tr\u00e8s empirique, exactement ce qu\u2019il me fallait. C\u2019est vraiment une exp\u00e9rience qui m\u2019a marqu\u00e9 \u00e0 vie\u00a0\u00bb<\/i>, raconte <a class=\"spip_out\" href=\"https:\/\/chezsoi.operadeparis.fr\/videos\/trailer-ca-passe-ecole-kourtrajme-1\" rel=\"external\">celui qui aura particip\u00e9 durant cette p\u00e9riode \u00e0 la r\u00e9alisation du court-m\u00e9trage \u00ab\u00a0\u00c7a passe\u00a0\u00bb, un film au message assez politique sur un jeune de banlieue \u00e0 qui une metteuse en sc\u00e8ne parisienne (Jeanne Balibar) fait miroiter une carri\u00e8re \u00e0 l\u2019Op\u00e9ra<\/a>. <br class=\"autobr\" \/>Dans la m\u00eame ann\u00e9e, cette fois avec les Ateliers M\u00e9dicis, il expose ses \u0153uvres au Palais de Tokyo lors de l\u2019exposition \u00ab\u00a0Jusqu\u2019ici tout va bien\u00a0\u00bb, r\u00e9f\u00e9rence directe au film \u00ab\u00a0La Haine\u00a0\u00bb. A cette occasion, il cr\u00e9e notamment des chaises en b\u00e9ton, reproductions pesantes de la fameuse chaise en plastique de jardin \u00ab\u00a0Monobloc\u00a0\u00bb qui ont fait r\u00e9agir le public. Le b\u00e9ton est du reste un mat\u00e9riau qu\u2019il avait d\u00e9j\u00e0 travaill\u00e9 lorsqu\u2019il avait promen\u00e9 un trottoir en laisse dans les rues de Toulouse. <i>\u00ab\u00a0La France est le pays europ\u00e9en le plus b\u00e9tonn\u00e9 au monde, je trouvais \u00e7a dr\u00f4le de se promener avec un trottoir dans les rues qui elles-m\u00eames sont entour\u00e9es de trottoirs. Moi je suis tr\u00e8s sensible \u00e0<br class=\"autobr\" \/>l\u2019humour et \u00e0 la com\u00e9die. Je pense que la satire, c\u2019est tr\u00e8s important dans notre monde actuel\u00a0\u00bb<\/i>, s\u2019explique-t-il.<\/p>\n<figure class=\"spip_document_16203 spip_documents spip_documents_center media media_image media_image_jpg\"><img loading=\"lazy\" decoding=\"async\" src=\"IMG\/jpg\/artagon-pantin.jpg\" alt=\"JPEG - 98.4 ko\" width=\"760\" height=\"412\" \/><\/figure>\n<p>C\u2019est cet art de la satire que le Marocain voulait aussi partager avec les \u00e9l\u00e8ves du coll\u00e8ge Pierre-Andr\u00e9 Hou\u00ebl de Romainville. <i>\u00ab\u00a0Un peu dans le m\u00eame but que l\u2019UIGV, j\u2019avais demand\u00e9 \u00e0 18 \u00e9l\u00e8ves d\u2019inventer un m\u00e9tier inexistant et d\u2019en faire une vid\u00e9o pour le promouvoir. Les \u00e9l\u00e8ves se sont tr\u00e8s rapidement pris au jeu et deux faux m\u00e9tiers ont vu le jour\u00a0: \u00ab\u00a0dormeur pro\u00a0\u00bb et le \u00ab\u00a0zoo des animaux fantastiques\u00a0\u00bb<\/i>. L\u00e0 encore, on voit poindre une r\u00e9flexion sur les crit\u00e8res requis pour faire d\u2019une activit\u00e9 un m\u00e9tier \u00ab\u00a0socialement utile\u00a0\u00bb et l\u2019art qu\u2019il y a finalement \u00e0 cr\u00e9er un besoin. <i>\u00ab\u00a0J\u2019ai bien aim\u00e9 cette exp\u00e9rience avec les jeunes et j\u2019aimerais bien remettre \u00e7a\u00a0\u00bb<\/i>. La voil\u00e0, la prochaine id\u00e9e d\u2019Ismail \u00e9nonc\u00e9e en interview\u2026 Et on peut \u00eatre s\u00fbr que s\u2019il l\u2019a dit, il le fera.<\/p>\n<p>Bastien Charret (avec CL)<br class=\"autobr\" \/>Photo\u00a0:\u00a9Eric Garault<\/p>\n<p><strong>Plus d\u2019infos sur Ismail Alaoui Fdili\u00a0:<\/strong><\/p>\n<p><img loading=\"lazy\" decoding=\"async\" class=\"puce\" src=\"squelettes-dist\/puce.gif\" alt=\"-\" width=\"8\" height=\"11\" \/>\u00a0instagram\u00a0: @alafdilism<\/p>\n<p><img loading=\"lazy\" decoding=\"async\" class=\"puce\" src=\"squelettes-dist\/puce.gif\" alt=\"-\" width=\"8\" height=\"11\" \/>\u00a0mail\u00a0: alafdilis@gmail.com<br class=\"autobr\" \/>Plus d\u2019info sur l\u2019UIGV\u00a0:<br class=\"autobr\" \/>instagram\u00a0: @UIGV_officiel<\/p>\n","protected":false},"excerpt":{"rendered":"Ismail Alaoui Fdili aime bien l\u2019exercice de l\u2019interview. \u00ab\u00a0Souvent, \u00e7a me force \u00e0 aller encore plus loin dans mes id\u00e9es. J\u2019y annonce des choses et du coup je n\u2019ai pas d\u2019autre choix que de tenir parole.\u00a0\u00bb La derni\u00e8re fois, c\u2019\u00e9tait au sujet d\u2019un jeu vid\u00e9o en r\u00e9alit\u00e9 virtuelle que cet hyperactif se serait bien vu&#8230; <a class=\"view-article\" href=\"https:\/\/seinesaintdenis.fr\/actualite\/culture-patrimoine\/Ismail-Alaoui-Fdili-poete-des-metiers-precaires\/\">Voir l&rsquo;article<\/a>","protected":false},"author":30,"featured_media":1344,"comment_status":"open","ping_status":"open","sticky":false,"template":"","format":"standard","meta":{"_acf_changed":false,"footnotes":""},"categories":[9,140],"ville":[82],"class_list":["post-1343","post","type-post","status-publish","format-standard","has-post-thumbnail","hentry","category-culture-patrimoine","category-exposition"],"acf":[],"yoast_head":"<!-- This site is optimized with the Yoast SEO plugin v27.5 - https:\/\/yoast.com\/product\/yoast-seo-wordpress\/ -->\n<title>Ismail Alaoui Fdili, po\u00e8te des m\u00e9tiers pr\u00e9caires - Seine-Saint-Denis - L&#039;actualit\u00e9 du d\u00e9partement<\/title>\n<meta name=\"robots\" content=\"index, follow, max-snippet:-1, max-image-preview:large, max-video-preview:-1\" \/>\n<link rel=\"canonical\" href=\"https:\/\/seinesaintdenis.fr\/actualite\/culture-patrimoine\/Ismail-Alaoui-Fdili-poete-des-metiers-precaires\/\" \/>\n<meta property=\"og:locale\" content=\"fr_FR\" \/>\n<meta property=\"og:type\" content=\"article\" \/>\n<meta property=\"og:title\" content=\"Ismail Alaoui Fdili, po\u00e8te des m\u00e9tiers pr\u00e9caires - Seine-Saint-Denis - L&#039;actualit\u00e9 du d\u00e9partement\" \/>\n<meta property=\"og:url\" content=\"https:\/\/seinesaintdenis.fr\/actualite\/culture-patrimoine\/Ismail-Alaoui-Fdili-poete-des-metiers-precaires\/\" \/>\n<meta property=\"og:site_name\" content=\"Seine-Saint-Denis - L&#039;actualit\u00e9 du d\u00e9partement\" \/>\n<meta property=\"article:publisher\" content=\"https:\/\/www.facebook.com\/seinesaintdenisledepartement\" \/>\n<meta property=\"article:published_time\" content=\"2022-10-31T17:50:13+00:00\" \/>\n<meta property=\"article:modified_time\" content=\"2023-05-09T13:46:37+00:00\" \/>\n<meta property=\"og:image\" content=\"https:\/\/seinesaintdenis.fr\/actualite\/wp-content\/uploads\/2023\/04\/4eeef095fef1806e17375b90e3c4fe.jpg\" \/>\n\t<meta property=\"og:image:width\" content=\"760\" \/>\n\t<meta property=\"og:image:height\" content=\"411\" \/>\n\t<meta property=\"og:image:type\" content=\"image\/jpeg\" \/>\n<meta name=\"author\" content=\"Bastien Charret\" \/>\n<meta name=\"twitter:card\" content=\"summary_large_image\" \/>\n<meta name=\"twitter:creator\" content=\"@seinesaintdenis\" \/>\n<meta name=\"twitter:site\" content=\"@seinesaintdenis\" \/>\n<meta name=\"twitter:label1\" content=\"\u00c9crit par\" \/>\n\t<meta name=\"twitter:data1\" content=\"Bastien Charret\" \/>\n\t<meta name=\"twitter:label2\" content=\"Dur\u00e9e de lecture estim\u00e9e\" \/>\n\t<meta name=\"twitter:data2\" content=\"6 minutes\" \/>\n<script type=\"application\/ld+json\" class=\"yoast-schema-graph\">{\"@context\":\"https:\\\/\\\/schema.org\",\"@graph\":[{\"@type\":\"Article\",\"@id\":\"https:\\\/\\\/seinesaintdenis.fr\\\/actualite\\\/culture-patrimoine\\\/Ismail-Alaoui-Fdili-poete-des-metiers-precaires\\\/#article\",\"isPartOf\":{\"@id\":\"https:\\\/\\\/seinesaintdenis.fr\\\/actualite\\\/culture-patrimoine\\\/Ismail-Alaoui-Fdili-poete-des-metiers-precaires\\\/\"},\"author\":{\"name\":\"Bastien Charret\",\"@id\":\"https:\\\/\\\/seinesaintdenis.fr\\\/actualite\\\/#\\\/schema\\\/person\\\/787230f3ae12ed5754e5d763ee73326f\"},\"headline\":\"Ismail Alaoui Fdili, po\u00e8te des m\u00e9tiers pr\u00e9caires\",\"datePublished\":\"2022-10-31T17:50:13+00:00\",\"dateModified\":\"2023-05-09T13:46:37+00:00\",\"mainEntityOfPage\":{\"@id\":\"https:\\\/\\\/seinesaintdenis.fr\\\/actualite\\\/culture-patrimoine\\\/Ismail-Alaoui-Fdili-poete-des-metiers-precaires\\\/\"},\"wordCount\":1074,\"commentCount\":0,\"publisher\":{\"@id\":\"https:\\\/\\\/seinesaintdenis.fr\\\/actualite\\\/#organization\"},\"image\":{\"@id\":\"https:\\\/\\\/seinesaintdenis.fr\\\/actualite\\\/culture-patrimoine\\\/Ismail-Alaoui-Fdili-poete-des-metiers-precaires\\\/#primaryimage\"},\"thumbnailUrl\":\"https:\\\/\\\/seinesaintdenis.fr\\\/actualite\\\/wp-content\\\/uploads\\\/2023\\\/04\\\/4eeef095fef1806e17375b90e3c4fe.jpg\",\"articleSection\":[\"Culture &amp; Patrimoine\",\"Exposition\"],\"inLanguage\":\"fr-FR\",\"potentialAction\":[{\"@type\":\"CommentAction\",\"name\":\"Comment\",\"target\":[\"https:\\\/\\\/seinesaintdenis.fr\\\/actualite\\\/culture-patrimoine\\\/Ismail-Alaoui-Fdili-poete-des-metiers-precaires\\\/#respond\"]}]},{\"@type\":\"WebPage\",\"@id\":\"https:\\\/\\\/seinesaintdenis.fr\\\/actualite\\\/culture-patrimoine\\\/Ismail-Alaoui-Fdili-poete-des-metiers-precaires\\\/\",\"url\":\"https:\\\/\\\/seinesaintdenis.fr\\\/actualite\\\/culture-patrimoine\\\/Ismail-Alaoui-Fdili-poete-des-metiers-precaires\\\/\",\"name\":\"Ismail Alaoui Fdili, po\u00e8te des m\u00e9tiers pr\u00e9caires - Seine-Saint-Denis - L&#039;actualit\u00e9 du d\u00e9partement\",\"isPartOf\":{\"@id\":\"https:\\\/\\\/seinesaintdenis.fr\\\/actualite\\\/#website\"},\"primaryImageOfPage\":{\"@id\":\"https:\\\/\\\/seinesaintdenis.fr\\\/actualite\\\/culture-patrimoine\\\/Ismail-Alaoui-Fdili-poete-des-metiers-precaires\\\/#primaryimage\"},\"image\":{\"@id\":\"https:\\\/\\\/seinesaintdenis.fr\\\/actualite\\\/culture-patrimoine\\\/Ismail-Alaoui-Fdili-poete-des-metiers-precaires\\\/#primaryimage\"},\"thumbnailUrl\":\"https:\\\/\\\/seinesaintdenis.fr\\\/actualite\\\/wp-content\\\/uploads\\\/2023\\\/04\\\/4eeef095fef1806e17375b90e3c4fe.jpg\",\"datePublished\":\"2022-10-31T17:50:13+00:00\",\"dateModified\":\"2023-05-09T13:46:37+00:00\",\"breadcrumb\":{\"@id\":\"https:\\\/\\\/seinesaintdenis.fr\\\/actualite\\\/culture-patrimoine\\\/Ismail-Alaoui-Fdili-poete-des-metiers-precaires\\\/#breadcrumb\"},\"inLanguage\":\"fr-FR\",\"potentialAction\":[{\"@type\":\"ReadAction\",\"target\":[\"https:\\\/\\\/seinesaintdenis.fr\\\/actualite\\\/culture-patrimoine\\\/Ismail-Alaoui-Fdili-poete-des-metiers-precaires\\\/\"]}]},{\"@type\":\"ImageObject\",\"inLanguage\":\"fr-FR\",\"@id\":\"https:\\\/\\\/seinesaintdenis.fr\\\/actualite\\\/culture-patrimoine\\\/Ismail-Alaoui-Fdili-poete-des-metiers-precaires\\\/#primaryimage\",\"url\":\"https:\\\/\\\/seinesaintdenis.fr\\\/actualite\\\/wp-content\\\/uploads\\\/2023\\\/04\\\/4eeef095fef1806e17375b90e3c4fe.jpg\",\"contentUrl\":\"https:\\\/\\\/seinesaintdenis.fr\\\/actualite\\\/wp-content\\\/uploads\\\/2023\\\/04\\\/4eeef095fef1806e17375b90e3c4fe.jpg\",\"width\":760,\"height\":411},{\"@type\":\"BreadcrumbList\",\"@id\":\"https:\\\/\\\/seinesaintdenis.fr\\\/actualite\\\/culture-patrimoine\\\/Ismail-Alaoui-Fdili-poete-des-metiers-precaires\\\/#breadcrumb\",\"itemListElement\":[{\"@type\":\"ListItem\",\"position\":1,\"name\":\"Accueil\",\"item\":\"https:\\\/\\\/seinesaintdenis.fr\\\/actualite\\\/\"},{\"@type\":\"ListItem\",\"position\":2,\"name\":\"Culture &amp; Patrimoine\",\"item\":\"https:\\\/\\\/seinesaintdenis.fr\\\/actualite\\\/culture-patrimoine\\\/\"},{\"@type\":\"ListItem\",\"position\":3,\"name\":\"Ismail Alaoui Fdili, po\u00e8te des m\u00e9tiers pr\u00e9caires\"}]},{\"@type\":\"WebSite\",\"@id\":\"https:\\\/\\\/seinesaintdenis.fr\\\/actualite\\\/#website\",\"url\":\"https:\\\/\\\/seinesaintdenis.fr\\\/actualite\\\/\",\"name\":\"Seine-Saint-Denis - L'actualit\u00e9 du d\u00e9partement\",\"description\":\"L&#039;actualit\u00e9 du D\u00e9partement de la Seine-Saint-Denis\",\"publisher\":{\"@id\":\"https:\\\/\\\/seinesaintdenis.fr\\\/actualite\\\/#organization\"},\"potentialAction\":[{\"@type\":\"SearchAction\",\"target\":{\"@type\":\"EntryPoint\",\"urlTemplate\":\"https:\\\/\\\/seinesaintdenis.fr\\\/actualite\\\/?s={search_term_string}\"},\"query-input\":{\"@type\":\"PropertyValueSpecification\",\"valueRequired\":true,\"valueName\":\"search_term_string\"}}],\"inLanguage\":\"fr-FR\"},{\"@type\":\"Organization\",\"@id\":\"https:\\\/\\\/seinesaintdenis.fr\\\/actualite\\\/#organization\",\"name\":\"Seine-Saint-Denis - Le D\u00e9partement\",\"url\":\"https:\\\/\\\/seinesaintdenis.fr\\\/actualite\\\/\",\"logo\":{\"@type\":\"ImageObject\",\"inLanguage\":\"fr-FR\",\"@id\":\"https:\\\/\\\/seinesaintdenis.fr\\\/actualite\\\/#\\\/schema\\\/logo\\\/image\\\/\",\"url\":\"https:\\\/\\\/seinesaintdenis.fr\\\/actualite\\\/wp-content\\\/uploads\\\/2024\\\/08\\\/logo.png\",\"contentUrl\":\"https:\\\/\\\/seinesaintdenis.fr\\\/actualite\\\/wp-content\\\/uploads\\\/2024\\\/08\\\/logo.png\",\"width\":567,\"height\":172,\"caption\":\"Seine-Saint-Denis - Le D\u00e9partement\"},\"image\":{\"@id\":\"https:\\\/\\\/seinesaintdenis.fr\\\/actualite\\\/#\\\/schema\\\/logo\\\/image\\\/\"},\"sameAs\":[\"https:\\\/\\\/www.facebook.com\\\/seinesaintdenisledepartement\",\"https:\\\/\\\/x.com\\\/seinesaintdenis\",\"https:\\\/\\\/www.linkedin.com\\\/company\\\/seinesaintdenis\",\"https:\\\/\\\/www.instagram.com\\\/seine_saint_denis\\\/\",\"https:\\\/\\\/www.youtube.com\\\/channel\\\/UCR5YF9NnqiLCbnrKQgLUcIw\"]},{\"@type\":\"Person\",\"@id\":\"https:\\\/\\\/seinesaintdenis.fr\\\/actualite\\\/#\\\/schema\\\/person\\\/787230f3ae12ed5754e5d763ee73326f\",\"name\":\"Bastien Charret\",\"image\":{\"@type\":\"ImageObject\",\"inLanguage\":\"fr-FR\",\"@id\":\"https:\\\/\\\/secure.gravatar.com\\\/avatar\\\/61da5565b8c588bb4f547c3a7a435a9f5ab0654bc46d821687aa2cecd39bc431?s=96&d=mm&r=g\",\"url\":\"https:\\\/\\\/secure.gravatar.com\\\/avatar\\\/61da5565b8c588bb4f547c3a7a435a9f5ab0654bc46d821687aa2cecd39bc431?s=96&d=mm&r=g\",\"contentUrl\":\"https:\\\/\\\/secure.gravatar.com\\\/avatar\\\/61da5565b8c588bb4f547c3a7a435a9f5ab0654bc46d821687aa2cecd39bc431?s=96&d=mm&r=g\",\"caption\":\"Bastien Charret\"},\"url\":\"https:\\\/\\\/seinesaintdenis.fr\\\/actualite\\\/author\\\/Bharret\\\/\"}]}<\/script>\n<!-- \/ Yoast SEO plugin. -->","yoast_head_json":{"title":"Ismail Alaoui Fdili, po\u00e8te des m\u00e9tiers pr\u00e9caires - Seine-Saint-Denis - L&#039;actualit\u00e9 du d\u00e9partement","robots":{"index":"index","follow":"follow","max-snippet":"max-snippet:-1","max-image-preview":"max-image-preview:large","max-video-preview":"max-video-preview:-1"},"canonical":"https:\/\/seinesaintdenis.fr\/actualite\/culture-patrimoine\/Ismail-Alaoui-Fdili-poete-des-metiers-precaires\/","og_locale":"fr_FR","og_type":"article","og_title":"Ismail Alaoui Fdili, po\u00e8te des m\u00e9tiers pr\u00e9caires - Seine-Saint-Denis - L&#039;actualit\u00e9 du d\u00e9partement","og_url":"https:\/\/seinesaintdenis.fr\/actualite\/culture-patrimoine\/Ismail-Alaoui-Fdili-poete-des-metiers-precaires\/","og_site_name":"Seine-Saint-Denis - L&#039;actualit\u00e9 du d\u00e9partement","article_publisher":"https:\/\/www.facebook.com\/seinesaintdenisledepartement","article_published_time":"2022-10-31T17:50:13+00:00","article_modified_time":"2023-05-09T13:46:37+00:00","og_image":[{"width":760,"height":411,"url":"https:\/\/seinesaintdenis.fr\/actualite\/wp-content\/uploads\/2023\/04\/4eeef095fef1806e17375b90e3c4fe.jpg","type":"image\/jpeg"}],"author":"Bastien Charret","twitter_card":"summary_large_image","twitter_creator":"@seinesaintdenis","twitter_site":"@seinesaintdenis","twitter_misc":{"\u00c9crit par":"Bastien Charret","Dur\u00e9e de lecture estim\u00e9e":"6 minutes"},"schema":{"@context":"https:\/\/schema.org","@graph":[{"@type":"Article","@id":"https:\/\/seinesaintdenis.fr\/actualite\/culture-patrimoine\/Ismail-Alaoui-Fdili-poete-des-metiers-precaires\/#article","isPartOf":{"@id":"https:\/\/seinesaintdenis.fr\/actualite\/culture-patrimoine\/Ismail-Alaoui-Fdili-poete-des-metiers-precaires\/"},"author":{"name":"Bastien Charret","@id":"https:\/\/seinesaintdenis.fr\/actualite\/#\/schema\/person\/787230f3ae12ed5754e5d763ee73326f"},"headline":"Ismail Alaoui Fdili, po\u00e8te des m\u00e9tiers pr\u00e9caires","datePublished":"2022-10-31T17:50:13+00:00","dateModified":"2023-05-09T13:46:37+00:00","mainEntityOfPage":{"@id":"https:\/\/seinesaintdenis.fr\/actualite\/culture-patrimoine\/Ismail-Alaoui-Fdili-poete-des-metiers-precaires\/"},"wordCount":1074,"commentCount":0,"publisher":{"@id":"https:\/\/seinesaintdenis.fr\/actualite\/#organization"},"image":{"@id":"https:\/\/seinesaintdenis.fr\/actualite\/culture-patrimoine\/Ismail-Alaoui-Fdili-poete-des-metiers-precaires\/#primaryimage"},"thumbnailUrl":"https:\/\/seinesaintdenis.fr\/actualite\/wp-content\/uploads\/2023\/04\/4eeef095fef1806e17375b90e3c4fe.jpg","articleSection":["Culture &amp; Patrimoine","Exposition"],"inLanguage":"fr-FR","potentialAction":[{"@type":"CommentAction","name":"Comment","target":["https:\/\/seinesaintdenis.fr\/actualite\/culture-patrimoine\/Ismail-Alaoui-Fdili-poete-des-metiers-precaires\/#respond"]}]},{"@type":"WebPage","@id":"https:\/\/seinesaintdenis.fr\/actualite\/culture-patrimoine\/Ismail-Alaoui-Fdili-poete-des-metiers-precaires\/","url":"https:\/\/seinesaintdenis.fr\/actualite\/culture-patrimoine\/Ismail-Alaoui-Fdili-poete-des-metiers-precaires\/","name":"Ismail Alaoui Fdili, po\u00e8te des m\u00e9tiers pr\u00e9caires - Seine-Saint-Denis - L&#039;actualit\u00e9 du d\u00e9partement","isPartOf":{"@id":"https:\/\/seinesaintdenis.fr\/actualite\/#website"},"primaryImageOfPage":{"@id":"https:\/\/seinesaintdenis.fr\/actualite\/culture-patrimoine\/Ismail-Alaoui-Fdili-poete-des-metiers-precaires\/#primaryimage"},"image":{"@id":"https:\/\/seinesaintdenis.fr\/actualite\/culture-patrimoine\/Ismail-Alaoui-Fdili-poete-des-metiers-precaires\/#primaryimage"},"thumbnailUrl":"https:\/\/seinesaintdenis.fr\/actualite\/wp-content\/uploads\/2023\/04\/4eeef095fef1806e17375b90e3c4fe.jpg","datePublished":"2022-10-31T17:50:13+00:00","dateModified":"2023-05-09T13:46:37+00:00","breadcrumb":{"@id":"https:\/\/seinesaintdenis.fr\/actualite\/culture-patrimoine\/Ismail-Alaoui-Fdili-poete-des-metiers-precaires\/#breadcrumb"},"inLanguage":"fr-FR","potentialAction":[{"@type":"ReadAction","target":["https:\/\/seinesaintdenis.fr\/actualite\/culture-patrimoine\/Ismail-Alaoui-Fdili-poete-des-metiers-precaires\/"]}]},{"@type":"ImageObject","inLanguage":"fr-FR","@id":"https:\/\/seinesaintdenis.fr\/actualite\/culture-patrimoine\/Ismail-Alaoui-Fdili-poete-des-metiers-precaires\/#primaryimage","url":"https:\/\/seinesaintdenis.fr\/actualite\/wp-content\/uploads\/2023\/04\/4eeef095fef1806e17375b90e3c4fe.jpg","contentUrl":"https:\/\/seinesaintdenis.fr\/actualite\/wp-content\/uploads\/2023\/04\/4eeef095fef1806e17375b90e3c4fe.jpg","width":760,"height":411},{"@type":"BreadcrumbList","@id":"https:\/\/seinesaintdenis.fr\/actualite\/culture-patrimoine\/Ismail-Alaoui-Fdili-poete-des-metiers-precaires\/#breadcrumb","itemListElement":[{"@type":"ListItem","position":1,"name":"Accueil","item":"https:\/\/seinesaintdenis.fr\/actualite\/"},{"@type":"ListItem","position":2,"name":"Culture &amp; Patrimoine","item":"https:\/\/seinesaintdenis.fr\/actualite\/culture-patrimoine\/"},{"@type":"ListItem","position":3,"name":"Ismail Alaoui Fdili, po\u00e8te des m\u00e9tiers pr\u00e9caires"}]},{"@type":"WebSite","@id":"https:\/\/seinesaintdenis.fr\/actualite\/#website","url":"https:\/\/seinesaintdenis.fr\/actualite\/","name":"Seine-Saint-Denis - L'actualit\u00e9 du d\u00e9partement","description":"L&#039;actualit\u00e9 du D\u00e9partement de la Seine-Saint-Denis","publisher":{"@id":"https:\/\/seinesaintdenis.fr\/actualite\/#organization"},"potentialAction":[{"@type":"SearchAction","target":{"@type":"EntryPoint","urlTemplate":"https:\/\/seinesaintdenis.fr\/actualite\/?s={search_term_string}"},"query-input":{"@type":"PropertyValueSpecification","valueRequired":true,"valueName":"search_term_string"}}],"inLanguage":"fr-FR"},{"@type":"Organization","@id":"https:\/\/seinesaintdenis.fr\/actualite\/#organization","name":"Seine-Saint-Denis - Le D\u00e9partement","url":"https:\/\/seinesaintdenis.fr\/actualite\/","logo":{"@type":"ImageObject","inLanguage":"fr-FR","@id":"https:\/\/seinesaintdenis.fr\/actualite\/#\/schema\/logo\/image\/","url":"https:\/\/seinesaintdenis.fr\/actualite\/wp-content\/uploads\/2024\/08\/logo.png","contentUrl":"https:\/\/seinesaintdenis.fr\/actualite\/wp-content\/uploads\/2024\/08\/logo.png","width":567,"height":172,"caption":"Seine-Saint-Denis - Le D\u00e9partement"},"image":{"@id":"https:\/\/seinesaintdenis.fr\/actualite\/#\/schema\/logo\/image\/"},"sameAs":["https:\/\/www.facebook.com\/seinesaintdenisledepartement","https:\/\/x.com\/seinesaintdenis","https:\/\/www.linkedin.com\/company\/seinesaintdenis","https:\/\/www.instagram.com\/seine_saint_denis\/","https:\/\/www.youtube.com\/channel\/UCR5YF9NnqiLCbnrKQgLUcIw"]},{"@type":"Person","@id":"https:\/\/seinesaintdenis.fr\/actualite\/#\/schema\/person\/787230f3ae12ed5754e5d763ee73326f","name":"Bastien Charret","image":{"@type":"ImageObject","inLanguage":"fr-FR","@id":"https:\/\/secure.gravatar.com\/avatar\/61da5565b8c588bb4f547c3a7a435a9f5ab0654bc46d821687aa2cecd39bc431?s=96&d=mm&r=g","url":"https:\/\/secure.gravatar.com\/avatar\/61da5565b8c588bb4f547c3a7a435a9f5ab0654bc46d821687aa2cecd39bc431?s=96&d=mm&r=g","contentUrl":"https:\/\/secure.gravatar.com\/avatar\/61da5565b8c588bb4f547c3a7a435a9f5ab0654bc46d821687aa2cecd39bc431?s=96&d=mm&r=g","caption":"Bastien Charret"},"url":"https:\/\/seinesaintdenis.fr\/actualite\/author\/Bharret\/"}]}},"_links":{"self":[{"href":"https:\/\/seinesaintdenis.fr\/actualite\/wp-json\/wp\/v2\/posts\/1343","targetHints":{"allow":["GET"]}}],"collection":[{"href":"https:\/\/seinesaintdenis.fr\/actualite\/wp-json\/wp\/v2\/posts"}],"about":[{"href":"https:\/\/seinesaintdenis.fr\/actualite\/wp-json\/wp\/v2\/types\/post"}],"author":[{"embeddable":true,"href":"https:\/\/seinesaintdenis.fr\/actualite\/wp-json\/wp\/v2\/users\/30"}],"replies":[{"embeddable":true,"href":"https:\/\/seinesaintdenis.fr\/actualite\/wp-json\/wp\/v2\/comments?post=1343"}],"version-history":[{"count":2,"href":"https:\/\/seinesaintdenis.fr\/actualite\/wp-json\/wp\/v2\/posts\/1343\/revisions"}],"predecessor-version":[{"id":1904,"href":"https:\/\/seinesaintdenis.fr\/actualite\/wp-json\/wp\/v2\/posts\/1343\/revisions\/1904"}],"wp:featuredmedia":[{"embeddable":true,"href":"https:\/\/seinesaintdenis.fr\/actualite\/wp-json\/wp\/v2\/media\/1344"}],"wp:attachment":[{"href":"https:\/\/seinesaintdenis.fr\/actualite\/wp-json\/wp\/v2\/media?parent=1343"}],"wp:term":[{"taxonomy":"category","embeddable":true,"href":"https:\/\/seinesaintdenis.fr\/actualite\/wp-json\/wp\/v2\/categories?post=1343"},{"taxonomy":"ville","embeddable":true,"href":"https:\/\/seinesaintdenis.fr\/actualite\/wp-json\/wp\/v2\/ville?post=1343"}],"curies":[{"name":"wp","href":"https:\/\/api.w.org\/{rel}","templated":true}]}}