{"id":1311,"date":"2022-11-15T17:03:14","date_gmt":"2022-11-15T17:03:14","guid":{"rendered":"https:\/\/seinesaintdenis.fr\/actualite\/uncategorized\/Habib-Beye-Le-Red-Star-me-donne-des-emotions\/"},"modified":"2023-05-09T18:48:31","modified_gmt":"2023-05-09T18:48:31","slug":"Habib-Beye-Le-Red-Star-me-donne-des-emotions","status":"publish","type":"post","link":"https:\/\/seinesaintdenis.fr\/actualite\/sport-loisirs\/Habib-Beye-Le-Red-Star-me-donne-des-emotions\/","title":{"rendered":"Habib Beye\u00a0: \u00ab Le Red Star me donne des \u00e9motions\u00a0\u00bb"},"content":{"rendered":"<p><strong>Que repr\u00e9sente le Red Star \u00e0 vos yeux\u00a0?<\/strong><\/p>\n<p>J\u2019ai l\u2019habitude de dire que le Red Star ressemble aux clubs o\u00f9 j\u2019ai \u00e9volu\u00e9 comme joueur. Je suis pass\u00e9 par Strasbourg, club populaire, identifi\u00e9 \u00e0 la r\u00e9gion. A l\u2019OM, pareil, c\u2019est une ville qui respire le foot. Eh bien, l\u2019ambiance du stade Bauer me rappelle ces ambiances. Je suis devenu entra\u00eeneur pour gagner bien s\u00fbr, mais surtout pour vivre des \u00e9motions. Et avec sa dimension populaire, sa ferveur, le Red Star m\u2019en donne. Et puis, je suis aussi attach\u00e9 \u00e0 ce que le club fait en dehors du foot, son aspect social, son enracinement dans le territoire. Je pars du principe qu\u2019avant d\u2019entra\u00eener des joueurs, on forme des hommes et c\u2019est tout \u00e0 fait la philosophie du Red Star.<\/p>\n<p><strong>Comment s\u2019est fait le rapprochement entre vous et le Red Star en mai 2021\u00a0?<\/strong><\/p>\n<p>C\u2019est une aventure qui est partie d\u2019une rencontre avec le pr\u00e9sident Patrice Haddad, avec qui le courant est tout de suite pass\u00e9. A l\u2019\u00e9poque, je passais encore mes dipl\u00f4mes d\u2019entra\u00eeneur et nous avions convenu que je pourrais peut-\u00eatre me rapprocher du Red Star pour entra\u00eener une de ses \u00e9quipes de jeunes. Par la suite, les circonstances ont fait que j\u2019ai ensuite pris le poste d\u2019entra\u00eeneur de l\u2019\u00e9quipe premi\u00e8re. Et je m\u2019y \u00e9clate tous les jours, parce qu\u2019on m\u2019a mis dans les meilleures dispositions.<\/p>\n<figure class=\"spip_document_16183 spip_documents spip_documents_center media media_image media_image_jpg\"><img loading=\"lazy\" decoding=\"async\" src=\"IMG\/jpg\/habib-beye-3.jpg\" alt=\"JPEG - 35.8 ko\" width=\"760\" height=\"412\" \/><\/figure>\n<p><strong>Pas de club de haut niveau en France qui n\u2019ait pas de joueurs issus d\u2019Ile-de-France et m\u00eame de Seine-Saint-Denis. A quoi cela tient-il\u00a0?<\/strong><\/p>\n<p>Il y a d\u2019abord un ph\u00e9nom\u00e8ne de densit\u00e9 de population, mais \u00e7a n\u2019explique pas tout. Je pense qu\u2019il y a aussi dans le 93 une abn\u00e9gation et une d\u00e9termination qui se sont construites au fil du temps. Les joueurs qui sont ici ont soif de r\u00e9ussite mais aussi envie de faire briller leur d\u00e9partement. Ils sont aussi assez exemplaires au niveau du comportement. Je tiens \u00e0 le dire parce que le 93 est souvent stigmatis\u00e9 bien injustement.<\/p>\n<p><strong>Ca vous agace que la Seine-Saint-Denis soit toujours ramen\u00e9e \u00e0 ses faits divers quand elle est aussi riche de tant de belles initiatives\u00a0?<\/strong><\/p>\n<p>Je le regrette profond\u00e9ment. En fait, les gens \u2013 je ne vais pas incriminer les medias en particulier \u2013 mais les gens ne prennent pas la peine de creuser, d\u2019aller au-del\u00e0 des st\u00e9r\u00e9otypes. On ne voit que ce qui se passe en surface. Alors qu\u2019il existe ici tant de joueurs, tant d\u2019\u00e9ducateurs qui en valent la peine. Je vais vous dire\u00a0: au d\u00e9but de saison, quand on m\u2019a demand\u00e9 comment je voyais mon groupe, j\u2019ai dit qu\u2019il me fallait 18 joueurs exp\u00e9riment\u00e9s, mais aussi 3 ou 4 jeunes du cru. Pourquoi\u00a0? Parce qu\u2019un Jovany Ikanga, un Rayan Slimani (tous deux form\u00e9s au club) ou un Ryad Hachem ne d\u00e9sirent qu\u2019une chose\u00a0: jouer pour le d\u00e9partement dans lequel ils ont grandi. Je crois beaucoup \u00e0 cette notion d\u2019identit\u00e9 de club.<\/p>\n<p><strong>Cette identit\u00e9 n\u2019est-elle pas mise en p\u00e9ril par le r\u00e9cent rachat du club par un fonds d\u2019investissement am\u00e9ricain\u00a0(777 Partners, qui a rachet\u00e9 le club en mai dernier)\u00a0?<\/strong><\/p>\n<p>A partir du moment o\u00f9 ils sont dans la philosophie qu\u2019a d\u00e9cid\u00e9e Patrice Haddad &#8211; et c\u2019est le cas &#8211; non, absolument pas. Quand Patrice a pr\u00e9sent\u00e9 le projet \u00e0 777 Partners, ceux-ci ont tr\u00e8s bien compris la logique qu\u2019il y avait \u00e0 rester aussi un club ancr\u00e9 dans le d\u00e9partement. Moi, \u00e7a ne m\u2019int\u00e9resse pas de n\u2019avoir que des joueurs qui viennent de droite et de gauche. Je veux aussi accompagner des jeunes de l\u2019Acad\u00e9mie vers le tr\u00e8s haut niveau parce que \u00e7a leur b\u00e9n\u00e9ficiera \u00e0 eux comme au club.<\/p>\n<figure class=\"spip_document_16182 spip_documents spip_documents_left media media_image media_image_jpg\" style=\"float: left;\"><img loading=\"lazy\" decoding=\"async\" src=\"IMG\/jpg\/habib-beye-2.jpg\" alt=\"JPEG - 16.3 ko\" width=\"200\" height=\"300\" \/><\/figure>\n<p><strong>Vous avez pour ambition de monter en Ligue 2 d\u00e8s cette ann\u00e9e ou \u00e7a ne se pose pas en ces termes\u00a0?<\/strong><\/p>\n<p>Non, on ne peut pas le formuler en ces termes. Ce serait manquer d\u2019humilit\u00e9. Evidemment qu\u2019on a des ambitions \u00e9lev\u00e9es, mais dans un championnat o\u00f9 il va y avoir 6 descentes cette saison et o\u00f9 tout le monde va donc \u00eatre pr\u00e9occup\u00e9 par le fait de ne pas perdre, on ne peut pas jouer les fanfarons. Notre objectif est de s\u00e9curiser au plus vite les points du maintien avant ensuite de nous situer par rapport \u00e0 des objectifs sup\u00e9rieurs.<\/p>\n<p><strong>Parlons un peu de la Coupe du Monde qui arrive. Vous avez un favori\u00a0?<\/strong><\/p>\n<p>S\u00e9n\u00e9gal champion du monde\u00a0! (il rit)<\/p>\n<p><strong>Et les Bleus, comment les voyez-vous\u00a0?<\/strong><\/p>\n<p>C\u2019est \u00e9videmment un des favoris, mais on a vu lors du dernier Euro que certaines grosses nations de football pouvaient faire des faux pas. Et il ne faut pas oublier le contexte\u00a0: une pr\u00e9paration courte, des chauds-froids entre 45 degr\u00e9s dehors et des stades climatis\u00e9s. Ca va \u00e9norm\u00e9ment impacter les organismes. J\u2019ai v\u00e9cu 4 Coupes d\u2019Afrique des Nations avec le S\u00e9n\u00e9gal dans des climats \u00e9prouvants, donc je suis bien plac\u00e9 pour le savoir.<\/p>\n<p><strong>Et le S\u00e9n\u00e9gal donc\u00a0?<\/strong><\/p>\n<p>Dans ce contexte-l\u00e0, et avec leur r\u00e9cent titre de champions d\u2019Afrique qui leur a donn\u00e9 une grande confiance, ils peuvent aller loin. Ce serait en tout cas super qu\u2019un pays d\u2019Afrique rentre enfin dans le dernier carr\u00e9 d\u2019une Coupe du monde. Imaginez un France-S\u00e9n\u00e9gal en finale, le r\u00eave&#8230;<\/p>\n<p><strong>Quel souvenir gardez-vous de votre Coupe du Monde 2002, o\u00f9 vous atteignez les quarts avec le S\u00e9n\u00e9gal\u00a0?<\/strong><\/p>\n<p>C\u2019est le meilleur souvenir de ma vie de footballeur. Imaginez un peu\u2026 Jamais le S\u00e9n\u00e9gal n\u2019avait particip\u00e9 \u00e0 une Coupe du monde, et l\u00e0, pour la premi\u00e8re, on bat la France championne du monde en titre\u2026 A partir de l\u00e0, on s\u2019est autoris\u00e9 tous les r\u00eaves. Au final, on se fait \u00e9liminer en quart de finale par la Turquie au but en or, mais tr\u00e8s franchement, on pensait qu\u2019on allait la gagner. Quand on rentre au pays, on est en tout cas c\u00e9l\u00e9br\u00e9s comme si on l\u2019avait gagn\u00e9e. Je garde tant de beaux souvenirs de ces moments\u00a0: notre s\u00e9lectionneur Bruno Metsu, son adjoint Jules Bocand\u00e9 (tous deux d\u00e9c\u00e9d\u00e9s depuis, ndlr), des personnes extraordinaires\u2026<\/p>\n<p><strong>Prenez-vous exemple sur un entra\u00eeneur en particulier\u00a0?<\/strong><\/p>\n<p>Pas sur un, mais sur plusieurs. C\u2019est Fabio Capello qui disait\u00a0: \u00ab\u00a0le meilleur des entra\u00eeneurs, c\u2019est le plus grand des voleurs\u00a0\u00bb J\u2019essaie de prendre des choses qui me plaisent chez plein de gens. Chez les plus grands bien s\u00fbr, comme Guardiola et J\u00fcrgen Klopp. Le premier a pour moi r\u00e9volutionn\u00e9 le jeu au sens o\u00f9 il a fait \u00e9voluer des postes qui paraissaient immuables. Et le deuxi\u00e8me a su d\u00e9velopper une intensit\u00e9 de jeu rare. Mais je ne me cantonne pas \u00e0 eux\u00a0: je regarde aussi dans un entourage plus direct, les principes de jeu de Franck Haise (RC Lens), d\u2019Alain Pochat (Bourg-en-Bresse). J\u2019ai toujours \u00e9t\u00e9 un curieux du jeu, d\u00e9j\u00e0 quand j\u2019\u00e9tais joueur. Que ce soit comme entra\u00eeneur ou comme consultant, je regarde toujours le foot avec l\u2019envie d\u2019apprendre quelque chose.\u00a0\u00bb<\/p>\n<p><strong>Et comment percevez-vous votre m\u00e9tier de consultant\u00a0?<\/strong><\/p>\n<p>En g\u00e9n\u00e9ral, quand de jeunes consultants viennent me demander des conseils quand je l\u2019ai fait moi avec Christophe Dugarry, je leur r\u00e9ponds qu\u2019un bon consultant doit prendre des risques et ne pas avoir peur de se tromper. Car on est avant tout l\u00e0 pour anticiper, d\u00e9crypter ce que le t\u00e9l\u00e9spectateur ne voit pas forc\u00e9ment. Evidemment, parfois nos pr\u00e9dictions tombent compl\u00e8tement \u00e0 plat. Prenez PSG-Real en Ligue des Champions l\u2019ann\u00e9e derni\u00e8re. Bien malin celui qui aurait pu dire que Benzema allait renverser le match. C\u2019est toute la beaut\u00e9 et l\u2019irrationnel du foot. Mais si c\u2019est pour dire ce que le t\u00e9l\u00e9spectateur voit d\u00e9j\u00e0, \u00e7a n\u2019a pas d\u2019int\u00e9r\u00eat.<\/p>\n<p>Propos recueillis par Christophe Lehousse<br class=\"autobr\" \/>Photos\u00a0: \u00a9Benoit Lorphelin<br class=\"autobr\" \/>\u00a9Thomas Jobard<\/p>\n","protected":false},"excerpt":{"rendered":"Que repr\u00e9sente le Red Star \u00e0 vos yeux\u00a0? J\u2019ai l\u2019habitude de dire que le Red Star ressemble aux clubs o\u00f9 j\u2019ai \u00e9volu\u00e9 comme joueur. Je suis pass\u00e9 par Strasbourg, club populaire, identifi\u00e9 \u00e0 la r\u00e9gion. A l\u2019OM, pareil, c\u2019est une ville qui respire le foot. Eh bien, l\u2019ambiance du stade Bauer me rappelle ces ambiances&#8230;. <a class=\"view-article\" href=\"https:\/\/seinesaintdenis.fr\/actualite\/sport-loisirs\/Habib-Beye-Le-Red-Star-me-donne-des-emotions\/\">Voir l&rsquo;article<\/a>","protected":false},"author":11,"featured_media":1312,"comment_status":"open","ping_status":"open","sticky":false,"template":"","format":"standard","meta":{"_acf_changed":false,"footnotes":""},"categories":[10],"ville":[],"class_list":["post-1311","post","type-post","status-publish","format-standard","has-post-thumbnail","hentry","category-sport-loisirs"],"acf":[],"yoast_head":"<!-- This site is optimized with the Yoast SEO plugin v27.5 - https:\/\/yoast.com\/product\/yoast-seo-wordpress\/ -->\n<title>Habib Beye\u00a0: \u00ab Le Red Star me donne des \u00e9motions\u00a0\u00bb - Seine-Saint-Denis - L&#039;actualit\u00e9 du d\u00e9partement<\/title>\n<meta name=\"robots\" content=\"index, follow, max-snippet:-1, max-image-preview:large, max-video-preview:-1\" \/>\n<link rel=\"canonical\" href=\"https:\/\/seinesaintdenis.fr\/actualite\/sport-loisirs\/Habib-Beye-Le-Red-Star-me-donne-des-emotions\/\" \/>\n<meta property=\"og:locale\" content=\"fr_FR\" \/>\n<meta property=\"og:type\" content=\"article\" \/>\n<meta property=\"og:title\" content=\"Habib Beye\u00a0: \u00ab Le Red Star me donne des \u00e9motions\u00a0\u00bb - Seine-Saint-Denis - L&#039;actualit\u00e9 du d\u00e9partement\" \/>\n<meta property=\"og:url\" content=\"https:\/\/seinesaintdenis.fr\/actualite\/sport-loisirs\/Habib-Beye-Le-Red-Star-me-donne-des-emotions\/\" \/>\n<meta property=\"og:site_name\" content=\"Seine-Saint-Denis - L&#039;actualit\u00e9 du d\u00e9partement\" \/>\n<meta property=\"article:publisher\" content=\"https:\/\/www.facebook.com\/seinesaintdenisledepartement\" \/>\n<meta property=\"article:published_time\" content=\"2022-11-15T17:03:14+00:00\" \/>\n<meta property=\"article:modified_time\" content=\"2023-05-09T18:48:31+00:00\" \/>\n<meta property=\"og:image\" content=\"https:\/\/seinesaintdenis.fr\/actualite\/wp-content\/uploads\/2023\/04\/1c6c3c9b0b80d6a5cd4a23591ff46c.jpg\" \/>\n\t<meta property=\"og:image:width\" content=\"760\" \/>\n\t<meta property=\"og:image:height\" content=\"411\" \/>\n\t<meta property=\"og:image:type\" content=\"image\/jpeg\" \/>\n<meta name=\"author\" content=\"Christophe Lehousse\" \/>\n<meta name=\"twitter:card\" content=\"summary_large_image\" \/>\n<meta name=\"twitter:creator\" content=\"@seinesaintdenis\" \/>\n<meta name=\"twitter:site\" content=\"@seinesaintdenis\" \/>\n<meta name=\"twitter:label1\" content=\"\u00c9crit par\" \/>\n\t<meta name=\"twitter:data1\" content=\"Christophe Lehousse\" \/>\n\t<meta name=\"twitter:label2\" content=\"Dur\u00e9e de lecture estim\u00e9e\" \/>\n\t<meta name=\"twitter:data2\" content=\"7 minutes\" \/>\n<script type=\"application\/ld+json\" class=\"yoast-schema-graph\">{\"@context\":\"https:\\\/\\\/schema.org\",\"@graph\":[{\"@type\":\"Article\",\"@id\":\"https:\\\/\\\/seinesaintdenis.fr\\\/actualite\\\/sport-loisirs\\\/Habib-Beye-Le-Red-Star-me-donne-des-emotions\\\/#article\",\"isPartOf\":{\"@id\":\"https:\\\/\\\/seinesaintdenis.fr\\\/actualite\\\/sport-loisirs\\\/Habib-Beye-Le-Red-Star-me-donne-des-emotions\\\/\"},\"author\":{\"name\":\"Christophe Lehousse\",\"@id\":\"https:\\\/\\\/seinesaintdenis.fr\\\/actualite\\\/#\\\/schema\\\/person\\\/b61e6c67c4017ad602f792f6b0316027\"},\"headline\":\"Habib Beye\u00a0: \u00ab Le Red Star me donne des \u00e9motions\u00a0\u00bb\",\"datePublished\":\"2022-11-15T17:03:14+00:00\",\"dateModified\":\"2023-05-09T18:48:31+00:00\",\"mainEntityOfPage\":{\"@id\":\"https:\\\/\\\/seinesaintdenis.fr\\\/actualite\\\/sport-loisirs\\\/Habib-Beye-Le-Red-Star-me-donne-des-emotions\\\/\"},\"wordCount\":1394,\"commentCount\":0,\"publisher\":{\"@id\":\"https:\\\/\\\/seinesaintdenis.fr\\\/actualite\\\/#organization\"},\"image\":{\"@id\":\"https:\\\/\\\/seinesaintdenis.fr\\\/actualite\\\/sport-loisirs\\\/Habib-Beye-Le-Red-Star-me-donne-des-emotions\\\/#primaryimage\"},\"thumbnailUrl\":\"https:\\\/\\\/seinesaintdenis.fr\\\/actualite\\\/wp-content\\\/uploads\\\/2023\\\/04\\\/1c6c3c9b0b80d6a5cd4a23591ff46c.jpg\",\"articleSection\":[\"Sport &amp; Loisirs\"],\"inLanguage\":\"fr-FR\",\"potentialAction\":[{\"@type\":\"CommentAction\",\"name\":\"Comment\",\"target\":[\"https:\\\/\\\/seinesaintdenis.fr\\\/actualite\\\/sport-loisirs\\\/Habib-Beye-Le-Red-Star-me-donne-des-emotions\\\/#respond\"]}]},{\"@type\":\"WebPage\",\"@id\":\"https:\\\/\\\/seinesaintdenis.fr\\\/actualite\\\/sport-loisirs\\\/Habib-Beye-Le-Red-Star-me-donne-des-emotions\\\/\",\"url\":\"https:\\\/\\\/seinesaintdenis.fr\\\/actualite\\\/sport-loisirs\\\/Habib-Beye-Le-Red-Star-me-donne-des-emotions\\\/\",\"name\":\"Habib Beye\u00a0: \u00ab Le Red Star me donne des \u00e9motions\u00a0\u00bb - Seine-Saint-Denis - L&#039;actualit\u00e9 du d\u00e9partement\",\"isPartOf\":{\"@id\":\"https:\\\/\\\/seinesaintdenis.fr\\\/actualite\\\/#website\"},\"primaryImageOfPage\":{\"@id\":\"https:\\\/\\\/seinesaintdenis.fr\\\/actualite\\\/sport-loisirs\\\/Habib-Beye-Le-Red-Star-me-donne-des-emotions\\\/#primaryimage\"},\"image\":{\"@id\":\"https:\\\/\\\/seinesaintdenis.fr\\\/actualite\\\/sport-loisirs\\\/Habib-Beye-Le-Red-Star-me-donne-des-emotions\\\/#primaryimage\"},\"thumbnailUrl\":\"https:\\\/\\\/seinesaintdenis.fr\\\/actualite\\\/wp-content\\\/uploads\\\/2023\\\/04\\\/1c6c3c9b0b80d6a5cd4a23591ff46c.jpg\",\"datePublished\":\"2022-11-15T17:03:14+00:00\",\"dateModified\":\"2023-05-09T18:48:31+00:00\",\"breadcrumb\":{\"@id\":\"https:\\\/\\\/seinesaintdenis.fr\\\/actualite\\\/sport-loisirs\\\/Habib-Beye-Le-Red-Star-me-donne-des-emotions\\\/#breadcrumb\"},\"inLanguage\":\"fr-FR\",\"potentialAction\":[{\"@type\":\"ReadAction\",\"target\":[\"https:\\\/\\\/seinesaintdenis.fr\\\/actualite\\\/sport-loisirs\\\/Habib-Beye-Le-Red-Star-me-donne-des-emotions\\\/\"]}]},{\"@type\":\"ImageObject\",\"inLanguage\":\"fr-FR\",\"@id\":\"https:\\\/\\\/seinesaintdenis.fr\\\/actualite\\\/sport-loisirs\\\/Habib-Beye-Le-Red-Star-me-donne-des-emotions\\\/#primaryimage\",\"url\":\"https:\\\/\\\/seinesaintdenis.fr\\\/actualite\\\/wp-content\\\/uploads\\\/2023\\\/04\\\/1c6c3c9b0b80d6a5cd4a23591ff46c.jpg\",\"contentUrl\":\"https:\\\/\\\/seinesaintdenis.fr\\\/actualite\\\/wp-content\\\/uploads\\\/2023\\\/04\\\/1c6c3c9b0b80d6a5cd4a23591ff46c.jpg\",\"width\":760,\"height\":411},{\"@type\":\"BreadcrumbList\",\"@id\":\"https:\\\/\\\/seinesaintdenis.fr\\\/actualite\\\/sport-loisirs\\\/Habib-Beye-Le-Red-Star-me-donne-des-emotions\\\/#breadcrumb\",\"itemListElement\":[{\"@type\":\"ListItem\",\"position\":1,\"name\":\"Accueil\",\"item\":\"https:\\\/\\\/seinesaintdenis.fr\\\/actualite\\\/\"},{\"@type\":\"ListItem\",\"position\":2,\"name\":\"Sport &amp; Loisirs\",\"item\":\"https:\\\/\\\/seinesaintdenis.fr\\\/actualite\\\/sport-loisirs\\\/\"},{\"@type\":\"ListItem\",\"position\":3,\"name\":\"Habib Beye\u00a0: \u00ab Le Red Star me donne des \u00e9motions\u00a0\u00bb\"}]},{\"@type\":\"WebSite\",\"@id\":\"https:\\\/\\\/seinesaintdenis.fr\\\/actualite\\\/#website\",\"url\":\"https:\\\/\\\/seinesaintdenis.fr\\\/actualite\\\/\",\"name\":\"Seine-Saint-Denis - L'actualit\u00e9 du d\u00e9partement\",\"description\":\"L&#039;actualit\u00e9 du D\u00e9partement de la Seine-Saint-Denis\",\"publisher\":{\"@id\":\"https:\\\/\\\/seinesaintdenis.fr\\\/actualite\\\/#organization\"},\"potentialAction\":[{\"@type\":\"SearchAction\",\"target\":{\"@type\":\"EntryPoint\",\"urlTemplate\":\"https:\\\/\\\/seinesaintdenis.fr\\\/actualite\\\/?s={search_term_string}\"},\"query-input\":{\"@type\":\"PropertyValueSpecification\",\"valueRequired\":true,\"valueName\":\"search_term_string\"}}],\"inLanguage\":\"fr-FR\"},{\"@type\":\"Organization\",\"@id\":\"https:\\\/\\\/seinesaintdenis.fr\\\/actualite\\\/#organization\",\"name\":\"Seine-Saint-Denis - Le D\u00e9partement\",\"url\":\"https:\\\/\\\/seinesaintdenis.fr\\\/actualite\\\/\",\"logo\":{\"@type\":\"ImageObject\",\"inLanguage\":\"fr-FR\",\"@id\":\"https:\\\/\\\/seinesaintdenis.fr\\\/actualite\\\/#\\\/schema\\\/logo\\\/image\\\/\",\"url\":\"https:\\\/\\\/seinesaintdenis.fr\\\/actualite\\\/wp-content\\\/uploads\\\/2024\\\/08\\\/logo.png\",\"contentUrl\":\"https:\\\/\\\/seinesaintdenis.fr\\\/actualite\\\/wp-content\\\/uploads\\\/2024\\\/08\\\/logo.png\",\"width\":567,\"height\":172,\"caption\":\"Seine-Saint-Denis - Le D\u00e9partement\"},\"image\":{\"@id\":\"https:\\\/\\\/seinesaintdenis.fr\\\/actualite\\\/#\\\/schema\\\/logo\\\/image\\\/\"},\"sameAs\":[\"https:\\\/\\\/www.facebook.com\\\/seinesaintdenisledepartement\",\"https:\\\/\\\/x.com\\\/seinesaintdenis\",\"https:\\\/\\\/www.linkedin.com\\\/company\\\/seinesaintdenis\",\"https:\\\/\\\/www.instagram.com\\\/seine_saint_denis\\\/\",\"https:\\\/\\\/www.youtube.com\\\/channel\\\/UCR5YF9NnqiLCbnrKQgLUcIw\"]},{\"@type\":\"Person\",\"@id\":\"https:\\\/\\\/seinesaintdenis.fr\\\/actualite\\\/#\\\/schema\\\/person\\\/b61e6c67c4017ad602f792f6b0316027\",\"name\":\"Christophe Lehousse\",\"image\":{\"@type\":\"ImageObject\",\"inLanguage\":\"fr-FR\",\"@id\":\"https:\\\/\\\/secure.gravatar.com\\\/avatar\\\/474edaa980596bb8db66ecdbeb112f6442d5101a28bcd14acfd38a987868abd8?s=96&d=mm&r=g\",\"url\":\"https:\\\/\\\/secure.gravatar.com\\\/avatar\\\/474edaa980596bb8db66ecdbeb112f6442d5101a28bcd14acfd38a987868abd8?s=96&d=mm&r=g\",\"contentUrl\":\"https:\\\/\\\/secure.gravatar.com\\\/avatar\\\/474edaa980596bb8db66ecdbeb112f6442d5101a28bcd14acfd38a987868abd8?s=96&d=mm&r=g\",\"caption\":\"Christophe Lehousse\"},\"url\":\"https:\\\/\\\/seinesaintdenis.fr\\\/actualite\\\/author\\\/clehousse\\\/\"}]}<\/script>\n<!-- \/ Yoast SEO plugin. -->","yoast_head_json":{"title":"Habib Beye\u00a0: \u00ab Le Red Star me donne des \u00e9motions\u00a0\u00bb - Seine-Saint-Denis - L&#039;actualit\u00e9 du d\u00e9partement","robots":{"index":"index","follow":"follow","max-snippet":"max-snippet:-1","max-image-preview":"max-image-preview:large","max-video-preview":"max-video-preview:-1"},"canonical":"https:\/\/seinesaintdenis.fr\/actualite\/sport-loisirs\/Habib-Beye-Le-Red-Star-me-donne-des-emotions\/","og_locale":"fr_FR","og_type":"article","og_title":"Habib Beye\u00a0: \u00ab Le Red Star me donne des \u00e9motions\u00a0\u00bb - Seine-Saint-Denis - L&#039;actualit\u00e9 du d\u00e9partement","og_url":"https:\/\/seinesaintdenis.fr\/actualite\/sport-loisirs\/Habib-Beye-Le-Red-Star-me-donne-des-emotions\/","og_site_name":"Seine-Saint-Denis - L&#039;actualit\u00e9 du d\u00e9partement","article_publisher":"https:\/\/www.facebook.com\/seinesaintdenisledepartement","article_published_time":"2022-11-15T17:03:14+00:00","article_modified_time":"2023-05-09T18:48:31+00:00","og_image":[{"width":760,"height":411,"url":"https:\/\/seinesaintdenis.fr\/actualite\/wp-content\/uploads\/2023\/04\/1c6c3c9b0b80d6a5cd4a23591ff46c.jpg","type":"image\/jpeg"}],"author":"Christophe Lehousse","twitter_card":"summary_large_image","twitter_creator":"@seinesaintdenis","twitter_site":"@seinesaintdenis","twitter_misc":{"\u00c9crit par":"Christophe Lehousse","Dur\u00e9e de lecture estim\u00e9e":"7 minutes"},"schema":{"@context":"https:\/\/schema.org","@graph":[{"@type":"Article","@id":"https:\/\/seinesaintdenis.fr\/actualite\/sport-loisirs\/Habib-Beye-Le-Red-Star-me-donne-des-emotions\/#article","isPartOf":{"@id":"https:\/\/seinesaintdenis.fr\/actualite\/sport-loisirs\/Habib-Beye-Le-Red-Star-me-donne-des-emotions\/"},"author":{"name":"Christophe Lehousse","@id":"https:\/\/seinesaintdenis.fr\/actualite\/#\/schema\/person\/b61e6c67c4017ad602f792f6b0316027"},"headline":"Habib Beye\u00a0: \u00ab Le Red Star me donne des \u00e9motions\u00a0\u00bb","datePublished":"2022-11-15T17:03:14+00:00","dateModified":"2023-05-09T18:48:31+00:00","mainEntityOfPage":{"@id":"https:\/\/seinesaintdenis.fr\/actualite\/sport-loisirs\/Habib-Beye-Le-Red-Star-me-donne-des-emotions\/"},"wordCount":1394,"commentCount":0,"publisher":{"@id":"https:\/\/seinesaintdenis.fr\/actualite\/#organization"},"image":{"@id":"https:\/\/seinesaintdenis.fr\/actualite\/sport-loisirs\/Habib-Beye-Le-Red-Star-me-donne-des-emotions\/#primaryimage"},"thumbnailUrl":"https:\/\/seinesaintdenis.fr\/actualite\/wp-content\/uploads\/2023\/04\/1c6c3c9b0b80d6a5cd4a23591ff46c.jpg","articleSection":["Sport &amp; Loisirs"],"inLanguage":"fr-FR","potentialAction":[{"@type":"CommentAction","name":"Comment","target":["https:\/\/seinesaintdenis.fr\/actualite\/sport-loisirs\/Habib-Beye-Le-Red-Star-me-donne-des-emotions\/#respond"]}]},{"@type":"WebPage","@id":"https:\/\/seinesaintdenis.fr\/actualite\/sport-loisirs\/Habib-Beye-Le-Red-Star-me-donne-des-emotions\/","url":"https:\/\/seinesaintdenis.fr\/actualite\/sport-loisirs\/Habib-Beye-Le-Red-Star-me-donne-des-emotions\/","name":"Habib Beye\u00a0: \u00ab Le Red Star me donne des \u00e9motions\u00a0\u00bb - Seine-Saint-Denis - L&#039;actualit\u00e9 du d\u00e9partement","isPartOf":{"@id":"https:\/\/seinesaintdenis.fr\/actualite\/#website"},"primaryImageOfPage":{"@id":"https:\/\/seinesaintdenis.fr\/actualite\/sport-loisirs\/Habib-Beye-Le-Red-Star-me-donne-des-emotions\/#primaryimage"},"image":{"@id":"https:\/\/seinesaintdenis.fr\/actualite\/sport-loisirs\/Habib-Beye-Le-Red-Star-me-donne-des-emotions\/#primaryimage"},"thumbnailUrl":"https:\/\/seinesaintdenis.fr\/actualite\/wp-content\/uploads\/2023\/04\/1c6c3c9b0b80d6a5cd4a23591ff46c.jpg","datePublished":"2022-11-15T17:03:14+00:00","dateModified":"2023-05-09T18:48:31+00:00","breadcrumb":{"@id":"https:\/\/seinesaintdenis.fr\/actualite\/sport-loisirs\/Habib-Beye-Le-Red-Star-me-donne-des-emotions\/#breadcrumb"},"inLanguage":"fr-FR","potentialAction":[{"@type":"ReadAction","target":["https:\/\/seinesaintdenis.fr\/actualite\/sport-loisirs\/Habib-Beye-Le-Red-Star-me-donne-des-emotions\/"]}]},{"@type":"ImageObject","inLanguage":"fr-FR","@id":"https:\/\/seinesaintdenis.fr\/actualite\/sport-loisirs\/Habib-Beye-Le-Red-Star-me-donne-des-emotions\/#primaryimage","url":"https:\/\/seinesaintdenis.fr\/actualite\/wp-content\/uploads\/2023\/04\/1c6c3c9b0b80d6a5cd4a23591ff46c.jpg","contentUrl":"https:\/\/seinesaintdenis.fr\/actualite\/wp-content\/uploads\/2023\/04\/1c6c3c9b0b80d6a5cd4a23591ff46c.jpg","width":760,"height":411},{"@type":"BreadcrumbList","@id":"https:\/\/seinesaintdenis.fr\/actualite\/sport-loisirs\/Habib-Beye-Le-Red-Star-me-donne-des-emotions\/#breadcrumb","itemListElement":[{"@type":"ListItem","position":1,"name":"Accueil","item":"https:\/\/seinesaintdenis.fr\/actualite\/"},{"@type":"ListItem","position":2,"name":"Sport &amp; Loisirs","item":"https:\/\/seinesaintdenis.fr\/actualite\/sport-loisirs\/"},{"@type":"ListItem","position":3,"name":"Habib Beye\u00a0: \u00ab Le Red Star me donne des \u00e9motions\u00a0\u00bb"}]},{"@type":"WebSite","@id":"https:\/\/seinesaintdenis.fr\/actualite\/#website","url":"https:\/\/seinesaintdenis.fr\/actualite\/","name":"Seine-Saint-Denis - L'actualit\u00e9 du d\u00e9partement","description":"L&#039;actualit\u00e9 du D\u00e9partement de la Seine-Saint-Denis","publisher":{"@id":"https:\/\/seinesaintdenis.fr\/actualite\/#organization"},"potentialAction":[{"@type":"SearchAction","target":{"@type":"EntryPoint","urlTemplate":"https:\/\/seinesaintdenis.fr\/actualite\/?s={search_term_string}"},"query-input":{"@type":"PropertyValueSpecification","valueRequired":true,"valueName":"search_term_string"}}],"inLanguage":"fr-FR"},{"@type":"Organization","@id":"https:\/\/seinesaintdenis.fr\/actualite\/#organization","name":"Seine-Saint-Denis - Le D\u00e9partement","url":"https:\/\/seinesaintdenis.fr\/actualite\/","logo":{"@type":"ImageObject","inLanguage":"fr-FR","@id":"https:\/\/seinesaintdenis.fr\/actualite\/#\/schema\/logo\/image\/","url":"https:\/\/seinesaintdenis.fr\/actualite\/wp-content\/uploads\/2024\/08\/logo.png","contentUrl":"https:\/\/seinesaintdenis.fr\/actualite\/wp-content\/uploads\/2024\/08\/logo.png","width":567,"height":172,"caption":"Seine-Saint-Denis - Le D\u00e9partement"},"image":{"@id":"https:\/\/seinesaintdenis.fr\/actualite\/#\/schema\/logo\/image\/"},"sameAs":["https:\/\/www.facebook.com\/seinesaintdenisledepartement","https:\/\/x.com\/seinesaintdenis","https:\/\/www.linkedin.com\/company\/seinesaintdenis","https:\/\/www.instagram.com\/seine_saint_denis\/","https:\/\/www.youtube.com\/channel\/UCR5YF9NnqiLCbnrKQgLUcIw"]},{"@type":"Person","@id":"https:\/\/seinesaintdenis.fr\/actualite\/#\/schema\/person\/b61e6c67c4017ad602f792f6b0316027","name":"Christophe Lehousse","image":{"@type":"ImageObject","inLanguage":"fr-FR","@id":"https:\/\/secure.gravatar.com\/avatar\/474edaa980596bb8db66ecdbeb112f6442d5101a28bcd14acfd38a987868abd8?s=96&d=mm&r=g","url":"https:\/\/secure.gravatar.com\/avatar\/474edaa980596bb8db66ecdbeb112f6442d5101a28bcd14acfd38a987868abd8?s=96&d=mm&r=g","contentUrl":"https:\/\/secure.gravatar.com\/avatar\/474edaa980596bb8db66ecdbeb112f6442d5101a28bcd14acfd38a987868abd8?s=96&d=mm&r=g","caption":"Christophe Lehousse"},"url":"https:\/\/seinesaintdenis.fr\/actualite\/author\/clehousse\/"}]}},"_links":{"self":[{"href":"https:\/\/seinesaintdenis.fr\/actualite\/wp-json\/wp\/v2\/posts\/1311","targetHints":{"allow":["GET"]}}],"collection":[{"href":"https:\/\/seinesaintdenis.fr\/actualite\/wp-json\/wp\/v2\/posts"}],"about":[{"href":"https:\/\/seinesaintdenis.fr\/actualite\/wp-json\/wp\/v2\/types\/post"}],"author":[{"embeddable":true,"href":"https:\/\/seinesaintdenis.fr\/actualite\/wp-json\/wp\/v2\/users\/11"}],"replies":[{"embeddable":true,"href":"https:\/\/seinesaintdenis.fr\/actualite\/wp-json\/wp\/v2\/comments?post=1311"}],"version-history":[{"count":2,"href":"https:\/\/seinesaintdenis.fr\/actualite\/wp-json\/wp\/v2\/posts\/1311\/revisions"}],"predecessor-version":[{"id":1939,"href":"https:\/\/seinesaintdenis.fr\/actualite\/wp-json\/wp\/v2\/posts\/1311\/revisions\/1939"}],"wp:featuredmedia":[{"embeddable":true,"href":"https:\/\/seinesaintdenis.fr\/actualite\/wp-json\/wp\/v2\/media\/1312"}],"wp:attachment":[{"href":"https:\/\/seinesaintdenis.fr\/actualite\/wp-json\/wp\/v2\/media?parent=1311"}],"wp:term":[{"taxonomy":"category","embeddable":true,"href":"https:\/\/seinesaintdenis.fr\/actualite\/wp-json\/wp\/v2\/categories?post=1311"},{"taxonomy":"ville","embeddable":true,"href":"https:\/\/seinesaintdenis.fr\/actualite\/wp-json\/wp\/v2\/ville?post=1311"}],"curies":[{"name":"wp","href":"https:\/\/api.w.org\/{rel}","templated":true}]}}