{"id":1307,"date":"2022-11-16T10:25:47","date_gmt":"2022-11-16T10:25:47","guid":{"rendered":"https:\/\/seinesaintdenis.fr\/actualite\/uncategorized\/Lili-de-la-nuit-a-l-aube-un-appel-a-l-art-et-a-l-amitie\/"},"modified":"2024-11-24T18:31:44","modified_gmt":"2024-11-24T17:31:44","slug":"Lili-de-la-nuit-a-l-aube-un-appel-a-l-art-et-a-l-amitie","status":"publish","type":"post","link":"https:\/\/seinesaintdenis.fr\/actualite\/culture-patrimoine\/Lili-de-la-nuit-a-l-aube-un-appel-a-l-art-et-a-l-amitie\/","title":{"rendered":"Lili, de la nuit \u00e0 l\u2019aube : un appel \u00e0 l\u2019art et \u00e0 l\u2019amiti\u00e9"},"content":{"rendered":"<p>Une chambre, deux adolescent\u2219e\u2219s, une guitare et un concert qui s\u2019improvise. D\u00e8s le lever de rideau, \u00ab\u00a0Lili, de la nuit \u00e0 l\u2019aube\u00a0\u00bb nous plonge dans le c\u0153ur de son sujet\u00a0: l\u2019amiti\u00e9 et l\u2019art. L\u2019action de cette pi\u00e8ce, \u00e9crite pour les 8-12 ans, se d\u00e9roule en 2026. H\u00e9ro\u00efne invisible de l\u2019histoire, Lili, 6 ans, refuse de sortir de sa chambre. Sa grande s\u0153ur Kat et son meilleur ami Georges vont alors improviser un spectacle autour de son ann\u00e9e de naissance, celle du premier confinement. Entre r\u00e9cits et flash-back, les jeunes gens vont retraverser cette p\u00e9riode, ses \u00e9tranget\u00e9s, ses inqui\u00e9tudes, ses \u00e9lans cr\u00e9atifs aussi, et les liens qui se sont resserr\u00e9s entre eux.<\/p>\n<p>L\u2019id\u00e9e de la pi\u00e8ce est venue \u00e0 Lola Molina, son autrice, de \u00ab\u00a0<i>l\u2019impression que le confinement, qui avait \u00e9t\u00e9 si marquant, s\u2019\u00e9chappait tr\u00e8s vite, comme un souvenir qu\u2019on voulait effacer<\/i>\u00a0\u00bb. \u00ab\u00a0<i>Je le comprenais bien mais cela m\u2019interpelait, <\/i> ajoute-t-elle. <i>Les choses peuvent cependant r\u00e9sonner longtemps apr\u00e8s et c\u2019est le r\u00f4le de la fiction aussi de retraverser ses moments. <\/i>\u00a0\u00bb Ce n\u2019est cependant pas tant du confinement dont il est question dans la pi\u00e8ce que de ce qui a permis aux adolescent\u2219e\u2219s d\u2019y faire face\u00a0: leur amiti\u00e9, la musique et la danse, qui ont \u00e9t\u00e9 \u00ab\u00a0<i>une \u00e9chappatoire, un amusement, un plaisir, une source de r\u00e9flexion<\/i>\u00a0\u00bb. Et c\u2019est aussi ce qui va permettre \u00e0 la petite Lili de retrouver le chemin vers l\u2019ext\u00e9rieur.<\/p>\n<figure class=\"spip_document_16259 spip_documents spip_documents_center media media_image media_image_jpg\"><img loading=\"lazy\" decoding=\"async\" src=\"IMG\/jpg\/lili1.jpg\" alt=\"JPEG - 57.4 ko\" width=\"760\" height=\"412\" \/><\/figure>\n<p>@ Yohann Cordelle<\/p>\n<h3 class=\"spip\">\u00ab\u00a0Cr\u00e9er des mondes \u00e0 nous\u00a0\u00bb<\/h3>\n<p>Selon les mots de son autrice, la pi\u00e8ce constitue ainsi un v\u00e9ritable \u00ab\u00a0<i>appel \u00e0 l\u2019art et \u00e0 l\u2019amiti\u00e9<\/i>\u00a0\u00bb, \u00ab\u00a0<i>une fa\u00e7on de dire\u00a0: ne nous enfermons pas, ne restons pas chez nous. Attention \u00e0 cette impression de confort. Le monde ext\u00e9rieur est riche<\/i>\u00a0\u00bb. C\u2019est d\u2019ailleurs ce qui a tout de suite plu \u00e0 la metteuse en sc\u00e8ne, Sandrine Nicolas. \u00ab\u00a0<i>Ce qui m\u2019a s\u00e9duite<\/i>, avoue-t-elle, <i>c\u2019est la complicit\u00e9 entre Kat et Georges et l\u2019id\u00e9e que, ensemble, on peut cr\u00e9er des mondes \u00e0 nous, qui peuvent nous permettre de passer des p\u00e9riodes difficiles.<\/i>\u00a0\u00bb<\/p>\n<p>Pour les retranscrire sur sc\u00e8ne, mais aussi permettre aux spectateurs de comprendre les diff\u00e9rentes temporalit\u00e9s de la pi\u00e8ce et d\u2019entrer dans l\u2019univers int\u00e9rieur de Lili, elle a fait appel \u00e0 d\u2019autres disciplines comme la musique, du compositeur Th\u00e9o Girard, et l\u2019animation, avec un film r\u00e9alis\u00e9 par Linda Arzouni \u00e0 partir des dessins de Kimiko Kitamura. Loin de simples accessoires, ces apports cr\u00e9ent d\u2019autres dimensions, d\u2019autres espaces. \u00ab\u00a0<i>La musique notamment, <\/i> d\u00e9fend Sandrine Nicolas, <i>permet de r\u00e9v\u00e9ler des vibrations qui nous plongent dans l\u2019intimit\u00e9 du texte. Elle apporte une sensation suppl\u00e9mentaire, comme la vid\u00e9o.<\/i>\u00a0\u00bb<\/p>\n<figure class=\"spip_document_16257 spip_documents spip_documents_center media media_image media_image_jpg\"><img loading=\"lazy\" decoding=\"async\" src=\"IMG\/jpg\/lili2.jpg\" alt=\"JPEG - 94.1 ko\" width=\"760\" height=\"412\" \/><\/figure>\n<p>@ Yohann Cordelle<\/p>\n<h3 class=\"spip\">Une coproduction porteuse d\u2019une d\u00e9marche globale<\/h3>\n<p>La pi\u00e8ce a vu le jour gr\u00e2ce au R\u00e9seau \u00ab\u00a0\u00e9criture et cr\u00e9ation th\u00e9\u00e2trales jeune public en Seine-Saint-Denis\u00a0\u00bb, initi\u00e9 par le Conseil d\u00e9partemental il y a pr\u00e8s de 14 ans et qui compte aujourd\u2019hui sept th\u00e9\u00e2tres partenaires. \u00ab\u00a0<i>Le dispositif est n\u00e9 du constat que peu de propositions jeune public existaient. Depuis, tous les deux ou trois ans, un projet d\u2019\u00e9criture est soutenu, puis mis en sc\u00e8ne l\u2019ann\u00e9e suivante et enfin diffus\u00e9. Les artistes sont aussi accueillis en r\u00e9sidence une semaine dans chaque th\u00e9\u00e2tre<\/i>\u00a0\u00bb, explique G\u00e9raldine Diarra-Pierson, charg\u00e9e de projet spectacle vivant petite enfance et jeune public au D\u00e9partement. Une d\u00e9marche globale donc, que Sandrine Nicolas a appr\u00e9ci\u00e9e. Selon elle, \u00ab\u00a0<i>c\u2019est une grande chance que le r\u00e9seau offre d\u2019embl\u00e9e une production, avec sept coproducteurs en plus de la subvention du D\u00e9partement. Le spectacle a aussi une premi\u00e8re tourn\u00e9e d\u2019assurer. C\u2019est assez rare et tr\u00e8s confortable<\/i>\u00a0\u00bb.<\/p>\n<h3 class=\"spip\">Des enfants attentifs<\/h3>\n<p>\u00ab\u00a0Lili, de la nuit \u00e0 l\u2019aube\u00a0\u00bb sera ainsi jou\u00e9 21 fois entre novembre et f\u00e9vrier, avec 14 dates \u00e0 destination du public scolaire. Et pour aller au bout des choses, ce dernier b\u00e9n\u00e9ficie d\u2019actions de m\u00e9diation afin de sensibiliser les \u00e9l\u00e8ves \u00e0 l\u2019\u00e9criture th\u00e9\u00e2trale contemporaine, rencontrer les artistes, cr\u00e9er \u00e0 leur tour ou faciliter la compr\u00e9hension du spectacle. Au vu du succ\u00e8s rencontr\u00e9 par les premi\u00e8res repr\u00e9sentations \u00e0 Houdremont-Centre culturel (La Courneuve) au d\u00e9but du mois, ce dernier point ne semble cependant pas indispensable. \u00ab\u00a0<i>Les enfants \u00e9taient tr\u00e8s attentifs et chaleureux. Il y a m\u00eame eu des rappels, ce qui est assez rare dans les repr\u00e9sentations scolaires <\/i>\u00a0\u00bb, raconte avec plaisir Sandrine Nicolas.<\/p>\n<figure class=\"spip_document_16258 spip_documents spip_documents_center media media_image media_image_jpg\"><img loading=\"lazy\" decoding=\"async\" src=\"IMG\/jpg\/lili3.jpg\" alt=\"JPEG - 43.4 ko\" width=\"760\" height=\"412\" \/><\/figure>\n<p>@ Yohann Cordelle<\/p>\n<p>Lors d\u2019un bord de plateau, les questions ont aussi fus\u00e9, notamment en direction des deux formidables com\u00e9dien\u2219ne\u2219s, Ad\u00e8le Bachet et Blaise Afonso, sur la fa\u00e7on dont il\u2219elle avaient appris la musique et la danse. \u00ab\u00a0<i>Cela montre que c\u2019est important pour eux, <\/i> se r\u00e9jouit Sandrine Nicolas. <i>Blaise et Ad\u00e8le leur ont r\u00e9pondu \u00ab\u00a0dans ma chambre\u00a0\u00bb. Les enfants, entendant \u00e7a, se disent que c\u2019est \u00e0 leur port\u00e9e. <\/i>\u00a0\u00bb De quoi donner un peu plus de force encore \u00e0 l\u2019appel \u00e0 l\u2019art de Lola Molina.<\/p>\n<div class=\"texteencadre-spip spip\">\n<h5 class=\"spip\">Les dates restantes des repr\u00e9sentations publiques\u00a0:<\/h5>\n<p>En f\u00e9vrier<\/p>\n<p><img loading=\"lazy\" decoding=\"async\" class=\"puce\" src=\"squelettes-dist\/puce.gif\" alt=\"-\" width=\"8\" height=\"11\" \/>\u00a0samedi 11 \u00e0 11h au <a class=\"spip_out\" href=\"https:\/\/www.rosnysousbois.fr\/minformer-sur-ma-ville\/mes-loisirs\/culture\/theatre-cinema-georges-simenon\/\" rel=\"external\">Th\u00e9\u00e2tre et Cin\u00e9ma Georges Simenon<\/a> | Rosny-sous-Bois (93)<\/p>\n<\/div>\n","protected":false},"excerpt":{"rendered":"Une chambre, deux adolescent\u2219e\u2219s, une guitare et un concert qui s\u2019improvise. D\u00e8s le lever de rideau, \u00ab\u00a0Lili, de la nuit \u00e0 l\u2019aube\u00a0\u00bb nous plonge dans le c\u0153ur de son sujet\u00a0: l\u2019amiti\u00e9 et l\u2019art. L\u2019action de cette pi\u00e8ce, \u00e9crite pour les 8-12 ans, se d\u00e9roule en 2026. H\u00e9ro\u00efne invisible de l\u2019histoire, Lili, 6 ans, refuse de&#8230; <a class=\"view-article\" href=\"https:\/\/seinesaintdenis.fr\/actualite\/culture-patrimoine\/Lili-de-la-nuit-a-l-aube-un-appel-a-l-art-et-a-l-amitie\/\">Voir l&rsquo;article<\/a>","protected":false},"author":23,"featured_media":1308,"comment_status":"open","ping_status":"open","sticky":false,"template":"","format":"standard","meta":{"_acf_changed":false,"footnotes":""},"categories":[9],"ville":[68],"class_list":["post-1307","post","type-post","status-publish","format-standard","has-post-thumbnail","hentry","category-culture-patrimoine"],"acf":[],"yoast_head":"<!-- This site is optimized with the Yoast SEO plugin v27.5 - https:\/\/yoast.com\/product\/yoast-seo-wordpress\/ -->\n<title>Lili, de la nuit \u00e0 l\u2019aube : un appel \u00e0 l\u2019art et \u00e0 l\u2019amiti\u00e9 - Seine-Saint-Denis - L&#039;actualit\u00e9 du d\u00e9partement<\/title>\n<meta name=\"robots\" content=\"index, follow, max-snippet:-1, max-image-preview:large, max-video-preview:-1\" \/>\n<link rel=\"canonical\" href=\"https:\/\/seinesaintdenis.fr\/actualite\/culture-patrimoine\/Lili-de-la-nuit-a-l-aube-un-appel-a-l-art-et-a-l-amitie\/\" \/>\n<meta property=\"og:locale\" content=\"fr_FR\" \/>\n<meta property=\"og:type\" content=\"article\" \/>\n<meta property=\"og:title\" content=\"Lili, de la nuit \u00e0 l\u2019aube : un appel \u00e0 l\u2019art et \u00e0 l\u2019amiti\u00e9 - Seine-Saint-Denis - L&#039;actualit\u00e9 du d\u00e9partement\" \/>\n<meta property=\"og:url\" content=\"https:\/\/seinesaintdenis.fr\/actualite\/culture-patrimoine\/Lili-de-la-nuit-a-l-aube-un-appel-a-l-art-et-a-l-amitie\/\" \/>\n<meta property=\"og:site_name\" content=\"Seine-Saint-Denis - L&#039;actualit\u00e9 du d\u00e9partement\" \/>\n<meta property=\"article:publisher\" content=\"https:\/\/www.facebook.com\/seinesaintdenisledepartement\" \/>\n<meta property=\"article:published_time\" content=\"2022-11-16T10:25:47+00:00\" \/>\n<meta property=\"article:modified_time\" content=\"2024-11-24T17:31:44+00:00\" \/>\n<meta property=\"og:image\" content=\"https:\/\/seinesaintdenis.fr\/actualite\/wp-content\/uploads\/2023\/04\/5b8d2a08427604ce7856713313079c.jpg\" \/>\n\t<meta property=\"og:image:width\" content=\"760\" \/>\n\t<meta property=\"og:image:height\" content=\"411\" \/>\n\t<meta property=\"og:image:type\" content=\"image\/jpeg\" \/>\n<meta name=\"author\" content=\"St\u00e9phanie Coye\" \/>\n<meta name=\"twitter:card\" content=\"summary_large_image\" \/>\n<meta name=\"twitter:creator\" content=\"@seinesaintdenis\" \/>\n<meta name=\"twitter:site\" content=\"@seinesaintdenis\" \/>\n<meta name=\"twitter:label1\" content=\"\u00c9crit par\" \/>\n\t<meta name=\"twitter:data1\" content=\"St\u00e9phanie Coye\" \/>\n\t<meta name=\"twitter:label2\" content=\"Dur\u00e9e de lecture estim\u00e9e\" \/>\n\t<meta name=\"twitter:data2\" content=\"6 minutes\" \/>\n<script type=\"application\/ld+json\" class=\"yoast-schema-graph\">{\"@context\":\"https:\\\/\\\/schema.org\",\"@graph\":[{\"@type\":\"Article\",\"@id\":\"https:\\\/\\\/seinesaintdenis.fr\\\/actualite\\\/culture-patrimoine\\\/Lili-de-la-nuit-a-l-aube-un-appel-a-l-art-et-a-l-amitie\\\/#article\",\"isPartOf\":{\"@id\":\"https:\\\/\\\/seinesaintdenis.fr\\\/actualite\\\/culture-patrimoine\\\/Lili-de-la-nuit-a-l-aube-un-appel-a-l-art-et-a-l-amitie\\\/\"},\"author\":{\"name\":\"St\u00e9phanie Coye\",\"@id\":\"https:\\\/\\\/seinesaintdenis.fr\\\/actualite\\\/#\\\/schema\\\/person\\\/0c3f88df1cfabda200637fe9a6d17da3\"},\"headline\":\"Lili, de la nuit \u00e0 l\u2019aube : un appel \u00e0 l\u2019art et \u00e0 l\u2019amiti\u00e9\",\"datePublished\":\"2022-11-16T10:25:47+00:00\",\"dateModified\":\"2024-11-24T17:31:44+00:00\",\"mainEntityOfPage\":{\"@id\":\"https:\\\/\\\/seinesaintdenis.fr\\\/actualite\\\/culture-patrimoine\\\/Lili-de-la-nuit-a-l-aube-un-appel-a-l-art-et-a-l-amitie\\\/\"},\"wordCount\":924,\"commentCount\":0,\"publisher\":{\"@id\":\"https:\\\/\\\/seinesaintdenis.fr\\\/actualite\\\/#organization\"},\"image\":{\"@id\":\"https:\\\/\\\/seinesaintdenis.fr\\\/actualite\\\/culture-patrimoine\\\/Lili-de-la-nuit-a-l-aube-un-appel-a-l-art-et-a-l-amitie\\\/#primaryimage\"},\"thumbnailUrl\":\"https:\\\/\\\/seinesaintdenis.fr\\\/actualite\\\/wp-content\\\/uploads\\\/2023\\\/04\\\/5b8d2a08427604ce7856713313079c.jpg\",\"articleSection\":[\"Culture &amp; Patrimoine\"],\"inLanguage\":\"fr-FR\",\"potentialAction\":[{\"@type\":\"CommentAction\",\"name\":\"Comment\",\"target\":[\"https:\\\/\\\/seinesaintdenis.fr\\\/actualite\\\/culture-patrimoine\\\/Lili-de-la-nuit-a-l-aube-un-appel-a-l-art-et-a-l-amitie\\\/#respond\"]}]},{\"@type\":\"WebPage\",\"@id\":\"https:\\\/\\\/seinesaintdenis.fr\\\/actualite\\\/culture-patrimoine\\\/Lili-de-la-nuit-a-l-aube-un-appel-a-l-art-et-a-l-amitie\\\/\",\"url\":\"https:\\\/\\\/seinesaintdenis.fr\\\/actualite\\\/culture-patrimoine\\\/Lili-de-la-nuit-a-l-aube-un-appel-a-l-art-et-a-l-amitie\\\/\",\"name\":\"Lili, de la nuit \u00e0 l\u2019aube : un appel \u00e0 l\u2019art et \u00e0 l\u2019amiti\u00e9 - Seine-Saint-Denis - L&#039;actualit\u00e9 du d\u00e9partement\",\"isPartOf\":{\"@id\":\"https:\\\/\\\/seinesaintdenis.fr\\\/actualite\\\/#website\"},\"primaryImageOfPage\":{\"@id\":\"https:\\\/\\\/seinesaintdenis.fr\\\/actualite\\\/culture-patrimoine\\\/Lili-de-la-nuit-a-l-aube-un-appel-a-l-art-et-a-l-amitie\\\/#primaryimage\"},\"image\":{\"@id\":\"https:\\\/\\\/seinesaintdenis.fr\\\/actualite\\\/culture-patrimoine\\\/Lili-de-la-nuit-a-l-aube-un-appel-a-l-art-et-a-l-amitie\\\/#primaryimage\"},\"thumbnailUrl\":\"https:\\\/\\\/seinesaintdenis.fr\\\/actualite\\\/wp-content\\\/uploads\\\/2023\\\/04\\\/5b8d2a08427604ce7856713313079c.jpg\",\"datePublished\":\"2022-11-16T10:25:47+00:00\",\"dateModified\":\"2024-11-24T17:31:44+00:00\",\"breadcrumb\":{\"@id\":\"https:\\\/\\\/seinesaintdenis.fr\\\/actualite\\\/culture-patrimoine\\\/Lili-de-la-nuit-a-l-aube-un-appel-a-l-art-et-a-l-amitie\\\/#breadcrumb\"},\"inLanguage\":\"fr-FR\",\"potentialAction\":[{\"@type\":\"ReadAction\",\"target\":[\"https:\\\/\\\/seinesaintdenis.fr\\\/actualite\\\/culture-patrimoine\\\/Lili-de-la-nuit-a-l-aube-un-appel-a-l-art-et-a-l-amitie\\\/\"]}]},{\"@type\":\"ImageObject\",\"inLanguage\":\"fr-FR\",\"@id\":\"https:\\\/\\\/seinesaintdenis.fr\\\/actualite\\\/culture-patrimoine\\\/Lili-de-la-nuit-a-l-aube-un-appel-a-l-art-et-a-l-amitie\\\/#primaryimage\",\"url\":\"https:\\\/\\\/seinesaintdenis.fr\\\/actualite\\\/wp-content\\\/uploads\\\/2023\\\/04\\\/5b8d2a08427604ce7856713313079c.jpg\",\"contentUrl\":\"https:\\\/\\\/seinesaintdenis.fr\\\/actualite\\\/wp-content\\\/uploads\\\/2023\\\/04\\\/5b8d2a08427604ce7856713313079c.jpg\",\"width\":760,\"height\":411},{\"@type\":\"BreadcrumbList\",\"@id\":\"https:\\\/\\\/seinesaintdenis.fr\\\/actualite\\\/culture-patrimoine\\\/Lili-de-la-nuit-a-l-aube-un-appel-a-l-art-et-a-l-amitie\\\/#breadcrumb\",\"itemListElement\":[{\"@type\":\"ListItem\",\"position\":1,\"name\":\"Accueil\",\"item\":\"https:\\\/\\\/seinesaintdenis.fr\\\/actualite\\\/\"},{\"@type\":\"ListItem\",\"position\":2,\"name\":\"Culture &amp; Patrimoine\",\"item\":\"https:\\\/\\\/seinesaintdenis.fr\\\/actualite\\\/culture-patrimoine\\\/\"},{\"@type\":\"ListItem\",\"position\":3,\"name\":\"Lili, de la nuit \u00e0 l\u2019aube : un appel \u00e0 l\u2019art et \u00e0 l\u2019amiti\u00e9\"}]},{\"@type\":\"WebSite\",\"@id\":\"https:\\\/\\\/seinesaintdenis.fr\\\/actualite\\\/#website\",\"url\":\"https:\\\/\\\/seinesaintdenis.fr\\\/actualite\\\/\",\"name\":\"Seine-Saint-Denis - L'actualit\u00e9 du d\u00e9partement\",\"description\":\"L&#039;actualit\u00e9 du D\u00e9partement de la Seine-Saint-Denis\",\"publisher\":{\"@id\":\"https:\\\/\\\/seinesaintdenis.fr\\\/actualite\\\/#organization\"},\"potentialAction\":[{\"@type\":\"SearchAction\",\"target\":{\"@type\":\"EntryPoint\",\"urlTemplate\":\"https:\\\/\\\/seinesaintdenis.fr\\\/actualite\\\/?s={search_term_string}\"},\"query-input\":{\"@type\":\"PropertyValueSpecification\",\"valueRequired\":true,\"valueName\":\"search_term_string\"}}],\"inLanguage\":\"fr-FR\"},{\"@type\":\"Organization\",\"@id\":\"https:\\\/\\\/seinesaintdenis.fr\\\/actualite\\\/#organization\",\"name\":\"Seine-Saint-Denis - Le D\u00e9partement\",\"url\":\"https:\\\/\\\/seinesaintdenis.fr\\\/actualite\\\/\",\"logo\":{\"@type\":\"ImageObject\",\"inLanguage\":\"fr-FR\",\"@id\":\"https:\\\/\\\/seinesaintdenis.fr\\\/actualite\\\/#\\\/schema\\\/logo\\\/image\\\/\",\"url\":\"https:\\\/\\\/seinesaintdenis.fr\\\/actualite\\\/wp-content\\\/uploads\\\/2024\\\/08\\\/logo.png\",\"contentUrl\":\"https:\\\/\\\/seinesaintdenis.fr\\\/actualite\\\/wp-content\\\/uploads\\\/2024\\\/08\\\/logo.png\",\"width\":567,\"height\":172,\"caption\":\"Seine-Saint-Denis - Le D\u00e9partement\"},\"image\":{\"@id\":\"https:\\\/\\\/seinesaintdenis.fr\\\/actualite\\\/#\\\/schema\\\/logo\\\/image\\\/\"},\"sameAs\":[\"https:\\\/\\\/www.facebook.com\\\/seinesaintdenisledepartement\",\"https:\\\/\\\/x.com\\\/seinesaintdenis\",\"https:\\\/\\\/www.linkedin.com\\\/company\\\/seinesaintdenis\",\"https:\\\/\\\/www.instagram.com\\\/seine_saint_denis\\\/\",\"https:\\\/\\\/www.youtube.com\\\/channel\\\/UCR5YF9NnqiLCbnrKQgLUcIw\"]},{\"@type\":\"Person\",\"@id\":\"https:\\\/\\\/seinesaintdenis.fr\\\/actualite\\\/#\\\/schema\\\/person\\\/0c3f88df1cfabda200637fe9a6d17da3\",\"name\":\"St\u00e9phanie Coye\",\"image\":{\"@type\":\"ImageObject\",\"inLanguage\":\"fr-FR\",\"@id\":\"https:\\\/\\\/secure.gravatar.com\\\/avatar\\\/dd4093730c7b0c2a90d2682918f4eab2a97c9589394106ea04a42e78c2614909?s=96&d=mm&r=g\",\"url\":\"https:\\\/\\\/secure.gravatar.com\\\/avatar\\\/dd4093730c7b0c2a90d2682918f4eab2a97c9589394106ea04a42e78c2614909?s=96&d=mm&r=g\",\"contentUrl\":\"https:\\\/\\\/secure.gravatar.com\\\/avatar\\\/dd4093730c7b0c2a90d2682918f4eab2a97c9589394106ea04a42e78c2614909?s=96&d=mm&r=g\",\"caption\":\"St\u00e9phanie Coye\"},\"url\":\"https:\\\/\\\/seinesaintdenis.fr\\\/actualite\\\/author\\\/scoye\\\/\"}]}<\/script>\n<!-- \/ Yoast SEO plugin. -->","yoast_head_json":{"title":"Lili, de la nuit \u00e0 l\u2019aube : un appel \u00e0 l\u2019art et \u00e0 l\u2019amiti\u00e9 - Seine-Saint-Denis - L&#039;actualit\u00e9 du d\u00e9partement","robots":{"index":"index","follow":"follow","max-snippet":"max-snippet:-1","max-image-preview":"max-image-preview:large","max-video-preview":"max-video-preview:-1"},"canonical":"https:\/\/seinesaintdenis.fr\/actualite\/culture-patrimoine\/Lili-de-la-nuit-a-l-aube-un-appel-a-l-art-et-a-l-amitie\/","og_locale":"fr_FR","og_type":"article","og_title":"Lili, de la nuit \u00e0 l\u2019aube : un appel \u00e0 l\u2019art et \u00e0 l\u2019amiti\u00e9 - Seine-Saint-Denis - L&#039;actualit\u00e9 du d\u00e9partement","og_url":"https:\/\/seinesaintdenis.fr\/actualite\/culture-patrimoine\/Lili-de-la-nuit-a-l-aube-un-appel-a-l-art-et-a-l-amitie\/","og_site_name":"Seine-Saint-Denis - L&#039;actualit\u00e9 du d\u00e9partement","article_publisher":"https:\/\/www.facebook.com\/seinesaintdenisledepartement","article_published_time":"2022-11-16T10:25:47+00:00","article_modified_time":"2024-11-24T17:31:44+00:00","og_image":[{"width":760,"height":411,"url":"https:\/\/seinesaintdenis.fr\/actualite\/wp-content\/uploads\/2023\/04\/5b8d2a08427604ce7856713313079c.jpg","type":"image\/jpeg"}],"author":"St\u00e9phanie Coye","twitter_card":"summary_large_image","twitter_creator":"@seinesaintdenis","twitter_site":"@seinesaintdenis","twitter_misc":{"\u00c9crit par":"St\u00e9phanie Coye","Dur\u00e9e de lecture estim\u00e9e":"6 minutes"},"schema":{"@context":"https:\/\/schema.org","@graph":[{"@type":"Article","@id":"https:\/\/seinesaintdenis.fr\/actualite\/culture-patrimoine\/Lili-de-la-nuit-a-l-aube-un-appel-a-l-art-et-a-l-amitie\/#article","isPartOf":{"@id":"https:\/\/seinesaintdenis.fr\/actualite\/culture-patrimoine\/Lili-de-la-nuit-a-l-aube-un-appel-a-l-art-et-a-l-amitie\/"},"author":{"name":"St\u00e9phanie Coye","@id":"https:\/\/seinesaintdenis.fr\/actualite\/#\/schema\/person\/0c3f88df1cfabda200637fe9a6d17da3"},"headline":"Lili, de la nuit \u00e0 l\u2019aube : un appel \u00e0 l\u2019art et \u00e0 l\u2019amiti\u00e9","datePublished":"2022-11-16T10:25:47+00:00","dateModified":"2024-11-24T17:31:44+00:00","mainEntityOfPage":{"@id":"https:\/\/seinesaintdenis.fr\/actualite\/culture-patrimoine\/Lili-de-la-nuit-a-l-aube-un-appel-a-l-art-et-a-l-amitie\/"},"wordCount":924,"commentCount":0,"publisher":{"@id":"https:\/\/seinesaintdenis.fr\/actualite\/#organization"},"image":{"@id":"https:\/\/seinesaintdenis.fr\/actualite\/culture-patrimoine\/Lili-de-la-nuit-a-l-aube-un-appel-a-l-art-et-a-l-amitie\/#primaryimage"},"thumbnailUrl":"https:\/\/seinesaintdenis.fr\/actualite\/wp-content\/uploads\/2023\/04\/5b8d2a08427604ce7856713313079c.jpg","articleSection":["Culture &amp; Patrimoine"],"inLanguage":"fr-FR","potentialAction":[{"@type":"CommentAction","name":"Comment","target":["https:\/\/seinesaintdenis.fr\/actualite\/culture-patrimoine\/Lili-de-la-nuit-a-l-aube-un-appel-a-l-art-et-a-l-amitie\/#respond"]}]},{"@type":"WebPage","@id":"https:\/\/seinesaintdenis.fr\/actualite\/culture-patrimoine\/Lili-de-la-nuit-a-l-aube-un-appel-a-l-art-et-a-l-amitie\/","url":"https:\/\/seinesaintdenis.fr\/actualite\/culture-patrimoine\/Lili-de-la-nuit-a-l-aube-un-appel-a-l-art-et-a-l-amitie\/","name":"Lili, de la nuit \u00e0 l\u2019aube : un appel \u00e0 l\u2019art et \u00e0 l\u2019amiti\u00e9 - Seine-Saint-Denis - L&#039;actualit\u00e9 du d\u00e9partement","isPartOf":{"@id":"https:\/\/seinesaintdenis.fr\/actualite\/#website"},"primaryImageOfPage":{"@id":"https:\/\/seinesaintdenis.fr\/actualite\/culture-patrimoine\/Lili-de-la-nuit-a-l-aube-un-appel-a-l-art-et-a-l-amitie\/#primaryimage"},"image":{"@id":"https:\/\/seinesaintdenis.fr\/actualite\/culture-patrimoine\/Lili-de-la-nuit-a-l-aube-un-appel-a-l-art-et-a-l-amitie\/#primaryimage"},"thumbnailUrl":"https:\/\/seinesaintdenis.fr\/actualite\/wp-content\/uploads\/2023\/04\/5b8d2a08427604ce7856713313079c.jpg","datePublished":"2022-11-16T10:25:47+00:00","dateModified":"2024-11-24T17:31:44+00:00","breadcrumb":{"@id":"https:\/\/seinesaintdenis.fr\/actualite\/culture-patrimoine\/Lili-de-la-nuit-a-l-aube-un-appel-a-l-art-et-a-l-amitie\/#breadcrumb"},"inLanguage":"fr-FR","potentialAction":[{"@type":"ReadAction","target":["https:\/\/seinesaintdenis.fr\/actualite\/culture-patrimoine\/Lili-de-la-nuit-a-l-aube-un-appel-a-l-art-et-a-l-amitie\/"]}]},{"@type":"ImageObject","inLanguage":"fr-FR","@id":"https:\/\/seinesaintdenis.fr\/actualite\/culture-patrimoine\/Lili-de-la-nuit-a-l-aube-un-appel-a-l-art-et-a-l-amitie\/#primaryimage","url":"https:\/\/seinesaintdenis.fr\/actualite\/wp-content\/uploads\/2023\/04\/5b8d2a08427604ce7856713313079c.jpg","contentUrl":"https:\/\/seinesaintdenis.fr\/actualite\/wp-content\/uploads\/2023\/04\/5b8d2a08427604ce7856713313079c.jpg","width":760,"height":411},{"@type":"BreadcrumbList","@id":"https:\/\/seinesaintdenis.fr\/actualite\/culture-patrimoine\/Lili-de-la-nuit-a-l-aube-un-appel-a-l-art-et-a-l-amitie\/#breadcrumb","itemListElement":[{"@type":"ListItem","position":1,"name":"Accueil","item":"https:\/\/seinesaintdenis.fr\/actualite\/"},{"@type":"ListItem","position":2,"name":"Culture &amp; Patrimoine","item":"https:\/\/seinesaintdenis.fr\/actualite\/culture-patrimoine\/"},{"@type":"ListItem","position":3,"name":"Lili, de la nuit \u00e0 l\u2019aube : un appel \u00e0 l\u2019art et \u00e0 l\u2019amiti\u00e9"}]},{"@type":"WebSite","@id":"https:\/\/seinesaintdenis.fr\/actualite\/#website","url":"https:\/\/seinesaintdenis.fr\/actualite\/","name":"Seine-Saint-Denis - L'actualit\u00e9 du d\u00e9partement","description":"L&#039;actualit\u00e9 du D\u00e9partement de la Seine-Saint-Denis","publisher":{"@id":"https:\/\/seinesaintdenis.fr\/actualite\/#organization"},"potentialAction":[{"@type":"SearchAction","target":{"@type":"EntryPoint","urlTemplate":"https:\/\/seinesaintdenis.fr\/actualite\/?s={search_term_string}"},"query-input":{"@type":"PropertyValueSpecification","valueRequired":true,"valueName":"search_term_string"}}],"inLanguage":"fr-FR"},{"@type":"Organization","@id":"https:\/\/seinesaintdenis.fr\/actualite\/#organization","name":"Seine-Saint-Denis - Le D\u00e9partement","url":"https:\/\/seinesaintdenis.fr\/actualite\/","logo":{"@type":"ImageObject","inLanguage":"fr-FR","@id":"https:\/\/seinesaintdenis.fr\/actualite\/#\/schema\/logo\/image\/","url":"https:\/\/seinesaintdenis.fr\/actualite\/wp-content\/uploads\/2024\/08\/logo.png","contentUrl":"https:\/\/seinesaintdenis.fr\/actualite\/wp-content\/uploads\/2024\/08\/logo.png","width":567,"height":172,"caption":"Seine-Saint-Denis - Le D\u00e9partement"},"image":{"@id":"https:\/\/seinesaintdenis.fr\/actualite\/#\/schema\/logo\/image\/"},"sameAs":["https:\/\/www.facebook.com\/seinesaintdenisledepartement","https:\/\/x.com\/seinesaintdenis","https:\/\/www.linkedin.com\/company\/seinesaintdenis","https:\/\/www.instagram.com\/seine_saint_denis\/","https:\/\/www.youtube.com\/channel\/UCR5YF9NnqiLCbnrKQgLUcIw"]},{"@type":"Person","@id":"https:\/\/seinesaintdenis.fr\/actualite\/#\/schema\/person\/0c3f88df1cfabda200637fe9a6d17da3","name":"St\u00e9phanie Coye","image":{"@type":"ImageObject","inLanguage":"fr-FR","@id":"https:\/\/secure.gravatar.com\/avatar\/dd4093730c7b0c2a90d2682918f4eab2a97c9589394106ea04a42e78c2614909?s=96&d=mm&r=g","url":"https:\/\/secure.gravatar.com\/avatar\/dd4093730c7b0c2a90d2682918f4eab2a97c9589394106ea04a42e78c2614909?s=96&d=mm&r=g","contentUrl":"https:\/\/secure.gravatar.com\/avatar\/dd4093730c7b0c2a90d2682918f4eab2a97c9589394106ea04a42e78c2614909?s=96&d=mm&r=g","caption":"St\u00e9phanie Coye"},"url":"https:\/\/seinesaintdenis.fr\/actualite\/author\/scoye\/"}]}},"_links":{"self":[{"href":"https:\/\/seinesaintdenis.fr\/actualite\/wp-json\/wp\/v2\/posts\/1307","targetHints":{"allow":["GET"]}}],"collection":[{"href":"https:\/\/seinesaintdenis.fr\/actualite\/wp-json\/wp\/v2\/posts"}],"about":[{"href":"https:\/\/seinesaintdenis.fr\/actualite\/wp-json\/wp\/v2\/types\/post"}],"author":[{"embeddable":true,"href":"https:\/\/seinesaintdenis.fr\/actualite\/wp-json\/wp\/v2\/users\/23"}],"replies":[{"embeddable":true,"href":"https:\/\/seinesaintdenis.fr\/actualite\/wp-json\/wp\/v2\/comments?post=1307"}],"version-history":[{"count":5,"href":"https:\/\/seinesaintdenis.fr\/actualite\/wp-json\/wp\/v2\/posts\/1307\/revisions"}],"predecessor-version":[{"id":20612,"href":"https:\/\/seinesaintdenis.fr\/actualite\/wp-json\/wp\/v2\/posts\/1307\/revisions\/20612"}],"wp:featuredmedia":[{"embeddable":true,"href":"https:\/\/seinesaintdenis.fr\/actualite\/wp-json\/wp\/v2\/media\/1308"}],"wp:attachment":[{"href":"https:\/\/seinesaintdenis.fr\/actualite\/wp-json\/wp\/v2\/media?parent=1307"}],"wp:term":[{"taxonomy":"category","embeddable":true,"href":"https:\/\/seinesaintdenis.fr\/actualite\/wp-json\/wp\/v2\/categories?post=1307"},{"taxonomy":"ville","embeddable":true,"href":"https:\/\/seinesaintdenis.fr\/actualite\/wp-json\/wp\/v2\/ville?post=1307"}],"curies":[{"name":"wp","href":"https:\/\/api.w.org\/{rel}","templated":true}]}}