{"id":12739,"date":"2024-02-02T16:16:33","date_gmt":"2024-02-02T15:16:33","guid":{"rendered":"https:\/\/seinesaintdenis.fr\/actualite\/?p=12739"},"modified":"2024-02-07T13:50:47","modified_gmt":"2024-02-07T12:50:47","slug":"Alexia-Fiasco-la-carte-de-ses-Territoires","status":"publish","type":"post","link":"https:\/\/seinesaintdenis.fr\/actualite\/culture-patrimoine\/exposition\/Alexia-Fiasco-la-carte-de-ses-Territoires\/","title":{"rendered":"Alexia Fiasco, la carte de ses Territoire(s)"},"content":{"rendered":"","protected":false},"excerpt":{"rendered":"","protected":false},"author":25,"featured_media":12898,"comment_status":"open","ping_status":"open","sticky":false,"template":"","format":"standard","meta":{"_acf_changed":false,"footnotes":""},"categories":[9,140],"ville":[62],"class_list":["post-12739","post","type-post","status-publish","format-standard","has-post-thumbnail","hentry","category-culture-patrimoine","category-exposition"],"acf":[],"yoast_head":"<!-- This site is optimized with the Yoast SEO plugin v27.5 - https:\/\/yoast.com\/product\/yoast-seo-wordpress\/ -->\n<title>Alexia Fiasco, la carte de ses Territoire(s) - Seine-Saint-Denis - L&#039;actualit\u00e9 du d\u00e9partement<\/title>\n<meta name=\"description\" content=\"La laur\u00e9ate de la quatri\u00e8me \u00e9dition du concours photographique &quot;Territoires&quot; In Seine-Saint-Denis expose &quot;Les derni\u00e8res Fauvettes&quot; jusqu&#039;au 30 mars \u00e0 la MC93 de Bobigny. Un regard sensible pos\u00e9 sur une cit\u00e9 de Pierrefitte en voie de destruction, qui raconte aussi une partie de son itin\u00e9raire personnel.\" \/>\n<meta name=\"robots\" content=\"index, follow, max-snippet:-1, max-image-preview:large, max-video-preview:-1\" \/>\n<link rel=\"canonical\" href=\"https:\/\/seinesaintdenis.fr\/actualite\/culture-patrimoine\/Alexia-Fiasco-la-carte-de-ses-Territoires\/\" \/>\n<meta property=\"og:locale\" content=\"fr_FR\" \/>\n<meta property=\"og:type\" content=\"article\" \/>\n<meta property=\"og:title\" content=\"Alexia Fiasco, la carte de ses Territoire(s) - Seine-Saint-Denis - L&#039;actualit\u00e9 du d\u00e9partement\" \/>\n<meta property=\"og:description\" content=\"La laur\u00e9ate de la quatri\u00e8me \u00e9dition du concours photographique &quot;Territoires&quot; In Seine-Saint-Denis expose &quot;Les derni\u00e8res Fauvettes&quot; jusqu&#039;au 30 mars \u00e0 la MC93 de Bobigny. Un regard sensible pos\u00e9 sur une cit\u00e9 de Pierrefitte en voie de destruction, qui raconte aussi une partie de son itin\u00e9raire personnel.\" \/>\n<meta property=\"og:url\" content=\"https:\/\/seinesaintdenis.fr\/actualite\/culture-patrimoine\/Alexia-Fiasco-la-carte-de-ses-Territoires\/\" \/>\n<meta property=\"og:site_name\" content=\"Seine-Saint-Denis - L&#039;actualit\u00e9 du d\u00e9partement\" \/>\n<meta property=\"article:publisher\" content=\"https:\/\/www.facebook.com\/seinesaintdenisledepartement\" \/>\n<meta property=\"article:published_time\" content=\"2024-02-02T15:16:33+00:00\" \/>\n<meta property=\"article:modified_time\" content=\"2024-02-07T12:50:47+00:00\" \/>\n<meta property=\"og:image\" content=\"https:\/\/seinesaintdenis.fr\/actualite\/wp-content\/uploads\/2024\/02\/alexia-fiasco-3.jpg\" \/>\n\t<meta property=\"og:image:width\" content=\"1090\" \/>\n\t<meta property=\"og:image:height\" content=\"560\" \/>\n\t<meta property=\"og:image:type\" content=\"image\/jpeg\" \/>\n<meta name=\"author\" content=\"Fr\u00e9d\u00e9ric Haxo\" \/>\n<meta name=\"twitter:card\" content=\"summary_large_image\" \/>\n<meta name=\"twitter:creator\" content=\"@seinesaintdenis\" \/>\n<meta name=\"twitter:site\" content=\"@seinesaintdenis\" \/>\n<meta name=\"twitter:label1\" content=\"\u00c9crit par\" \/>\n\t<meta name=\"twitter:data1\" content=\"Fr\u00e9d\u00e9ric Haxo\" \/>\n<script type=\"application\/ld+json\" class=\"yoast-schema-graph\">{\"@context\":\"https:\\\/\\\/schema.org\",\"@graph\":[{\"@type\":\"Article\",\"@id\":\"https:\\\/\\\/seinesaintdenis.fr\\\/actualite\\\/culture-patrimoine\\\/Alexia-Fiasco-la-carte-de-ses-Territoires\\\/#article\",\"isPartOf\":{\"@id\":\"https:\\\/\\\/seinesaintdenis.fr\\\/actualite\\\/culture-patrimoine\\\/Alexia-Fiasco-la-carte-de-ses-Territoires\\\/\"},\"author\":{\"name\":\"Fr\u00e9d\u00e9ric Haxo\",\"@id\":\"https:\\\/\\\/seinesaintdenis.fr\\\/actualite\\\/#\\\/schema\\\/person\\\/e4e9e8579521bb0c3b048a7240eb3b8a\"},\"headline\":\"Alexia Fiasco, la carte de ses Territoire(s)\",\"datePublished\":\"2024-02-02T15:16:33+00:00\",\"dateModified\":\"2024-02-07T12:50:47+00:00\",\"mainEntityOfPage\":{\"@id\":\"https:\\\/\\\/seinesaintdenis.fr\\\/actualite\\\/culture-patrimoine\\\/Alexia-Fiasco-la-carte-de-ses-Territoires\\\/\"},\"wordCount\":8,\"commentCount\":0,\"publisher\":{\"@id\":\"https:\\\/\\\/seinesaintdenis.fr\\\/actualite\\\/#organization\"},\"image\":{\"@id\":\"https:\\\/\\\/seinesaintdenis.fr\\\/actualite\\\/culture-patrimoine\\\/Alexia-Fiasco-la-carte-de-ses-Territoires\\\/#primaryimage\"},\"thumbnailUrl\":\"https:\\\/\\\/seinesaintdenis.fr\\\/actualite\\\/wp-content\\\/uploads\\\/2024\\\/02\\\/alexia-fiasco-3.jpg\",\"articleSection\":[\"Culture &amp; Patrimoine\",\"Exposition\"],\"inLanguage\":\"fr-FR\",\"potentialAction\":[{\"@type\":\"CommentAction\",\"name\":\"Comment\",\"target\":[\"https:\\\/\\\/seinesaintdenis.fr\\\/actualite\\\/culture-patrimoine\\\/Alexia-Fiasco-la-carte-de-ses-Territoires\\\/#respond\"]}]},{\"@type\":\"WebPage\",\"@id\":\"https:\\\/\\\/seinesaintdenis.fr\\\/actualite\\\/culture-patrimoine\\\/Alexia-Fiasco-la-carte-de-ses-Territoires\\\/\",\"url\":\"https:\\\/\\\/seinesaintdenis.fr\\\/actualite\\\/culture-patrimoine\\\/Alexia-Fiasco-la-carte-de-ses-Territoires\\\/\",\"name\":\"Alexia Fiasco, la carte de ses Territoire(s) - Seine-Saint-Denis - L&#039;actualit\u00e9 du d\u00e9partement\",\"isPartOf\":{\"@id\":\"https:\\\/\\\/seinesaintdenis.fr\\\/actualite\\\/#website\"},\"primaryImageOfPage\":{\"@id\":\"https:\\\/\\\/seinesaintdenis.fr\\\/actualite\\\/culture-patrimoine\\\/Alexia-Fiasco-la-carte-de-ses-Territoires\\\/#primaryimage\"},\"image\":{\"@id\":\"https:\\\/\\\/seinesaintdenis.fr\\\/actualite\\\/culture-patrimoine\\\/Alexia-Fiasco-la-carte-de-ses-Territoires\\\/#primaryimage\"},\"thumbnailUrl\":\"https:\\\/\\\/seinesaintdenis.fr\\\/actualite\\\/wp-content\\\/uploads\\\/2024\\\/02\\\/alexia-fiasco-3.jpg\",\"datePublished\":\"2024-02-02T15:16:33+00:00\",\"dateModified\":\"2024-02-07T12:50:47+00:00\",\"description\":\"La laur\u00e9ate de la quatri\u00e8me \u00e9dition du concours photographique \\\"Territoires\\\" In Seine-Saint-Denis expose \\\"Les derni\u00e8res Fauvettes\\\" jusqu'au 30 mars \u00e0 la MC93 de Bobigny. Un regard sensible pos\u00e9 sur une cit\u00e9 de Pierrefitte en voie de destruction, qui raconte aussi une partie de son itin\u00e9raire personnel.\",\"breadcrumb\":{\"@id\":\"https:\\\/\\\/seinesaintdenis.fr\\\/actualite\\\/culture-patrimoine\\\/Alexia-Fiasco-la-carte-de-ses-Territoires\\\/#breadcrumb\"},\"inLanguage\":\"fr-FR\",\"potentialAction\":[{\"@type\":\"ReadAction\",\"target\":[\"https:\\\/\\\/seinesaintdenis.fr\\\/actualite\\\/culture-patrimoine\\\/Alexia-Fiasco-la-carte-de-ses-Territoires\\\/\"]}]},{\"@type\":\"ImageObject\",\"inLanguage\":\"fr-FR\",\"@id\":\"https:\\\/\\\/seinesaintdenis.fr\\\/actualite\\\/culture-patrimoine\\\/Alexia-Fiasco-la-carte-de-ses-Territoires\\\/#primaryimage\",\"url\":\"https:\\\/\\\/seinesaintdenis.fr\\\/actualite\\\/wp-content\\\/uploads\\\/2024\\\/02\\\/alexia-fiasco-3.jpg\",\"contentUrl\":\"https:\\\/\\\/seinesaintdenis.fr\\\/actualite\\\/wp-content\\\/uploads\\\/2024\\\/02\\\/alexia-fiasco-3.jpg\",\"width\":1090,\"height\":560},{\"@type\":\"BreadcrumbList\",\"@id\":\"https:\\\/\\\/seinesaintdenis.fr\\\/actualite\\\/culture-patrimoine\\\/Alexia-Fiasco-la-carte-de-ses-Territoires\\\/#breadcrumb\",\"itemListElement\":[{\"@type\":\"ListItem\",\"position\":1,\"name\":\"Accueil\",\"item\":\"https:\\\/\\\/seinesaintdenis.fr\\\/actualite\\\/\"},{\"@type\":\"ListItem\",\"position\":2,\"name\":\"Culture &amp; Patrimoine\",\"item\":\"https:\\\/\\\/seinesaintdenis.fr\\\/actualite\\\/culture-patrimoine\\\/\"},{\"@type\":\"ListItem\",\"position\":3,\"name\":\"Exposition\",\"item\":\"https:\\\/\\\/seinesaintdenis.fr\\\/actualite\\\/culture-patrimoine\\\/exposition\\\/\"},{\"@type\":\"ListItem\",\"position\":4,\"name\":\"Alexia Fiasco, la carte de ses Territoire(s)\"}]},{\"@type\":\"WebSite\",\"@id\":\"https:\\\/\\\/seinesaintdenis.fr\\\/actualite\\\/#website\",\"url\":\"https:\\\/\\\/seinesaintdenis.fr\\\/actualite\\\/\",\"name\":\"Seine-Saint-Denis - L'actualit\u00e9 du d\u00e9partement\",\"description\":\"L&#039;actualit\u00e9 du D\u00e9partement de la Seine-Saint-Denis\",\"publisher\":{\"@id\":\"https:\\\/\\\/seinesaintdenis.fr\\\/actualite\\\/#organization\"},\"potentialAction\":[{\"@type\":\"SearchAction\",\"target\":{\"@type\":\"EntryPoint\",\"urlTemplate\":\"https:\\\/\\\/seinesaintdenis.fr\\\/actualite\\\/?s={search_term_string}\"},\"query-input\":{\"@type\":\"PropertyValueSpecification\",\"valueRequired\":true,\"valueName\":\"search_term_string\"}}],\"inLanguage\":\"fr-FR\"},{\"@type\":\"Organization\",\"@id\":\"https:\\\/\\\/seinesaintdenis.fr\\\/actualite\\\/#organization\",\"name\":\"Seine-Saint-Denis - Le D\u00e9partement\",\"url\":\"https:\\\/\\\/seinesaintdenis.fr\\\/actualite\\\/\",\"logo\":{\"@type\":\"ImageObject\",\"inLanguage\":\"fr-FR\",\"@id\":\"https:\\\/\\\/seinesaintdenis.fr\\\/actualite\\\/#\\\/schema\\\/logo\\\/image\\\/\",\"url\":\"https:\\\/\\\/seinesaintdenis.fr\\\/actualite\\\/wp-content\\\/uploads\\\/2024\\\/08\\\/logo.png\",\"contentUrl\":\"https:\\\/\\\/seinesaintdenis.fr\\\/actualite\\\/wp-content\\\/uploads\\\/2024\\\/08\\\/logo.png\",\"width\":567,\"height\":172,\"caption\":\"Seine-Saint-Denis - Le D\u00e9partement\"},\"image\":{\"@id\":\"https:\\\/\\\/seinesaintdenis.fr\\\/actualite\\\/#\\\/schema\\\/logo\\\/image\\\/\"},\"sameAs\":[\"https:\\\/\\\/www.facebook.com\\\/seinesaintdenisledepartement\",\"https:\\\/\\\/x.com\\\/seinesaintdenis\",\"https:\\\/\\\/www.linkedin.com\\\/company\\\/seinesaintdenis\",\"https:\\\/\\\/www.instagram.com\\\/seine_saint_denis\\\/\",\"https:\\\/\\\/www.youtube.com\\\/channel\\\/UCR5YF9NnqiLCbnrKQgLUcIw\"]},{\"@type\":\"Person\",\"@id\":\"https:\\\/\\\/seinesaintdenis.fr\\\/actualite\\\/#\\\/schema\\\/person\\\/e4e9e8579521bb0c3b048a7240eb3b8a\",\"name\":\"Fr\u00e9d\u00e9ric Haxo\",\"image\":{\"@type\":\"ImageObject\",\"inLanguage\":\"fr-FR\",\"@id\":\"https:\\\/\\\/secure.gravatar.com\\\/avatar\\\/7ab0da5b17df1179dc345094834018a29688ae9a242b61c172abfc3e43b8b60e?s=96&d=mm&r=g\",\"url\":\"https:\\\/\\\/secure.gravatar.com\\\/avatar\\\/7ab0da5b17df1179dc345094834018a29688ae9a242b61c172abfc3e43b8b60e?s=96&d=mm&r=g\",\"contentUrl\":\"https:\\\/\\\/secure.gravatar.com\\\/avatar\\\/7ab0da5b17df1179dc345094834018a29688ae9a242b61c172abfc3e43b8b60e?s=96&d=mm&r=g\",\"caption\":\"Fr\u00e9d\u00e9ric Haxo\"},\"url\":\"https:\\\/\\\/seinesaintdenis.fr\\\/actualite\\\/author\\\/fsugnot\\\/\"}]}<\/script>\n<!-- \/ Yoast SEO plugin. -->","yoast_head_json":{"title":"Alexia Fiasco, la carte de ses Territoire(s) - Seine-Saint-Denis - L&#039;actualit\u00e9 du d\u00e9partement","description":"La laur\u00e9ate de la quatri\u00e8me \u00e9dition du concours photographique \"Territoires\" In Seine-Saint-Denis expose \"Les derni\u00e8res Fauvettes\" jusqu'au 30 mars \u00e0 la MC93 de Bobigny. Un regard sensible pos\u00e9 sur une cit\u00e9 de Pierrefitte en voie de destruction, qui raconte aussi une partie de son itin\u00e9raire personnel.","robots":{"index":"index","follow":"follow","max-snippet":"max-snippet:-1","max-image-preview":"max-image-preview:large","max-video-preview":"max-video-preview:-1"},"canonical":"https:\/\/seinesaintdenis.fr\/actualite\/culture-patrimoine\/Alexia-Fiasco-la-carte-de-ses-Territoires\/","og_locale":"fr_FR","og_type":"article","og_title":"Alexia Fiasco, la carte de ses Territoire(s) - Seine-Saint-Denis - L&#039;actualit\u00e9 du d\u00e9partement","og_description":"La laur\u00e9ate de la quatri\u00e8me \u00e9dition du concours photographique \"Territoires\" In Seine-Saint-Denis expose \"Les derni\u00e8res Fauvettes\" jusqu'au 30 mars \u00e0 la MC93 de Bobigny. Un regard sensible pos\u00e9 sur une cit\u00e9 de Pierrefitte en voie de destruction, qui raconte aussi une partie de son itin\u00e9raire personnel.","og_url":"https:\/\/seinesaintdenis.fr\/actualite\/culture-patrimoine\/Alexia-Fiasco-la-carte-de-ses-Territoires\/","og_site_name":"Seine-Saint-Denis - L&#039;actualit\u00e9 du d\u00e9partement","article_publisher":"https:\/\/www.facebook.com\/seinesaintdenisledepartement","article_published_time":"2024-02-02T15:16:33+00:00","article_modified_time":"2024-02-07T12:50:47+00:00","og_image":[{"width":1090,"height":560,"url":"https:\/\/seinesaintdenis.fr\/actualite\/wp-content\/uploads\/2024\/02\/alexia-fiasco-3.jpg","type":"image\/jpeg"}],"author":"Fr\u00e9d\u00e9ric Haxo","twitter_card":"summary_large_image","twitter_creator":"@seinesaintdenis","twitter_site":"@seinesaintdenis","twitter_misc":{"\u00c9crit par":"Fr\u00e9d\u00e9ric Haxo"},"schema":{"@context":"https:\/\/schema.org","@graph":[{"@type":"Article","@id":"https:\/\/seinesaintdenis.fr\/actualite\/culture-patrimoine\/Alexia-Fiasco-la-carte-de-ses-Territoires\/#article","isPartOf":{"@id":"https:\/\/seinesaintdenis.fr\/actualite\/culture-patrimoine\/Alexia-Fiasco-la-carte-de-ses-Territoires\/"},"author":{"name":"Fr\u00e9d\u00e9ric Haxo","@id":"https:\/\/seinesaintdenis.fr\/actualite\/#\/schema\/person\/e4e9e8579521bb0c3b048a7240eb3b8a"},"headline":"Alexia Fiasco, la carte de ses Territoire(s)","datePublished":"2024-02-02T15:16:33+00:00","dateModified":"2024-02-07T12:50:47+00:00","mainEntityOfPage":{"@id":"https:\/\/seinesaintdenis.fr\/actualite\/culture-patrimoine\/Alexia-Fiasco-la-carte-de-ses-Territoires\/"},"wordCount":8,"commentCount":0,"publisher":{"@id":"https:\/\/seinesaintdenis.fr\/actualite\/#organization"},"image":{"@id":"https:\/\/seinesaintdenis.fr\/actualite\/culture-patrimoine\/Alexia-Fiasco-la-carte-de-ses-Territoires\/#primaryimage"},"thumbnailUrl":"https:\/\/seinesaintdenis.fr\/actualite\/wp-content\/uploads\/2024\/02\/alexia-fiasco-3.jpg","articleSection":["Culture &amp; Patrimoine","Exposition"],"inLanguage":"fr-FR","potentialAction":[{"@type":"CommentAction","name":"Comment","target":["https:\/\/seinesaintdenis.fr\/actualite\/culture-patrimoine\/Alexia-Fiasco-la-carte-de-ses-Territoires\/#respond"]}]},{"@type":"WebPage","@id":"https:\/\/seinesaintdenis.fr\/actualite\/culture-patrimoine\/Alexia-Fiasco-la-carte-de-ses-Territoires\/","url":"https:\/\/seinesaintdenis.fr\/actualite\/culture-patrimoine\/Alexia-Fiasco-la-carte-de-ses-Territoires\/","name":"Alexia Fiasco, la carte de ses Territoire(s) - Seine-Saint-Denis - L&#039;actualit\u00e9 du d\u00e9partement","isPartOf":{"@id":"https:\/\/seinesaintdenis.fr\/actualite\/#website"},"primaryImageOfPage":{"@id":"https:\/\/seinesaintdenis.fr\/actualite\/culture-patrimoine\/Alexia-Fiasco-la-carte-de-ses-Territoires\/#primaryimage"},"image":{"@id":"https:\/\/seinesaintdenis.fr\/actualite\/culture-patrimoine\/Alexia-Fiasco-la-carte-de-ses-Territoires\/#primaryimage"},"thumbnailUrl":"https:\/\/seinesaintdenis.fr\/actualite\/wp-content\/uploads\/2024\/02\/alexia-fiasco-3.jpg","datePublished":"2024-02-02T15:16:33+00:00","dateModified":"2024-02-07T12:50:47+00:00","description":"La laur\u00e9ate de la quatri\u00e8me \u00e9dition du concours photographique \"Territoires\" In Seine-Saint-Denis expose \"Les derni\u00e8res Fauvettes\" jusqu'au 30 mars \u00e0 la MC93 de Bobigny. Un regard sensible pos\u00e9 sur une cit\u00e9 de Pierrefitte en voie de destruction, qui raconte aussi une partie de son itin\u00e9raire personnel.","breadcrumb":{"@id":"https:\/\/seinesaintdenis.fr\/actualite\/culture-patrimoine\/Alexia-Fiasco-la-carte-de-ses-Territoires\/#breadcrumb"},"inLanguage":"fr-FR","potentialAction":[{"@type":"ReadAction","target":["https:\/\/seinesaintdenis.fr\/actualite\/culture-patrimoine\/Alexia-Fiasco-la-carte-de-ses-Territoires\/"]}]},{"@type":"ImageObject","inLanguage":"fr-FR","@id":"https:\/\/seinesaintdenis.fr\/actualite\/culture-patrimoine\/Alexia-Fiasco-la-carte-de-ses-Territoires\/#primaryimage","url":"https:\/\/seinesaintdenis.fr\/actualite\/wp-content\/uploads\/2024\/02\/alexia-fiasco-3.jpg","contentUrl":"https:\/\/seinesaintdenis.fr\/actualite\/wp-content\/uploads\/2024\/02\/alexia-fiasco-3.jpg","width":1090,"height":560},{"@type":"BreadcrumbList","@id":"https:\/\/seinesaintdenis.fr\/actualite\/culture-patrimoine\/Alexia-Fiasco-la-carte-de-ses-Territoires\/#breadcrumb","itemListElement":[{"@type":"ListItem","position":1,"name":"Accueil","item":"https:\/\/seinesaintdenis.fr\/actualite\/"},{"@type":"ListItem","position":2,"name":"Culture &amp; Patrimoine","item":"https:\/\/seinesaintdenis.fr\/actualite\/culture-patrimoine\/"},{"@type":"ListItem","position":3,"name":"Exposition","item":"https:\/\/seinesaintdenis.fr\/actualite\/culture-patrimoine\/exposition\/"},{"@type":"ListItem","position":4,"name":"Alexia Fiasco, la carte de ses Territoire(s)"}]},{"@type":"WebSite","@id":"https:\/\/seinesaintdenis.fr\/actualite\/#website","url":"https:\/\/seinesaintdenis.fr\/actualite\/","name":"Seine-Saint-Denis - L'actualit\u00e9 du d\u00e9partement","description":"L&#039;actualit\u00e9 du D\u00e9partement de la Seine-Saint-Denis","publisher":{"@id":"https:\/\/seinesaintdenis.fr\/actualite\/#organization"},"potentialAction":[{"@type":"SearchAction","target":{"@type":"EntryPoint","urlTemplate":"https:\/\/seinesaintdenis.fr\/actualite\/?s={search_term_string}"},"query-input":{"@type":"PropertyValueSpecification","valueRequired":true,"valueName":"search_term_string"}}],"inLanguage":"fr-FR"},{"@type":"Organization","@id":"https:\/\/seinesaintdenis.fr\/actualite\/#organization","name":"Seine-Saint-Denis - Le D\u00e9partement","url":"https:\/\/seinesaintdenis.fr\/actualite\/","logo":{"@type":"ImageObject","inLanguage":"fr-FR","@id":"https:\/\/seinesaintdenis.fr\/actualite\/#\/schema\/logo\/image\/","url":"https:\/\/seinesaintdenis.fr\/actualite\/wp-content\/uploads\/2024\/08\/logo.png","contentUrl":"https:\/\/seinesaintdenis.fr\/actualite\/wp-content\/uploads\/2024\/08\/logo.png","width":567,"height":172,"caption":"Seine-Saint-Denis - Le D\u00e9partement"},"image":{"@id":"https:\/\/seinesaintdenis.fr\/actualite\/#\/schema\/logo\/image\/"},"sameAs":["https:\/\/www.facebook.com\/seinesaintdenisledepartement","https:\/\/x.com\/seinesaintdenis","https:\/\/www.linkedin.com\/company\/seinesaintdenis","https:\/\/www.instagram.com\/seine_saint_denis\/","https:\/\/www.youtube.com\/channel\/UCR5YF9NnqiLCbnrKQgLUcIw"]},{"@type":"Person","@id":"https:\/\/seinesaintdenis.fr\/actualite\/#\/schema\/person\/e4e9e8579521bb0c3b048a7240eb3b8a","name":"Fr\u00e9d\u00e9ric Haxo","image":{"@type":"ImageObject","inLanguage":"fr-FR","@id":"https:\/\/secure.gravatar.com\/avatar\/7ab0da5b17df1179dc345094834018a29688ae9a242b61c172abfc3e43b8b60e?s=96&d=mm&r=g","url":"https:\/\/secure.gravatar.com\/avatar\/7ab0da5b17df1179dc345094834018a29688ae9a242b61c172abfc3e43b8b60e?s=96&d=mm&r=g","contentUrl":"https:\/\/secure.gravatar.com\/avatar\/7ab0da5b17df1179dc345094834018a29688ae9a242b61c172abfc3e43b8b60e?s=96&d=mm&r=g","caption":"Fr\u00e9d\u00e9ric Haxo"},"url":"https:\/\/seinesaintdenis.fr\/actualite\/author\/fsugnot\/"}]}},"_links":{"self":[{"href":"https:\/\/seinesaintdenis.fr\/actualite\/wp-json\/wp\/v2\/posts\/12739","targetHints":{"allow":["GET"]}}],"collection":[{"href":"https:\/\/seinesaintdenis.fr\/actualite\/wp-json\/wp\/v2\/posts"}],"about":[{"href":"https:\/\/seinesaintdenis.fr\/actualite\/wp-json\/wp\/v2\/types\/post"}],"author":[{"embeddable":true,"href":"https:\/\/seinesaintdenis.fr\/actualite\/wp-json\/wp\/v2\/users\/25"}],"replies":[{"embeddable":true,"href":"https:\/\/seinesaintdenis.fr\/actualite\/wp-json\/wp\/v2\/comments?post=12739"}],"version-history":[{"count":8,"href":"https:\/\/seinesaintdenis.fr\/actualite\/wp-json\/wp\/v2\/posts\/12739\/revisions"}],"predecessor-version":[{"id":12752,"href":"https:\/\/seinesaintdenis.fr\/actualite\/wp-json\/wp\/v2\/posts\/12739\/revisions\/12752"}],"wp:featuredmedia":[{"embeddable":true,"href":"https:\/\/seinesaintdenis.fr\/actualite\/wp-json\/wp\/v2\/media\/12898"}],"wp:attachment":[{"href":"https:\/\/seinesaintdenis.fr\/actualite\/wp-json\/wp\/v2\/media?parent=12739"}],"wp:term":[{"taxonomy":"category","embeddable":true,"href":"https:\/\/seinesaintdenis.fr\/actualite\/wp-json\/wp\/v2\/categories?post=12739"},{"taxonomy":"ville","embeddable":true,"href":"https:\/\/seinesaintdenis.fr\/actualite\/wp-json\/wp\/v2\/ville?post=12739"}],"curies":[{"name":"wp","href":"https:\/\/api.w.org\/{rel}","templated":true}]}}