{"id":1249,"date":"2022-12-05T16:48:39","date_gmt":"2022-12-05T16:48:39","guid":{"rendered":"https:\/\/seinesaintdenis.fr\/actualite\/uncategorized\/Une-Maison-de-l-Autisme-bientot-a-Aubervilliers\/"},"modified":"2023-05-09T20:04:40","modified_gmt":"2023-05-09T20:04:40","slug":"Une-Maison-de-l-Autisme-bientot-a-Aubervilliers","status":"publish","type":"post","link":"https:\/\/seinesaintdenis.fr\/actualite\/solidarites-sante\/Une-Maison-de-l-Autisme-bientot-a-Aubervilliers\/","title":{"rendered":"Une Maison de l\u2019Autisme bient\u00f4t \u00e0 Aubervilliers"},"content":{"rendered":"<p>Pour le moment, il faut encore imaginer. Les murs de la nouvelle Maison de l\u2019Autisme existent d\u00e9j\u00e0 puisqu\u2019elle prendra place dans un b\u00e2timent appartenant au promoteur immobilier Icade, juste en face du campus universitaire Condorcet \u00e0 Aubervilliers, mais pour le reste, tout reste encore \u00e0 am\u00e9nager.<\/p>\n<p>En ce jour de d\u00e9but d\u00e9cembre, seul un marquage au sol mat\u00e9rialise le futur \u00ab\u00a0caf\u00e9\u00a0\u00bb, pens\u00e9 comme un lieu de vie et d\u2019\u00e9changes d\u00e8s l\u2019entr\u00e9e de cet espace de 650 m\u00e8tres carr\u00e9s. Idem pour le centre d\u2019information et de documentation, un peu plus loin. Pi\u00e8ce ma\u00eetresse de cette nouvelle Maison de l\u2019Autisme, ce \u00ab\u00a0lieu-ressource\u00a0\u00bb aura selon les croquis des architectes des allures de bulle en verre pos\u00e9e au milieu de la salle. Enfin, un dernier espace de conf\u00e9rences, avec des gradins \u00e0 taille humaine, doit pouvoir h\u00e9berger de futurs colloques scientifiques ou groupes de paroles sur l\u2019autisme.<\/p>\n<figure class=\"spip_document_16333 spip_documents spip_documents_center media media_image media_image_jpg\"><img loading=\"lazy\" decoding=\"async\" src=\"IMG\/jpg\/lancement-travaux-maison-de-l_autisme-4.jpg\" alt=\"JPEG - 65 ko\" width=\"760\" height=\"412\" \/><\/figure>\n<p><i>\u00ab\u00a0Les deux crit\u00e8res qui ont guid\u00e9 \u00e0 la conception de ce nouvel outil \u00e9tait d\u2019avoir un lieu de proximit\u00e9, notamment desservi par une station de m\u00e9tro, et un lieu accessible, non seulement pour les personnes \u00e0 mobilit\u00e9 r\u00e9duite mais aussi pour des personnes pr\u00e9sentant des troubles cognitifs ou sensoriels.\u00a0\u00bb<\/i>, explique Hela Daboussi, pilote du projet de Maison de l\u2019Autisme. <i>\u00ab\u00a0Assez logiquement, l\u2019espace a donc \u00e9t\u00e9 co-construit avec des usagers du futur lieu, des personnes autistes, des groupes d\u2019aidants et des responsables de l\u2019Etat\u00a0\u00bb<\/i>, compl\u00e8te Anne-Sophie Bryhcy, l\u2019architecte en charge du projet.<\/p>\n<p>Souhait\u00e9 par le pr\u00e9sident de la R\u00e9publique Emmanuel Macron, le projet incarne les souhaits de l\u2019\u00c9tat d\u2019avancer sur l\u2019accompagnement de l\u2019autisme et les troubles du spectre autistique (TSA), d\u00e9cr\u00e9t\u00e9 grande cause nationale en 2017.<\/p>\n<h3 class=\"spip\">Signal d\u2019alarme<\/h3>\n<p>Il faut dire que le chantier est encore colossal, en particulier en Seine-Saint-Denis. <i>\u00ab\u00a0Cette Maison de l\u2019Autisme marque incontestablement une avanc\u00e9e, mais dans notre territoire, la situation autour du handicap et de l\u2019autisme reste dramatique<\/i>, alertait ainsi le pr\u00e9sident du D\u00e9partement St\u00e9phane Troussel, pr\u00e9sent au lancement des travaux aux c\u00f4t\u00e9s de la ministre d\u00e9l\u00e9gu\u00e9e en charge des Personnes handicap\u00e9es Genevi\u00e8ve Darrieussecq. <br class=\"autobr\" \/>Et l\u2019\u00e9lu d\u00e9partemental de rappeler certains chiffres pr\u00e9occupants\u00a0: 2500 enfants sans AESH (accompagnants des \u00e9l\u00e8ves en situation de handicap) dans les \u00e9coles, 2000 enfants orient\u00e9s vers des Instituts m\u00e9dico-\u00e9ducatifs (IME) qui ne trouvent en fait pas de places, ou encore un manque de 4700 places en SESSAD, des dispositifs mixtes permettant souvent l\u2019inclusion d\u2019un enfant handicap\u00e9 en \u00ab\u00a0milieu ordinaire\u00a0\u00bb. <i>\u00ab\u00a0Tout cela, ce sont des enfants sans solution qui voient leur d\u00e9veloppement moteur ou psychomoteur grandement compromis\u00a0\u00bb<\/i>, insistait le pr\u00e9sident du D\u00e9partement, auteur en octobre 2021 d\u2019un courrier r\u00e9clamant \u00e0 l\u2019Etat davantage de moyens sur cette th\u00e9matique de la prise en charge du handicap.<br class=\"autobr\" \/><i>\u00ab\u00a0Vous avez raison de dire que ce n\u2019est pas suffisant\u00a0\u00bb<\/i>, lui r\u00e9pondait la ministre en charge des personnes handicap\u00e9es tout en rappelant les 400 unit\u00e9s autisme dans les \u00e9coles et les 12 000 classes Ulis en coll\u00e8ge-lyc\u00e9es cr\u00e9\u00e9es en France dans le cadre d\u2019un plan quinquennal sur l\u2019autisme. Une \u00ab\u00a0strat\u00e9gie nationale\u00a0\u00bb d\u2019ailleurs appel\u00e9e \u00e0 bient\u00f4t conna\u00eetre un deuxi\u00e8me volet courant sur la p\u00e9riode 2023-2027. Premi\u00e8re Maison de l\u2019autisme \u00ab\u00a0physique\u00a0\u00bb en France (des r\u00e9pliques sont pr\u00e9vus par la suite en r\u00e9gions) l\u2019institution va aussi se doubler aussi d\u2019une <a class=\"spip_out\" href=\"https:\/\/handicap.gouv.fr\/la-maison-de-lautisme\" rel=\"external\">Maison num\u00e9rique<\/a>, qui permettra de toucher gr\u00e2ce \u00e0 des contenus adapt\u00e9s tous les usagers en qu\u00eate d\u2019informations.<\/p>\n<figure class=\"spip_document_16334 spip_documents spip_documents_center media media_image media_image_jpg\"><img loading=\"lazy\" decoding=\"async\" src=\"IMG\/jpg\/lancement-travaux-maison-de-l_autisme-3.jpg\" alt=\"JPEG - 85.2 ko\" width=\"760\" height=\"412\" \/><\/figure>\n<p>Marie Schuster, directrice du<a class=\"spip_out\" href=\"https:\/\/www.craif.org\/\" rel=\"external\">Centre ressource autisme Ile-de-France (CRAIF)<\/a>, identifiait quant \u00e0 elle une autre priorit\u00e9\u00a0: <i>\u00ab\u00a0Actuellement, on a des parcours de prise en charge qui sont difficilement identifiables pour les familles. Il existe quantit\u00e9 de dispositifs, c\u2019est \u00e0 la fois une richesse et un probl\u00e8me, et peut-\u00eatre le CRAIF peut-il l\u00e0-dessus avoir un r\u00f4le d\u2019analyse des besoins et des souhaits des familles\u00a0\u00bb<\/i>, faisait valoir cette professionnelle.<\/p>\n<h3 class=\"spip\">3 entit\u00e9s pilotes<\/h3>\n<p>Le CRAIF \u00e9tant l\u2019un des trois acteurs qui pilotera cette Maison de l\u2019Autisme, aux c\u00f4t\u00e9s du <a class=\"spip_out\" href=\"https:\/\/gncra.fr\/\" rel=\"external\">Groupement National des 27 centres ressources r\u00e9gionaux (GNCRA)<\/a> et d\u2019<a class=\"spip_out\" href=\"https:\/\/www.autismeinfoservice.fr\/\" rel=\"external\">Autisme Infos Service<\/a>, une plateforme d\u2019orientation t\u00e9l\u00e9phonique.<br class=\"autobr\" \/><i>\u00ab\u00a0Bien s\u00fbr, cette Maison, ce n\u2019est pas la panac\u00e9e, il faut que les moyens suivent\u00a0\u00bb<\/i>, rench\u00e9rissaient de leur c\u00f4t\u00e9 Julien Rondet et Benjamin Verger, deux coordinateurs au CRAIF. Avant de voir le verre \u00e0 moiti\u00e9 plein\u00a0: <i>\u00ab\u00a0Une de nos missions consiste clairement \u00e0 briser un certain nombre d\u2019id\u00e9es re\u00e7ues qui sont encore tr\u00e8s tenaces dans notre soci\u00e9t\u00e9 au sujet de l\u2019autisme, et pour \u00e7a cette Maison peut \u00eatre un bon outil\u00a0\u00bb<\/i>, soulignait Benjamin Verger, qui insistait donc sur la n\u00e9cessit\u00e9 de former \u00e0 l\u2019accueil de personnes autistes <i>\u00ab\u00a0non seulement les professionnels du secteur m\u00e9dico-social mais un cercle plus large tels que des commer\u00e7ants ou des chefs d\u2019entreprise.\u00a0\u00bb<\/i><br class=\"autobr\" \/>En avril, les trois entit\u00e9s pilotes de la Maison de l\u2019Autisme se sont d\u00e9j\u00e0 donn\u00e9 rendez-vous pour investir les lieux. Elles formeront alors une \u00e9quipe commune de trente personnes avec toujours le m\u00eame combat\u00a0: promouvoir l\u2019inclusion.<\/p>\n<p>Christophe Lehousse<br class=\"autobr\" \/>photos \u00a9Nicolas Moulard<\/p>\n","protected":false},"excerpt":{"rendered":"Pour le moment, il faut encore imaginer. Les murs de la nouvelle Maison de l\u2019Autisme existent d\u00e9j\u00e0 puisqu\u2019elle prendra place dans un b\u00e2timent appartenant au promoteur immobilier Icade, juste en face du campus universitaire Condorcet \u00e0 Aubervilliers, mais pour le reste, tout reste encore \u00e0 am\u00e9nager. En ce jour de d\u00e9but d\u00e9cembre, seul un marquage&#8230; <a class=\"view-article\" href=\"https:\/\/seinesaintdenis.fr\/actualite\/solidarites-sante\/Une-Maison-de-l-Autisme-bientot-a-Aubervilliers\/\">Voir l&rsquo;article<\/a>","protected":false},"author":11,"featured_media":1250,"comment_status":"open","ping_status":"open","sticky":false,"template":"","format":"standard","meta":{"_acf_changed":false,"footnotes":""},"categories":[169,11],"ville":[57],"class_list":["post-1249","post","type-post","status-publish","format-standard","has-post-thumbnail","hentry","category-handicap","category-solidarites-sante"],"acf":[],"yoast_head":"<!-- This site is optimized with the Yoast SEO plugin v27.5 - https:\/\/yoast.com\/product\/yoast-seo-wordpress\/ -->\n<title>Une Maison de l\u2019Autisme bient\u00f4t \u00e0 Aubervilliers - Seine-Saint-Denis - L&#039;actualit\u00e9 du d\u00e9partement<\/title>\n<meta name=\"robots\" content=\"index, follow, max-snippet:-1, max-image-preview:large, max-video-preview:-1\" \/>\n<link rel=\"canonical\" href=\"https:\/\/seinesaintdenis.fr\/actualite\/solidarites-sante\/Une-Maison-de-l-Autisme-bientot-a-Aubervilliers\/\" \/>\n<meta property=\"og:locale\" content=\"fr_FR\" \/>\n<meta property=\"og:type\" content=\"article\" \/>\n<meta property=\"og:title\" content=\"Une Maison de l\u2019Autisme bient\u00f4t \u00e0 Aubervilliers - Seine-Saint-Denis - L&#039;actualit\u00e9 du d\u00e9partement\" \/>\n<meta property=\"og:url\" content=\"https:\/\/seinesaintdenis.fr\/actualite\/solidarites-sante\/Une-Maison-de-l-Autisme-bientot-a-Aubervilliers\/\" \/>\n<meta property=\"og:site_name\" content=\"Seine-Saint-Denis - L&#039;actualit\u00e9 du d\u00e9partement\" \/>\n<meta property=\"article:publisher\" content=\"https:\/\/www.facebook.com\/seinesaintdenisledepartement\" \/>\n<meta property=\"article:published_time\" content=\"2022-12-05T16:48:39+00:00\" \/>\n<meta property=\"article:modified_time\" content=\"2023-05-09T20:04:40+00:00\" \/>\n<meta property=\"og:image\" content=\"https:\/\/seinesaintdenis.fr\/actualite\/wp-content\/uploads\/2023\/04\/4dbbaf7da65f41c2feda1f4658cf8c.jpg\" \/>\n\t<meta property=\"og:image:width\" content=\"760\" \/>\n\t<meta property=\"og:image:height\" content=\"411\" \/>\n\t<meta property=\"og:image:type\" content=\"image\/jpeg\" \/>\n<meta name=\"author\" content=\"Christophe Lehousse\" \/>\n<meta name=\"twitter:card\" content=\"summary_large_image\" \/>\n<meta name=\"twitter:creator\" content=\"@seinesaintdenis\" \/>\n<meta name=\"twitter:site\" content=\"@seinesaintdenis\" \/>\n<meta name=\"twitter:label1\" content=\"\u00c9crit par\" \/>\n\t<meta name=\"twitter:data1\" content=\"Christophe Lehousse\" \/>\n\t<meta name=\"twitter:label2\" content=\"Dur\u00e9e de lecture estim\u00e9e\" \/>\n\t<meta name=\"twitter:data2\" content=\"5 minutes\" \/>\n<script type=\"application\/ld+json\" class=\"yoast-schema-graph\">{\"@context\":\"https:\\\/\\\/schema.org\",\"@graph\":[{\"@type\":\"Article\",\"@id\":\"https:\\\/\\\/seinesaintdenis.fr\\\/actualite\\\/solidarites-sante\\\/Une-Maison-de-l-Autisme-bientot-a-Aubervilliers\\\/#article\",\"isPartOf\":{\"@id\":\"https:\\\/\\\/seinesaintdenis.fr\\\/actualite\\\/solidarites-sante\\\/Une-Maison-de-l-Autisme-bientot-a-Aubervilliers\\\/\"},\"author\":{\"name\":\"Christophe Lehousse\",\"@id\":\"https:\\\/\\\/seinesaintdenis.fr\\\/actualite\\\/#\\\/schema\\\/person\\\/b61e6c67c4017ad602f792f6b0316027\"},\"headline\":\"Une Maison de l\u2019Autisme bient\u00f4t \u00e0 Aubervilliers\",\"datePublished\":\"2022-12-05T16:48:39+00:00\",\"dateModified\":\"2023-05-09T20:04:40+00:00\",\"mainEntityOfPage\":{\"@id\":\"https:\\\/\\\/seinesaintdenis.fr\\\/actualite\\\/solidarites-sante\\\/Une-Maison-de-l-Autisme-bientot-a-Aubervilliers\\\/\"},\"wordCount\":907,\"commentCount\":0,\"publisher\":{\"@id\":\"https:\\\/\\\/seinesaintdenis.fr\\\/actualite\\\/#organization\"},\"image\":{\"@id\":\"https:\\\/\\\/seinesaintdenis.fr\\\/actualite\\\/solidarites-sante\\\/Une-Maison-de-l-Autisme-bientot-a-Aubervilliers\\\/#primaryimage\"},\"thumbnailUrl\":\"https:\\\/\\\/seinesaintdenis.fr\\\/actualite\\\/wp-content\\\/uploads\\\/2023\\\/04\\\/4dbbaf7da65f41c2feda1f4658cf8c.jpg\",\"articleSection\":[\"Handicap\",\"Solidarit\u00e9s &amp; Sant\u00e9\"],\"inLanguage\":\"fr-FR\",\"potentialAction\":[{\"@type\":\"CommentAction\",\"name\":\"Comment\",\"target\":[\"https:\\\/\\\/seinesaintdenis.fr\\\/actualite\\\/solidarites-sante\\\/Une-Maison-de-l-Autisme-bientot-a-Aubervilliers\\\/#respond\"]}]},{\"@type\":\"WebPage\",\"@id\":\"https:\\\/\\\/seinesaintdenis.fr\\\/actualite\\\/solidarites-sante\\\/Une-Maison-de-l-Autisme-bientot-a-Aubervilliers\\\/\",\"url\":\"https:\\\/\\\/seinesaintdenis.fr\\\/actualite\\\/solidarites-sante\\\/Une-Maison-de-l-Autisme-bientot-a-Aubervilliers\\\/\",\"name\":\"Une Maison de l\u2019Autisme bient\u00f4t \u00e0 Aubervilliers - Seine-Saint-Denis - L&#039;actualit\u00e9 du d\u00e9partement\",\"isPartOf\":{\"@id\":\"https:\\\/\\\/seinesaintdenis.fr\\\/actualite\\\/#website\"},\"primaryImageOfPage\":{\"@id\":\"https:\\\/\\\/seinesaintdenis.fr\\\/actualite\\\/solidarites-sante\\\/Une-Maison-de-l-Autisme-bientot-a-Aubervilliers\\\/#primaryimage\"},\"image\":{\"@id\":\"https:\\\/\\\/seinesaintdenis.fr\\\/actualite\\\/solidarites-sante\\\/Une-Maison-de-l-Autisme-bientot-a-Aubervilliers\\\/#primaryimage\"},\"thumbnailUrl\":\"https:\\\/\\\/seinesaintdenis.fr\\\/actualite\\\/wp-content\\\/uploads\\\/2023\\\/04\\\/4dbbaf7da65f41c2feda1f4658cf8c.jpg\",\"datePublished\":\"2022-12-05T16:48:39+00:00\",\"dateModified\":\"2023-05-09T20:04:40+00:00\",\"breadcrumb\":{\"@id\":\"https:\\\/\\\/seinesaintdenis.fr\\\/actualite\\\/solidarites-sante\\\/Une-Maison-de-l-Autisme-bientot-a-Aubervilliers\\\/#breadcrumb\"},\"inLanguage\":\"fr-FR\",\"potentialAction\":[{\"@type\":\"ReadAction\",\"target\":[\"https:\\\/\\\/seinesaintdenis.fr\\\/actualite\\\/solidarites-sante\\\/Une-Maison-de-l-Autisme-bientot-a-Aubervilliers\\\/\"]}]},{\"@type\":\"ImageObject\",\"inLanguage\":\"fr-FR\",\"@id\":\"https:\\\/\\\/seinesaintdenis.fr\\\/actualite\\\/solidarites-sante\\\/Une-Maison-de-l-Autisme-bientot-a-Aubervilliers\\\/#primaryimage\",\"url\":\"https:\\\/\\\/seinesaintdenis.fr\\\/actualite\\\/wp-content\\\/uploads\\\/2023\\\/04\\\/4dbbaf7da65f41c2feda1f4658cf8c.jpg\",\"contentUrl\":\"https:\\\/\\\/seinesaintdenis.fr\\\/actualite\\\/wp-content\\\/uploads\\\/2023\\\/04\\\/4dbbaf7da65f41c2feda1f4658cf8c.jpg\",\"width\":760,\"height\":411},{\"@type\":\"BreadcrumbList\",\"@id\":\"https:\\\/\\\/seinesaintdenis.fr\\\/actualite\\\/solidarites-sante\\\/Une-Maison-de-l-Autisme-bientot-a-Aubervilliers\\\/#breadcrumb\",\"itemListElement\":[{\"@type\":\"ListItem\",\"position\":1,\"name\":\"Accueil\",\"item\":\"https:\\\/\\\/seinesaintdenis.fr\\\/actualite\\\/\"},{\"@type\":\"ListItem\",\"position\":2,\"name\":\"Solidarit\u00e9s &amp; Sant\u00e9\",\"item\":\"https:\\\/\\\/seinesaintdenis.fr\\\/actualite\\\/solidarites-sante\\\/\"},{\"@type\":\"ListItem\",\"position\":3,\"name\":\"Une Maison de l\u2019Autisme bient\u00f4t \u00e0 Aubervilliers\"}]},{\"@type\":\"WebSite\",\"@id\":\"https:\\\/\\\/seinesaintdenis.fr\\\/actualite\\\/#website\",\"url\":\"https:\\\/\\\/seinesaintdenis.fr\\\/actualite\\\/\",\"name\":\"Seine-Saint-Denis - L'actualit\u00e9 du d\u00e9partement\",\"description\":\"L&#039;actualit\u00e9 du D\u00e9partement de la Seine-Saint-Denis\",\"publisher\":{\"@id\":\"https:\\\/\\\/seinesaintdenis.fr\\\/actualite\\\/#organization\"},\"potentialAction\":[{\"@type\":\"SearchAction\",\"target\":{\"@type\":\"EntryPoint\",\"urlTemplate\":\"https:\\\/\\\/seinesaintdenis.fr\\\/actualite\\\/?s={search_term_string}\"},\"query-input\":{\"@type\":\"PropertyValueSpecification\",\"valueRequired\":true,\"valueName\":\"search_term_string\"}}],\"inLanguage\":\"fr-FR\"},{\"@type\":\"Organization\",\"@id\":\"https:\\\/\\\/seinesaintdenis.fr\\\/actualite\\\/#organization\",\"name\":\"Seine-Saint-Denis - Le D\u00e9partement\",\"url\":\"https:\\\/\\\/seinesaintdenis.fr\\\/actualite\\\/\",\"logo\":{\"@type\":\"ImageObject\",\"inLanguage\":\"fr-FR\",\"@id\":\"https:\\\/\\\/seinesaintdenis.fr\\\/actualite\\\/#\\\/schema\\\/logo\\\/image\\\/\",\"url\":\"https:\\\/\\\/seinesaintdenis.fr\\\/actualite\\\/wp-content\\\/uploads\\\/2024\\\/08\\\/logo.png\",\"contentUrl\":\"https:\\\/\\\/seinesaintdenis.fr\\\/actualite\\\/wp-content\\\/uploads\\\/2024\\\/08\\\/logo.png\",\"width\":567,\"height\":172,\"caption\":\"Seine-Saint-Denis - Le D\u00e9partement\"},\"image\":{\"@id\":\"https:\\\/\\\/seinesaintdenis.fr\\\/actualite\\\/#\\\/schema\\\/logo\\\/image\\\/\"},\"sameAs\":[\"https:\\\/\\\/www.facebook.com\\\/seinesaintdenisledepartement\",\"https:\\\/\\\/x.com\\\/seinesaintdenis\",\"https:\\\/\\\/www.linkedin.com\\\/company\\\/seinesaintdenis\",\"https:\\\/\\\/www.instagram.com\\\/seine_saint_denis\\\/\",\"https:\\\/\\\/www.youtube.com\\\/channel\\\/UCR5YF9NnqiLCbnrKQgLUcIw\"]},{\"@type\":\"Person\",\"@id\":\"https:\\\/\\\/seinesaintdenis.fr\\\/actualite\\\/#\\\/schema\\\/person\\\/b61e6c67c4017ad602f792f6b0316027\",\"name\":\"Christophe Lehousse\",\"image\":{\"@type\":\"ImageObject\",\"inLanguage\":\"fr-FR\",\"@id\":\"https:\\\/\\\/secure.gravatar.com\\\/avatar\\\/474edaa980596bb8db66ecdbeb112f6442d5101a28bcd14acfd38a987868abd8?s=96&d=mm&r=g\",\"url\":\"https:\\\/\\\/secure.gravatar.com\\\/avatar\\\/474edaa980596bb8db66ecdbeb112f6442d5101a28bcd14acfd38a987868abd8?s=96&d=mm&r=g\",\"contentUrl\":\"https:\\\/\\\/secure.gravatar.com\\\/avatar\\\/474edaa980596bb8db66ecdbeb112f6442d5101a28bcd14acfd38a987868abd8?s=96&d=mm&r=g\",\"caption\":\"Christophe Lehousse\"},\"url\":\"https:\\\/\\\/seinesaintdenis.fr\\\/actualite\\\/author\\\/clehousse\\\/\"}]}<\/script>\n<!-- \/ Yoast SEO plugin. -->","yoast_head_json":{"title":"Une Maison de l\u2019Autisme bient\u00f4t \u00e0 Aubervilliers - Seine-Saint-Denis - L&#039;actualit\u00e9 du d\u00e9partement","robots":{"index":"index","follow":"follow","max-snippet":"max-snippet:-1","max-image-preview":"max-image-preview:large","max-video-preview":"max-video-preview:-1"},"canonical":"https:\/\/seinesaintdenis.fr\/actualite\/solidarites-sante\/Une-Maison-de-l-Autisme-bientot-a-Aubervilliers\/","og_locale":"fr_FR","og_type":"article","og_title":"Une Maison de l\u2019Autisme bient\u00f4t \u00e0 Aubervilliers - Seine-Saint-Denis - L&#039;actualit\u00e9 du d\u00e9partement","og_url":"https:\/\/seinesaintdenis.fr\/actualite\/solidarites-sante\/Une-Maison-de-l-Autisme-bientot-a-Aubervilliers\/","og_site_name":"Seine-Saint-Denis - L&#039;actualit\u00e9 du d\u00e9partement","article_publisher":"https:\/\/www.facebook.com\/seinesaintdenisledepartement","article_published_time":"2022-12-05T16:48:39+00:00","article_modified_time":"2023-05-09T20:04:40+00:00","og_image":[{"width":760,"height":411,"url":"https:\/\/seinesaintdenis.fr\/actualite\/wp-content\/uploads\/2023\/04\/4dbbaf7da65f41c2feda1f4658cf8c.jpg","type":"image\/jpeg"}],"author":"Christophe Lehousse","twitter_card":"summary_large_image","twitter_creator":"@seinesaintdenis","twitter_site":"@seinesaintdenis","twitter_misc":{"\u00c9crit par":"Christophe Lehousse","Dur\u00e9e de lecture estim\u00e9e":"5 minutes"},"schema":{"@context":"https:\/\/schema.org","@graph":[{"@type":"Article","@id":"https:\/\/seinesaintdenis.fr\/actualite\/solidarites-sante\/Une-Maison-de-l-Autisme-bientot-a-Aubervilliers\/#article","isPartOf":{"@id":"https:\/\/seinesaintdenis.fr\/actualite\/solidarites-sante\/Une-Maison-de-l-Autisme-bientot-a-Aubervilliers\/"},"author":{"name":"Christophe Lehousse","@id":"https:\/\/seinesaintdenis.fr\/actualite\/#\/schema\/person\/b61e6c67c4017ad602f792f6b0316027"},"headline":"Une Maison de l\u2019Autisme bient\u00f4t \u00e0 Aubervilliers","datePublished":"2022-12-05T16:48:39+00:00","dateModified":"2023-05-09T20:04:40+00:00","mainEntityOfPage":{"@id":"https:\/\/seinesaintdenis.fr\/actualite\/solidarites-sante\/Une-Maison-de-l-Autisme-bientot-a-Aubervilliers\/"},"wordCount":907,"commentCount":0,"publisher":{"@id":"https:\/\/seinesaintdenis.fr\/actualite\/#organization"},"image":{"@id":"https:\/\/seinesaintdenis.fr\/actualite\/solidarites-sante\/Une-Maison-de-l-Autisme-bientot-a-Aubervilliers\/#primaryimage"},"thumbnailUrl":"https:\/\/seinesaintdenis.fr\/actualite\/wp-content\/uploads\/2023\/04\/4dbbaf7da65f41c2feda1f4658cf8c.jpg","articleSection":["Handicap","Solidarit\u00e9s &amp; Sant\u00e9"],"inLanguage":"fr-FR","potentialAction":[{"@type":"CommentAction","name":"Comment","target":["https:\/\/seinesaintdenis.fr\/actualite\/solidarites-sante\/Une-Maison-de-l-Autisme-bientot-a-Aubervilliers\/#respond"]}]},{"@type":"WebPage","@id":"https:\/\/seinesaintdenis.fr\/actualite\/solidarites-sante\/Une-Maison-de-l-Autisme-bientot-a-Aubervilliers\/","url":"https:\/\/seinesaintdenis.fr\/actualite\/solidarites-sante\/Une-Maison-de-l-Autisme-bientot-a-Aubervilliers\/","name":"Une Maison de l\u2019Autisme bient\u00f4t \u00e0 Aubervilliers - Seine-Saint-Denis - L&#039;actualit\u00e9 du d\u00e9partement","isPartOf":{"@id":"https:\/\/seinesaintdenis.fr\/actualite\/#website"},"primaryImageOfPage":{"@id":"https:\/\/seinesaintdenis.fr\/actualite\/solidarites-sante\/Une-Maison-de-l-Autisme-bientot-a-Aubervilliers\/#primaryimage"},"image":{"@id":"https:\/\/seinesaintdenis.fr\/actualite\/solidarites-sante\/Une-Maison-de-l-Autisme-bientot-a-Aubervilliers\/#primaryimage"},"thumbnailUrl":"https:\/\/seinesaintdenis.fr\/actualite\/wp-content\/uploads\/2023\/04\/4dbbaf7da65f41c2feda1f4658cf8c.jpg","datePublished":"2022-12-05T16:48:39+00:00","dateModified":"2023-05-09T20:04:40+00:00","breadcrumb":{"@id":"https:\/\/seinesaintdenis.fr\/actualite\/solidarites-sante\/Une-Maison-de-l-Autisme-bientot-a-Aubervilliers\/#breadcrumb"},"inLanguage":"fr-FR","potentialAction":[{"@type":"ReadAction","target":["https:\/\/seinesaintdenis.fr\/actualite\/solidarites-sante\/Une-Maison-de-l-Autisme-bientot-a-Aubervilliers\/"]}]},{"@type":"ImageObject","inLanguage":"fr-FR","@id":"https:\/\/seinesaintdenis.fr\/actualite\/solidarites-sante\/Une-Maison-de-l-Autisme-bientot-a-Aubervilliers\/#primaryimage","url":"https:\/\/seinesaintdenis.fr\/actualite\/wp-content\/uploads\/2023\/04\/4dbbaf7da65f41c2feda1f4658cf8c.jpg","contentUrl":"https:\/\/seinesaintdenis.fr\/actualite\/wp-content\/uploads\/2023\/04\/4dbbaf7da65f41c2feda1f4658cf8c.jpg","width":760,"height":411},{"@type":"BreadcrumbList","@id":"https:\/\/seinesaintdenis.fr\/actualite\/solidarites-sante\/Une-Maison-de-l-Autisme-bientot-a-Aubervilliers\/#breadcrumb","itemListElement":[{"@type":"ListItem","position":1,"name":"Accueil","item":"https:\/\/seinesaintdenis.fr\/actualite\/"},{"@type":"ListItem","position":2,"name":"Solidarit\u00e9s &amp; Sant\u00e9","item":"https:\/\/seinesaintdenis.fr\/actualite\/solidarites-sante\/"},{"@type":"ListItem","position":3,"name":"Une Maison de l\u2019Autisme bient\u00f4t \u00e0 Aubervilliers"}]},{"@type":"WebSite","@id":"https:\/\/seinesaintdenis.fr\/actualite\/#website","url":"https:\/\/seinesaintdenis.fr\/actualite\/","name":"Seine-Saint-Denis - L'actualit\u00e9 du d\u00e9partement","description":"L&#039;actualit\u00e9 du D\u00e9partement de la Seine-Saint-Denis","publisher":{"@id":"https:\/\/seinesaintdenis.fr\/actualite\/#organization"},"potentialAction":[{"@type":"SearchAction","target":{"@type":"EntryPoint","urlTemplate":"https:\/\/seinesaintdenis.fr\/actualite\/?s={search_term_string}"},"query-input":{"@type":"PropertyValueSpecification","valueRequired":true,"valueName":"search_term_string"}}],"inLanguage":"fr-FR"},{"@type":"Organization","@id":"https:\/\/seinesaintdenis.fr\/actualite\/#organization","name":"Seine-Saint-Denis - Le D\u00e9partement","url":"https:\/\/seinesaintdenis.fr\/actualite\/","logo":{"@type":"ImageObject","inLanguage":"fr-FR","@id":"https:\/\/seinesaintdenis.fr\/actualite\/#\/schema\/logo\/image\/","url":"https:\/\/seinesaintdenis.fr\/actualite\/wp-content\/uploads\/2024\/08\/logo.png","contentUrl":"https:\/\/seinesaintdenis.fr\/actualite\/wp-content\/uploads\/2024\/08\/logo.png","width":567,"height":172,"caption":"Seine-Saint-Denis - Le D\u00e9partement"},"image":{"@id":"https:\/\/seinesaintdenis.fr\/actualite\/#\/schema\/logo\/image\/"},"sameAs":["https:\/\/www.facebook.com\/seinesaintdenisledepartement","https:\/\/x.com\/seinesaintdenis","https:\/\/www.linkedin.com\/company\/seinesaintdenis","https:\/\/www.instagram.com\/seine_saint_denis\/","https:\/\/www.youtube.com\/channel\/UCR5YF9NnqiLCbnrKQgLUcIw"]},{"@type":"Person","@id":"https:\/\/seinesaintdenis.fr\/actualite\/#\/schema\/person\/b61e6c67c4017ad602f792f6b0316027","name":"Christophe Lehousse","image":{"@type":"ImageObject","inLanguage":"fr-FR","@id":"https:\/\/secure.gravatar.com\/avatar\/474edaa980596bb8db66ecdbeb112f6442d5101a28bcd14acfd38a987868abd8?s=96&d=mm&r=g","url":"https:\/\/secure.gravatar.com\/avatar\/474edaa980596bb8db66ecdbeb112f6442d5101a28bcd14acfd38a987868abd8?s=96&d=mm&r=g","contentUrl":"https:\/\/secure.gravatar.com\/avatar\/474edaa980596bb8db66ecdbeb112f6442d5101a28bcd14acfd38a987868abd8?s=96&d=mm&r=g","caption":"Christophe Lehousse"},"url":"https:\/\/seinesaintdenis.fr\/actualite\/author\/clehousse\/"}]}},"_links":{"self":[{"href":"https:\/\/seinesaintdenis.fr\/actualite\/wp-json\/wp\/v2\/posts\/1249","targetHints":{"allow":["GET"]}}],"collection":[{"href":"https:\/\/seinesaintdenis.fr\/actualite\/wp-json\/wp\/v2\/posts"}],"about":[{"href":"https:\/\/seinesaintdenis.fr\/actualite\/wp-json\/wp\/v2\/types\/post"}],"author":[{"embeddable":true,"href":"https:\/\/seinesaintdenis.fr\/actualite\/wp-json\/wp\/v2\/users\/11"}],"replies":[{"embeddable":true,"href":"https:\/\/seinesaintdenis.fr\/actualite\/wp-json\/wp\/v2\/comments?post=1249"}],"version-history":[{"count":1,"href":"https:\/\/seinesaintdenis.fr\/actualite\/wp-json\/wp\/v2\/posts\/1249\/revisions"}],"predecessor-version":[{"id":1995,"href":"https:\/\/seinesaintdenis.fr\/actualite\/wp-json\/wp\/v2\/posts\/1249\/revisions\/1995"}],"wp:featuredmedia":[{"embeddable":true,"href":"https:\/\/seinesaintdenis.fr\/actualite\/wp-json\/wp\/v2\/media\/1250"}],"wp:attachment":[{"href":"https:\/\/seinesaintdenis.fr\/actualite\/wp-json\/wp\/v2\/media?parent=1249"}],"wp:term":[{"taxonomy":"category","embeddable":true,"href":"https:\/\/seinesaintdenis.fr\/actualite\/wp-json\/wp\/v2\/categories?post=1249"},{"taxonomy":"ville","embeddable":true,"href":"https:\/\/seinesaintdenis.fr\/actualite\/wp-json\/wp\/v2\/ville?post=1249"}],"curies":[{"name":"wp","href":"https:\/\/api.w.org\/{rel}","templated":true}]}}