{"id":12171,"date":"2024-01-10T10:37:56","date_gmt":"2024-01-10T09:37:56","guid":{"rendered":"https:\/\/seinesaintdenis.fr\/actualite\/?p=12171"},"modified":"2024-01-12T14:30:21","modified_gmt":"2024-01-12T13:30:21","slug":"Alois-Brunner-le-bourreau-de-Drancy","status":"publish","type":"post","link":"https:\/\/seinesaintdenis.fr\/actualite\/culture-patrimoine\/memoire\/Alois-Brunner-le-bourreau-de-Drancy\/","title":{"rendered":"Alo\u00efs Brunner, le bourreau de Drancy"},"content":{"rendered":"","protected":false},"excerpt":{"rendered":"","protected":false},"author":13,"featured_media":12174,"comment_status":"open","ping_status":"open","sticky":false,"template":"","format":"standard","meta":{"_acf_changed":false,"footnotes":""},"categories":[135],"ville":[],"class_list":["post-12171","post","type-post","status-publish","format-standard","has-post-thumbnail","hentry","category-memoire"],"acf":[],"yoast_head":"<!-- This site is optimized with the Yoast SEO plugin v27.5 - https:\/\/yoast.com\/product\/yoast-seo-wordpress\/ -->\n<title>Alo\u00efs Brunner, le bourreau de Drancy - Seine-Saint-Denis - L&#039;actualit\u00e9 du d\u00e9partement<\/title>\n<meta name=\"description\" content=\"Jeudi 11 janvier \u00e0 23.00, France 3 \u00cele-de-France a diffus\u00e9 le film in\u00e9dit de Philippe Tourancheau sur Alo\u00efs Brunner. Membre du parti nazi et officier SS, il a dirig\u00e9 de la fa\u00e7on la plus brutale et la plus perverse le camp de Drancy d\u2019o\u00f9 il fit partir plus de 20 000 Juifs vers les camps de la mort. Pour la premi\u00e8re fois, survivant\u00b7e\u00b7s, historien\u00b7ne\u00b7s et enqu\u00eateur\u2022rice\u00b7s racontent l&#039;histoire terrifiante du bourreau de Drancy.\" \/>\n<meta name=\"robots\" content=\"index, follow, max-snippet:-1, max-image-preview:large, max-video-preview:-1\" \/>\n<link rel=\"canonical\" href=\"https:\/\/seinesaintdenis.fr\/actualite\/culture-patrimoine\/memoire\/Alois-Brunner-le-bourreau-de-Drancy\/\" \/>\n<meta property=\"og:locale\" content=\"fr_FR\" \/>\n<meta property=\"og:type\" content=\"article\" \/>\n<meta property=\"og:title\" content=\"Alo\u00efs Brunner, le bourreau de Drancy - Seine-Saint-Denis - L&#039;actualit\u00e9 du d\u00e9partement\" \/>\n<meta property=\"og:description\" content=\"Jeudi 11 janvier \u00e0 23.00, France 3 \u00cele-de-France a diffus\u00e9 le film in\u00e9dit de Philippe Tourancheau sur Alo\u00efs Brunner. Membre du parti nazi et officier SS, il a dirig\u00e9 de la fa\u00e7on la plus brutale et la plus perverse le camp de Drancy d\u2019o\u00f9 il fit partir plus de 20 000 Juifs vers les camps de la mort. Pour la premi\u00e8re fois, survivant\u00b7e\u00b7s, historien\u00b7ne\u00b7s et enqu\u00eateur\u2022rice\u00b7s racontent l&#039;histoire terrifiante du bourreau de Drancy.\" \/>\n<meta property=\"og:url\" content=\"https:\/\/seinesaintdenis.fr\/actualite\/culture-patrimoine\/memoire\/Alois-Brunner-le-bourreau-de-Drancy\/\" \/>\n<meta property=\"og:site_name\" content=\"Seine-Saint-Denis - L&#039;actualit\u00e9 du d\u00e9partement\" \/>\n<meta property=\"article:publisher\" content=\"https:\/\/www.facebook.com\/seinesaintdenisledepartement\" \/>\n<meta property=\"article:published_time\" content=\"2024-01-10T09:37:56+00:00\" \/>\n<meta property=\"article:modified_time\" content=\"2024-01-12T13:30:21+00:00\" \/>\n<meta property=\"og:image\" content=\"https:\/\/seinesaintdenis.fr\/actualite\/wp-content\/uploads\/2024\/01\/alois.jpg\" \/>\n\t<meta property=\"og:image:width\" content=\"1080\" \/>\n\t<meta property=\"og:image:height\" content=\"560\" \/>\n\t<meta property=\"og:image:type\" content=\"image\/jpeg\" \/>\n<meta name=\"author\" content=\"Georges Makowski\" \/>\n<meta name=\"twitter:card\" content=\"summary_large_image\" \/>\n<meta name=\"twitter:creator\" content=\"@seinesaintdenis\" \/>\n<meta name=\"twitter:site\" content=\"@seinesaintdenis\" \/>\n<meta name=\"twitter:label1\" content=\"\u00c9crit par\" \/>\n\t<meta name=\"twitter:data1\" content=\"Georges Makowski\" \/>\n<script type=\"application\/ld+json\" class=\"yoast-schema-graph\">{\"@context\":\"https:\\\/\\\/schema.org\",\"@graph\":[{\"@type\":\"Article\",\"@id\":\"https:\\\/\\\/seinesaintdenis.fr\\\/actualite\\\/culture-patrimoine\\\/memoire\\\/Alois-Brunner-le-bourreau-de-Drancy\\\/#article\",\"isPartOf\":{\"@id\":\"https:\\\/\\\/seinesaintdenis.fr\\\/actualite\\\/culture-patrimoine\\\/memoire\\\/Alois-Brunner-le-bourreau-de-Drancy\\\/\"},\"author\":{\"name\":\"Georges Makowski\",\"@id\":\"https:\\\/\\\/seinesaintdenis.fr\\\/actualite\\\/#\\\/schema\\\/person\\\/c3f728fd708de8fb2ce6a6854e52268e\"},\"headline\":\"Alo\u00efs Brunner, le bourreau de Drancy\",\"datePublished\":\"2024-01-10T09:37:56+00:00\",\"dateModified\":\"2024-01-12T13:30:21+00:00\",\"mainEntityOfPage\":{\"@id\":\"https:\\\/\\\/seinesaintdenis.fr\\\/actualite\\\/culture-patrimoine\\\/memoire\\\/Alois-Brunner-le-bourreau-de-Drancy\\\/\"},\"wordCount\":7,\"commentCount\":0,\"publisher\":{\"@id\":\"https:\\\/\\\/seinesaintdenis.fr\\\/actualite\\\/#organization\"},\"image\":{\"@id\":\"https:\\\/\\\/seinesaintdenis.fr\\\/actualite\\\/culture-patrimoine\\\/memoire\\\/Alois-Brunner-le-bourreau-de-Drancy\\\/#primaryimage\"},\"thumbnailUrl\":\"https:\\\/\\\/seinesaintdenis.fr\\\/actualite\\\/wp-content\\\/uploads\\\/2024\\\/01\\\/alois.jpg\",\"articleSection\":[\"M\u00e9moire\"],\"inLanguage\":\"fr-FR\",\"potentialAction\":[{\"@type\":\"CommentAction\",\"name\":\"Comment\",\"target\":[\"https:\\\/\\\/seinesaintdenis.fr\\\/actualite\\\/culture-patrimoine\\\/memoire\\\/Alois-Brunner-le-bourreau-de-Drancy\\\/#respond\"]}]},{\"@type\":\"WebPage\",\"@id\":\"https:\\\/\\\/seinesaintdenis.fr\\\/actualite\\\/culture-patrimoine\\\/memoire\\\/Alois-Brunner-le-bourreau-de-Drancy\\\/\",\"url\":\"https:\\\/\\\/seinesaintdenis.fr\\\/actualite\\\/culture-patrimoine\\\/memoire\\\/Alois-Brunner-le-bourreau-de-Drancy\\\/\",\"name\":\"Alo\u00efs Brunner, le bourreau de Drancy - Seine-Saint-Denis - L&#039;actualit\u00e9 du d\u00e9partement\",\"isPartOf\":{\"@id\":\"https:\\\/\\\/seinesaintdenis.fr\\\/actualite\\\/#website\"},\"primaryImageOfPage\":{\"@id\":\"https:\\\/\\\/seinesaintdenis.fr\\\/actualite\\\/culture-patrimoine\\\/memoire\\\/Alois-Brunner-le-bourreau-de-Drancy\\\/#primaryimage\"},\"image\":{\"@id\":\"https:\\\/\\\/seinesaintdenis.fr\\\/actualite\\\/culture-patrimoine\\\/memoire\\\/Alois-Brunner-le-bourreau-de-Drancy\\\/#primaryimage\"},\"thumbnailUrl\":\"https:\\\/\\\/seinesaintdenis.fr\\\/actualite\\\/wp-content\\\/uploads\\\/2024\\\/01\\\/alois.jpg\",\"datePublished\":\"2024-01-10T09:37:56+00:00\",\"dateModified\":\"2024-01-12T13:30:21+00:00\",\"description\":\"Jeudi 11 janvier \u00e0 23.00, France 3 \u00cele-de-France a diffus\u00e9 le film in\u00e9dit de Philippe Tourancheau sur Alo\u00efs Brunner. Membre du parti nazi et officier SS, il a dirig\u00e9 de la fa\u00e7on la plus brutale et la plus perverse le camp de Drancy d\u2019o\u00f9 il fit partir plus de 20 000 Juifs vers les camps de la mort. Pour la premi\u00e8re fois, survivant\u00b7e\u00b7s, historien\u00b7ne\u00b7s et enqu\u00eateur\u2022rice\u00b7s racontent l'histoire terrifiante du bourreau de Drancy.\",\"breadcrumb\":{\"@id\":\"https:\\\/\\\/seinesaintdenis.fr\\\/actualite\\\/culture-patrimoine\\\/memoire\\\/Alois-Brunner-le-bourreau-de-Drancy\\\/#breadcrumb\"},\"inLanguage\":\"fr-FR\",\"potentialAction\":[{\"@type\":\"ReadAction\",\"target\":[\"https:\\\/\\\/seinesaintdenis.fr\\\/actualite\\\/culture-patrimoine\\\/memoire\\\/Alois-Brunner-le-bourreau-de-Drancy\\\/\"]}]},{\"@type\":\"ImageObject\",\"inLanguage\":\"fr-FR\",\"@id\":\"https:\\\/\\\/seinesaintdenis.fr\\\/actualite\\\/culture-patrimoine\\\/memoire\\\/Alois-Brunner-le-bourreau-de-Drancy\\\/#primaryimage\",\"url\":\"https:\\\/\\\/seinesaintdenis.fr\\\/actualite\\\/wp-content\\\/uploads\\\/2024\\\/01\\\/alois.jpg\",\"contentUrl\":\"https:\\\/\\\/seinesaintdenis.fr\\\/actualite\\\/wp-content\\\/uploads\\\/2024\\\/01\\\/alois.jpg\",\"width\":1080,\"height\":560,\"caption\":\"Dirigeant camp de Drancy\"},{\"@type\":\"BreadcrumbList\",\"@id\":\"https:\\\/\\\/seinesaintdenis.fr\\\/actualite\\\/culture-patrimoine\\\/memoire\\\/Alois-Brunner-le-bourreau-de-Drancy\\\/#breadcrumb\",\"itemListElement\":[{\"@type\":\"ListItem\",\"position\":1,\"name\":\"Accueil\",\"item\":\"https:\\\/\\\/seinesaintdenis.fr\\\/actualite\\\/\"},{\"@type\":\"ListItem\",\"position\":2,\"name\":\"Culture &amp; Patrimoine\",\"item\":\"https:\\\/\\\/seinesaintdenis.fr\\\/actualite\\\/culture-patrimoine\\\/\"},{\"@type\":\"ListItem\",\"position\":3,\"name\":\"M\u00e9moire\",\"item\":\"https:\\\/\\\/seinesaintdenis.fr\\\/actualite\\\/culture-patrimoine\\\/memoire\\\/\"},{\"@type\":\"ListItem\",\"position\":4,\"name\":\"Alo\u00efs Brunner, le bourreau de Drancy\"}]},{\"@type\":\"WebSite\",\"@id\":\"https:\\\/\\\/seinesaintdenis.fr\\\/actualite\\\/#website\",\"url\":\"https:\\\/\\\/seinesaintdenis.fr\\\/actualite\\\/\",\"name\":\"Seine-Saint-Denis - L'actualit\u00e9 du d\u00e9partement\",\"description\":\"L&#039;actualit\u00e9 du D\u00e9partement de la Seine-Saint-Denis\",\"publisher\":{\"@id\":\"https:\\\/\\\/seinesaintdenis.fr\\\/actualite\\\/#organization\"},\"potentialAction\":[{\"@type\":\"SearchAction\",\"target\":{\"@type\":\"EntryPoint\",\"urlTemplate\":\"https:\\\/\\\/seinesaintdenis.fr\\\/actualite\\\/?s={search_term_string}\"},\"query-input\":{\"@type\":\"PropertyValueSpecification\",\"valueRequired\":true,\"valueName\":\"search_term_string\"}}],\"inLanguage\":\"fr-FR\"},{\"@type\":\"Organization\",\"@id\":\"https:\\\/\\\/seinesaintdenis.fr\\\/actualite\\\/#organization\",\"name\":\"Seine-Saint-Denis - Le D\u00e9partement\",\"url\":\"https:\\\/\\\/seinesaintdenis.fr\\\/actualite\\\/\",\"logo\":{\"@type\":\"ImageObject\",\"inLanguage\":\"fr-FR\",\"@id\":\"https:\\\/\\\/seinesaintdenis.fr\\\/actualite\\\/#\\\/schema\\\/logo\\\/image\\\/\",\"url\":\"https:\\\/\\\/seinesaintdenis.fr\\\/actualite\\\/wp-content\\\/uploads\\\/2024\\\/08\\\/logo.png\",\"contentUrl\":\"https:\\\/\\\/seinesaintdenis.fr\\\/actualite\\\/wp-content\\\/uploads\\\/2024\\\/08\\\/logo.png\",\"width\":567,\"height\":172,\"caption\":\"Seine-Saint-Denis - Le D\u00e9partement\"},\"image\":{\"@id\":\"https:\\\/\\\/seinesaintdenis.fr\\\/actualite\\\/#\\\/schema\\\/logo\\\/image\\\/\"},\"sameAs\":[\"https:\\\/\\\/www.facebook.com\\\/seinesaintdenisledepartement\",\"https:\\\/\\\/x.com\\\/seinesaintdenis\",\"https:\\\/\\\/www.linkedin.com\\\/company\\\/seinesaintdenis\",\"https:\\\/\\\/www.instagram.com\\\/seine_saint_denis\\\/\",\"https:\\\/\\\/www.youtube.com\\\/channel\\\/UCR5YF9NnqiLCbnrKQgLUcIw\"]},{\"@type\":\"Person\",\"@id\":\"https:\\\/\\\/seinesaintdenis.fr\\\/actualite\\\/#\\\/schema\\\/person\\\/c3f728fd708de8fb2ce6a6854e52268e\",\"name\":\"Georges Makowski\",\"image\":{\"@type\":\"ImageObject\",\"inLanguage\":\"fr-FR\",\"@id\":\"https:\\\/\\\/secure.gravatar.com\\\/avatar\\\/46b2f39325eb4f13bca1f2f3ef377aad0c59043ba486c9808789e35bd9a844ae?s=96&d=mm&r=g\",\"url\":\"https:\\\/\\\/secure.gravatar.com\\\/avatar\\\/46b2f39325eb4f13bca1f2f3ef377aad0c59043ba486c9808789e35bd9a844ae?s=96&d=mm&r=g\",\"contentUrl\":\"https:\\\/\\\/secure.gravatar.com\\\/avatar\\\/46b2f39325eb4f13bca1f2f3ef377aad0c59043ba486c9808789e35bd9a844ae?s=96&d=mm&r=g\",\"caption\":\"Georges Makowski\"},\"url\":\"https:\\\/\\\/seinesaintdenis.fr\\\/actualite\\\/author\\\/gmakowski\\\/\"}]}<\/script>\n<!-- \/ Yoast SEO plugin. -->","yoast_head_json":{"title":"Alo\u00efs Brunner, le bourreau de Drancy - Seine-Saint-Denis - L&#039;actualit\u00e9 du d\u00e9partement","description":"Jeudi 11 janvier \u00e0 23.00, France 3 \u00cele-de-France a diffus\u00e9 le film in\u00e9dit de Philippe Tourancheau sur Alo\u00efs Brunner. Membre du parti nazi et officier SS, il a dirig\u00e9 de la fa\u00e7on la plus brutale et la plus perverse le camp de Drancy d\u2019o\u00f9 il fit partir plus de 20 000 Juifs vers les camps de la mort. Pour la premi\u00e8re fois, survivant\u00b7e\u00b7s, historien\u00b7ne\u00b7s et enqu\u00eateur\u2022rice\u00b7s racontent l'histoire terrifiante du bourreau de Drancy.","robots":{"index":"index","follow":"follow","max-snippet":"max-snippet:-1","max-image-preview":"max-image-preview:large","max-video-preview":"max-video-preview:-1"},"canonical":"https:\/\/seinesaintdenis.fr\/actualite\/culture-patrimoine\/memoire\/Alois-Brunner-le-bourreau-de-Drancy\/","og_locale":"fr_FR","og_type":"article","og_title":"Alo\u00efs Brunner, le bourreau de Drancy - Seine-Saint-Denis - L&#039;actualit\u00e9 du d\u00e9partement","og_description":"Jeudi 11 janvier \u00e0 23.00, France 3 \u00cele-de-France a diffus\u00e9 le film in\u00e9dit de Philippe Tourancheau sur Alo\u00efs Brunner. Membre du parti nazi et officier SS, il a dirig\u00e9 de la fa\u00e7on la plus brutale et la plus perverse le camp de Drancy d\u2019o\u00f9 il fit partir plus de 20 000 Juifs vers les camps de la mort. Pour la premi\u00e8re fois, survivant\u00b7e\u00b7s, historien\u00b7ne\u00b7s et enqu\u00eateur\u2022rice\u00b7s racontent l'histoire terrifiante du bourreau de Drancy.","og_url":"https:\/\/seinesaintdenis.fr\/actualite\/culture-patrimoine\/memoire\/Alois-Brunner-le-bourreau-de-Drancy\/","og_site_name":"Seine-Saint-Denis - L&#039;actualit\u00e9 du d\u00e9partement","article_publisher":"https:\/\/www.facebook.com\/seinesaintdenisledepartement","article_published_time":"2024-01-10T09:37:56+00:00","article_modified_time":"2024-01-12T13:30:21+00:00","og_image":[{"width":1080,"height":560,"url":"https:\/\/seinesaintdenis.fr\/actualite\/wp-content\/uploads\/2024\/01\/alois.jpg","type":"image\/jpeg"}],"author":"Georges Makowski","twitter_card":"summary_large_image","twitter_creator":"@seinesaintdenis","twitter_site":"@seinesaintdenis","twitter_misc":{"\u00c9crit par":"Georges Makowski"},"schema":{"@context":"https:\/\/schema.org","@graph":[{"@type":"Article","@id":"https:\/\/seinesaintdenis.fr\/actualite\/culture-patrimoine\/memoire\/Alois-Brunner-le-bourreau-de-Drancy\/#article","isPartOf":{"@id":"https:\/\/seinesaintdenis.fr\/actualite\/culture-patrimoine\/memoire\/Alois-Brunner-le-bourreau-de-Drancy\/"},"author":{"name":"Georges Makowski","@id":"https:\/\/seinesaintdenis.fr\/actualite\/#\/schema\/person\/c3f728fd708de8fb2ce6a6854e52268e"},"headline":"Alo\u00efs Brunner, le bourreau de Drancy","datePublished":"2024-01-10T09:37:56+00:00","dateModified":"2024-01-12T13:30:21+00:00","mainEntityOfPage":{"@id":"https:\/\/seinesaintdenis.fr\/actualite\/culture-patrimoine\/memoire\/Alois-Brunner-le-bourreau-de-Drancy\/"},"wordCount":7,"commentCount":0,"publisher":{"@id":"https:\/\/seinesaintdenis.fr\/actualite\/#organization"},"image":{"@id":"https:\/\/seinesaintdenis.fr\/actualite\/culture-patrimoine\/memoire\/Alois-Brunner-le-bourreau-de-Drancy\/#primaryimage"},"thumbnailUrl":"https:\/\/seinesaintdenis.fr\/actualite\/wp-content\/uploads\/2024\/01\/alois.jpg","articleSection":["M\u00e9moire"],"inLanguage":"fr-FR","potentialAction":[{"@type":"CommentAction","name":"Comment","target":["https:\/\/seinesaintdenis.fr\/actualite\/culture-patrimoine\/memoire\/Alois-Brunner-le-bourreau-de-Drancy\/#respond"]}]},{"@type":"WebPage","@id":"https:\/\/seinesaintdenis.fr\/actualite\/culture-patrimoine\/memoire\/Alois-Brunner-le-bourreau-de-Drancy\/","url":"https:\/\/seinesaintdenis.fr\/actualite\/culture-patrimoine\/memoire\/Alois-Brunner-le-bourreau-de-Drancy\/","name":"Alo\u00efs Brunner, le bourreau de Drancy - Seine-Saint-Denis - L&#039;actualit\u00e9 du d\u00e9partement","isPartOf":{"@id":"https:\/\/seinesaintdenis.fr\/actualite\/#website"},"primaryImageOfPage":{"@id":"https:\/\/seinesaintdenis.fr\/actualite\/culture-patrimoine\/memoire\/Alois-Brunner-le-bourreau-de-Drancy\/#primaryimage"},"image":{"@id":"https:\/\/seinesaintdenis.fr\/actualite\/culture-patrimoine\/memoire\/Alois-Brunner-le-bourreau-de-Drancy\/#primaryimage"},"thumbnailUrl":"https:\/\/seinesaintdenis.fr\/actualite\/wp-content\/uploads\/2024\/01\/alois.jpg","datePublished":"2024-01-10T09:37:56+00:00","dateModified":"2024-01-12T13:30:21+00:00","description":"Jeudi 11 janvier \u00e0 23.00, France 3 \u00cele-de-France a diffus\u00e9 le film in\u00e9dit de Philippe Tourancheau sur Alo\u00efs Brunner. Membre du parti nazi et officier SS, il a dirig\u00e9 de la fa\u00e7on la plus brutale et la plus perverse le camp de Drancy d\u2019o\u00f9 il fit partir plus de 20 000 Juifs vers les camps de la mort. Pour la premi\u00e8re fois, survivant\u00b7e\u00b7s, historien\u00b7ne\u00b7s et enqu\u00eateur\u2022rice\u00b7s racontent l'histoire terrifiante du bourreau de Drancy.","breadcrumb":{"@id":"https:\/\/seinesaintdenis.fr\/actualite\/culture-patrimoine\/memoire\/Alois-Brunner-le-bourreau-de-Drancy\/#breadcrumb"},"inLanguage":"fr-FR","potentialAction":[{"@type":"ReadAction","target":["https:\/\/seinesaintdenis.fr\/actualite\/culture-patrimoine\/memoire\/Alois-Brunner-le-bourreau-de-Drancy\/"]}]},{"@type":"ImageObject","inLanguage":"fr-FR","@id":"https:\/\/seinesaintdenis.fr\/actualite\/culture-patrimoine\/memoire\/Alois-Brunner-le-bourreau-de-Drancy\/#primaryimage","url":"https:\/\/seinesaintdenis.fr\/actualite\/wp-content\/uploads\/2024\/01\/alois.jpg","contentUrl":"https:\/\/seinesaintdenis.fr\/actualite\/wp-content\/uploads\/2024\/01\/alois.jpg","width":1080,"height":560,"caption":"Dirigeant camp de Drancy"},{"@type":"BreadcrumbList","@id":"https:\/\/seinesaintdenis.fr\/actualite\/culture-patrimoine\/memoire\/Alois-Brunner-le-bourreau-de-Drancy\/#breadcrumb","itemListElement":[{"@type":"ListItem","position":1,"name":"Accueil","item":"https:\/\/seinesaintdenis.fr\/actualite\/"},{"@type":"ListItem","position":2,"name":"Culture &amp; Patrimoine","item":"https:\/\/seinesaintdenis.fr\/actualite\/culture-patrimoine\/"},{"@type":"ListItem","position":3,"name":"M\u00e9moire","item":"https:\/\/seinesaintdenis.fr\/actualite\/culture-patrimoine\/memoire\/"},{"@type":"ListItem","position":4,"name":"Alo\u00efs Brunner, le bourreau de Drancy"}]},{"@type":"WebSite","@id":"https:\/\/seinesaintdenis.fr\/actualite\/#website","url":"https:\/\/seinesaintdenis.fr\/actualite\/","name":"Seine-Saint-Denis - L'actualit\u00e9 du d\u00e9partement","description":"L&#039;actualit\u00e9 du D\u00e9partement de la Seine-Saint-Denis","publisher":{"@id":"https:\/\/seinesaintdenis.fr\/actualite\/#organization"},"potentialAction":[{"@type":"SearchAction","target":{"@type":"EntryPoint","urlTemplate":"https:\/\/seinesaintdenis.fr\/actualite\/?s={search_term_string}"},"query-input":{"@type":"PropertyValueSpecification","valueRequired":true,"valueName":"search_term_string"}}],"inLanguage":"fr-FR"},{"@type":"Organization","@id":"https:\/\/seinesaintdenis.fr\/actualite\/#organization","name":"Seine-Saint-Denis - Le D\u00e9partement","url":"https:\/\/seinesaintdenis.fr\/actualite\/","logo":{"@type":"ImageObject","inLanguage":"fr-FR","@id":"https:\/\/seinesaintdenis.fr\/actualite\/#\/schema\/logo\/image\/","url":"https:\/\/seinesaintdenis.fr\/actualite\/wp-content\/uploads\/2024\/08\/logo.png","contentUrl":"https:\/\/seinesaintdenis.fr\/actualite\/wp-content\/uploads\/2024\/08\/logo.png","width":567,"height":172,"caption":"Seine-Saint-Denis - Le D\u00e9partement"},"image":{"@id":"https:\/\/seinesaintdenis.fr\/actualite\/#\/schema\/logo\/image\/"},"sameAs":["https:\/\/www.facebook.com\/seinesaintdenisledepartement","https:\/\/x.com\/seinesaintdenis","https:\/\/www.linkedin.com\/company\/seinesaintdenis","https:\/\/www.instagram.com\/seine_saint_denis\/","https:\/\/www.youtube.com\/channel\/UCR5YF9NnqiLCbnrKQgLUcIw"]},{"@type":"Person","@id":"https:\/\/seinesaintdenis.fr\/actualite\/#\/schema\/person\/c3f728fd708de8fb2ce6a6854e52268e","name":"Georges Makowski","image":{"@type":"ImageObject","inLanguage":"fr-FR","@id":"https:\/\/secure.gravatar.com\/avatar\/46b2f39325eb4f13bca1f2f3ef377aad0c59043ba486c9808789e35bd9a844ae?s=96&d=mm&r=g","url":"https:\/\/secure.gravatar.com\/avatar\/46b2f39325eb4f13bca1f2f3ef377aad0c59043ba486c9808789e35bd9a844ae?s=96&d=mm&r=g","contentUrl":"https:\/\/secure.gravatar.com\/avatar\/46b2f39325eb4f13bca1f2f3ef377aad0c59043ba486c9808789e35bd9a844ae?s=96&d=mm&r=g","caption":"Georges Makowski"},"url":"https:\/\/seinesaintdenis.fr\/actualite\/author\/gmakowski\/"}]}},"_links":{"self":[{"href":"https:\/\/seinesaintdenis.fr\/actualite\/wp-json\/wp\/v2\/posts\/12171","targetHints":{"allow":["GET"]}}],"collection":[{"href":"https:\/\/seinesaintdenis.fr\/actualite\/wp-json\/wp\/v2\/posts"}],"about":[{"href":"https:\/\/seinesaintdenis.fr\/actualite\/wp-json\/wp\/v2\/types\/post"}],"author":[{"embeddable":true,"href":"https:\/\/seinesaintdenis.fr\/actualite\/wp-json\/wp\/v2\/users\/13"}],"replies":[{"embeddable":true,"href":"https:\/\/seinesaintdenis.fr\/actualite\/wp-json\/wp\/v2\/comments?post=12171"}],"version-history":[{"count":6,"href":"https:\/\/seinesaintdenis.fr\/actualite\/wp-json\/wp\/v2\/posts\/12171\/revisions"}],"predecessor-version":[{"id":12207,"href":"https:\/\/seinesaintdenis.fr\/actualite\/wp-json\/wp\/v2\/posts\/12171\/revisions\/12207"}],"wp:featuredmedia":[{"embeddable":true,"href":"https:\/\/seinesaintdenis.fr\/actualite\/wp-json\/wp\/v2\/media\/12174"}],"wp:attachment":[{"href":"https:\/\/seinesaintdenis.fr\/actualite\/wp-json\/wp\/v2\/media?parent=12171"}],"wp:term":[{"taxonomy":"category","embeddable":true,"href":"https:\/\/seinesaintdenis.fr\/actualite\/wp-json\/wp\/v2\/categories?post=12171"},{"taxonomy":"ville","embeddable":true,"href":"https:\/\/seinesaintdenis.fr\/actualite\/wp-json\/wp\/v2\/ville?post=12171"}],"curies":[{"name":"wp","href":"https:\/\/api.w.org\/{rel}","templated":true}]}}