{"id":1183,"date":"2023-11-08T09:00:00","date_gmt":"2023-11-08T08:00:00","guid":{"rendered":"https:\/\/seinesaintdenis.fr\/actualite\/uncategorized\/Don-du-sang-il-y-a-urgence-a-donner-des-maintenant\/"},"modified":"2024-05-23T15:01:07","modified_gmt":"2024-05-23T13:01:07","slug":"Don-du-sang-il-y-a-urgence-a-donner-des-maintenant","status":"publish","type":"post","link":"https:\/\/seinesaintdenis.fr\/actualite\/solidarites-sante\/Don-du-sang-il-y-a-urgence-a-donner-des-maintenant\/","title":{"rendered":"Partagez votre pouvoir, donnez votre sang !"},"content":{"rendered":"<p>C\u2019est facile, il n\u2019y a aucun risque et vous pouvez sauver la vie de trois patient\u00b7e\u00b7s actuellement en danger. Les collectes de sang souffrent en effet d\u2019une baisse de fr\u00e9quentation alors que 20 000 poches de globules rouges manquent encore pour pouvoir r\u00e9pondre sereinement aux besoins des malades. N\u2019attendez plus, c\u2019est maintenant qu\u2019il faut agir\u00a0!<\/p>\n<h3 class=\"spip\">Le calendrier des collectes de mars et avril 2023<\/h3>\n<p>Tous \u00e0 vos agendas\u00a0! Les camions de l\u2019EFS vont s\u2019arr\u00eater pour d\u00e9ployer des collectes dans diff\u00e9rentes villes de Seine-Saint-Denis. Les prochaines dates\u00a0:<\/p>\n<p><img loading=\"lazy\" decoding=\"async\" class=\"puce\" src=\"squelettes-dist\/puce.gif\" alt=\"-\" width=\"8\" height=\"11\" \/>\u00a0<strong>Jeudi 30 mars<\/strong> de 15h \u00e0 19h30 \u00e0 Villepinte, Espaces Verts, Avenue Jean Fourgeaud-Esplanade Aim\u00e9 C\u00e9saire<\/p>\n<p><img loading=\"lazy\" decoding=\"async\" class=\"puce\" src=\"squelettes-dist\/puce.gif\" alt=\"-\" width=\"8\" height=\"11\" \/>\u00a0<strong>Vendredi 31 mars<\/strong> de 15h \u00e0 19h30 \u00e0 Pantin, salle Andr\u00e9 Breton, 25 rue du Pr\u00e9-Saint-Gervais.<\/p>\n<p><img loading=\"lazy\" decoding=\"async\" class=\"puce\" src=\"squelettes-dist\/puce.gif\" alt=\"-\" width=\"8\" height=\"11\" \/>\u00a0<strong>Mardi 4 avril<\/strong> de 14h au Pr\u00e9-Saint-Gervais, gymnase Nodier, 48 rue de Stalingrad<\/p>\n<p><img loading=\"lazy\" decoding=\"async\" class=\"puce\" src=\"squelettes-dist\/puce.gif\" alt=\"-\" width=\"8\" height=\"11\" \/>\u00a0<strong>Vendredi 7 avril<\/strong> de 14h30 \u00e0 19h30 \u00e0 Saint-Denis, salle de la L\u00e9gion d\u2019honneur, 6 rue de la L\u00e9gion d\u2019honneur<\/p>\n<p><img loading=\"lazy\" decoding=\"async\" class=\"puce\" src=\"squelettes-dist\/puce.gif\" alt=\"-\" width=\"8\" height=\"11\" \/>\u00a0<strong>Samedi 8 avril<\/strong> de 10h \u00e0 15h \u00e0 Gournay-sur-Marne, salle Marceau, 3 rue de l\u2019alouette<\/p>\n<p><img loading=\"lazy\" decoding=\"async\" class=\"puce\" src=\"squelettes-dist\/puce.gif\" alt=\"-\" width=\"8\" height=\"11\" \/>\u00a0<strong>Lundi 11 avril<\/strong> de 14h30 \u00e0 19h30 \u00e0 Aulnay-sous-Bois, salle Chanteloup, 4 avenue de Nonneville<\/p>\n<p><img loading=\"lazy\" decoding=\"async\" class=\"puce\" src=\"squelettes-dist\/puce.gif\" alt=\"-\" width=\"8\" height=\"11\" \/>\u00a0<strong>Lundi 17 avril<\/strong> de 14h \u00e0 19h \u00e0 Villemomble, m\u00e9diath\u00e8que, 118 grande rue<\/p>\n<p><img loading=\"lazy\" decoding=\"async\" class=\"puce\" src=\"squelettes-dist\/puce.gif\" alt=\"-\" width=\"8\" height=\"11\" \/>\u00a0<strong>Mardi 18 avril<\/strong> de 15h \u00e0 20h \u00e0 Clichy-sous-Bois, salle Charlotte Petit, Place du 11 novembre 1918<\/p>\n<p><img loading=\"lazy\" decoding=\"async\" class=\"puce\" src=\"squelettes-dist\/puce.gif\" alt=\"-\" width=\"8\" height=\"11\" \/>\u00a0<strong>Mardi 25 avril<\/strong> de 14h30 \u00e0 19h au Blanc-Mesnil, Espace Eiffel, 156 avenue Charles Floquet<\/p>\n<p><img loading=\"lazy\" decoding=\"async\" class=\"puce\" src=\"squelettes-dist\/puce.gif\" alt=\"-\" width=\"8\" height=\"11\" \/>\u00a0<strong>Mercredi 26 avril<\/strong> de 14h30 \u00e0 19h30 \u00e0 Montfermeil, salle des f\u00eates de Franceville<\/p>\n<p><img loading=\"lazy\" decoding=\"async\" class=\"puce\" src=\"squelettes-dist\/puce.gif\" alt=\"-\" width=\"8\" height=\"11\" \/>\u00a0<strong>Jeudi 27 avril<\/strong> de 14h30 \u00e0 19h \u00e0 l\u2019H\u00f4tel de Ville de Drancy, Place de l\u2019H\u00f4tel de Ville<\/p>\n<p><img loading=\"lazy\" decoding=\"async\" class=\"puce\" src=\"squelettes-dist\/puce.gif\" alt=\"-\" width=\"8\" height=\"11\" \/>\u00a0<strong>Jeudi 27 avril<\/strong> de 12h \u00e0 17h \u00e0 Montreuil, H\u00f4pital Andr\u00e9 Gr\u00e9goire, avenue du docteur Fernand Lamaze<\/p>\n<p><img loading=\"lazy\" decoding=\"async\" class=\"puce\" src=\"squelettes-dist\/puce.gif\" alt=\"-\" width=\"8\" height=\"11\" \/>\u00a0<strong>Jeudi 27 avril<\/strong> de 14h \u00e0 19h \u00e0 la mairie de Stains, 6 avenue Paul Vaillant Couturier<\/p>\n<p><img loading=\"lazy\" decoding=\"async\" class=\"puce\" src=\"squelettes-dist\/puce.gif\" alt=\"-\" width=\"8\" height=\"11\" \/>\u00a0<strong>Vendredi 28 avril<\/strong> de 14h \u00e0 19h \u00e0 Aubervilliers, centre nautique municipal, 1 rue Edouard Poisson<\/p>\n<p><img loading=\"lazy\" decoding=\"async\" class=\"puce\" src=\"squelettes-dist\/puce.gif\" alt=\"-\" width=\"8\" height=\"11\" \/>\u00a0<strong>Samedi 29 avril<\/strong> de 9h \u00e0 14h \u00e0 Noisy-le-Grand, espace Michel Simon<\/p>\n<p><img loading=\"lazy\" decoding=\"async\" class=\"puce\" src=\"squelettes-dist\/puce.gif\" alt=\"-\" width=\"8\" height=\"11\" \/>\u00a0<strong>Dimanche 30 avril<\/strong> de 8h30 \u00e0 13h30 \u00e0 Epinay-sur-Seine, \u00e9cole G.Martin, 2 rue Mulot<\/p>\n<p><img loading=\"lazy\" decoding=\"async\" class=\"puce\" src=\"squelettes-dist\/puce.gif\" alt=\"-\" width=\"8\" height=\"11\" \/>\u00a0<strong>Dimanche 30 avril<\/strong> de 9h \u00e0 14h \u00e0 Noisy-le-Grand, espace Th\u00e9ophile Poilpot (ex Richardets), 17 avenue Gabriel P\u00e9ri<\/p>\n<p>Donner son sang, cela se pr\u00e9pare. Il est possible de v\u00e9rifier que vous pouvez donner votre sang gr\u00e2ce \u00e0 notre <a class=\"spip_out\" href=\"https:\/\/dondesang.efs.sante.fr\/puis-je-donner?quiz=0&amp;etape=0\" rel=\"external\">test en ligne<\/a>.<\/p>\n<p>Tous les d\u00e9tails sur ces op\u00e9rations <a class=\"spip_out\" href=\"https:\/\/dondesang.efs.sante.fr\/trouver-une-collecte\" rel=\"external\">ici<\/a>.<\/p>\n<p>Des mesures tr\u00e8s strictes sont mises en place pour r\u00e9duire tout risque de contamination \u00e0 la covid 19\u00a0: d\u00e9sinfection des fauteuils de transfusion apr\u00e8s chaque passage, pas d\u2019objet r\u00e9cup\u00e9r\u00e9 par le personnel\u2026<\/p>\n<p>Vous vous \u00eates d\u00e9j\u00e0 mobilis\u00e9\u00b7e lors des derniers mois\u00a0? Les dons de sang sont possibles toutes les huit semaines pour tous\u00b7tes les citoyen\u2219ne\u2219s en bonne sant\u00e9 de 18 \u00e0 70 ans, pesant plus de 50 kilos, \u00e0 l\u2019exception de ceux\u00b7celles qui pr\u00e9sentent des sympt\u00f4mes grippaux.<\/p>\n<p>La Maison du don de l\u2019h\u00f4pital Avicenne (125 rue de Stalingrad, arr\u00eat T1 H\u00f4pital Avicenne) vous accueille \u00e0 Bobigny les lundis, mardis, mercredis, vendredis et samedis de 9h \u00e0 16h et les jeudis de 11h \u00e0 18h. <br class=\"autobr\" \/>Contact\u00a0: 01 48 95 56 79.<\/p>\n<p>Vous pouvez cliquer <a class=\"spip_out\" href=\"https:\/\/mon-rdv-dondesang.efs.sante.fr\/collecte\/site_fixe?q=1&amp;l=357&amp;panel=panel_0&amp;type=sang&amp;fbclid=IwAR2EQ9EQ84_Xzyuck7ZBwc2TTFofJ_9Odz36da3ZORZUr4m2Zxv0dSH0Qkc\" rel=\"external\">ici<\/a> pour prendre rendez-vous.<\/p>\n<figure class=\"spip_document_14056 spip_documents spip_documents_center media media_image media_image_jpg\"><img loading=\"lazy\" decoding=\"async\" src=\"IMG\/jpg\/photo_1-2-2.jpg\" alt=\"JPEG - 108.6 ko\" width=\"760\" height=\"412\" \/><\/figure>\n<h3 class=\"spip\">Agir contre la dr\u00e9panocytose<\/h3>\n<p>Cette maladie g\u00e9n\u00e9tique grave, qui affecte l\u2019h\u00e9moglobine des globules rouges, se manifeste par des an\u00e9mies, des crises douloureuses et un risque accru d\u2019infections. En \u00cele-de-France, 32 000 dons de sang sont n\u00e9cessaires tous les ans pour couvrir les besoins en transfusion des personnes dr\u00e9panocytaires. \u00c0 ce jour, on n\u2019en totalise que 13 000, ce qui inqui\u00e8te l\u2019EFS et les familles des malades. <br class=\"autobr\" \/><i>\u00ab\u00a0La population de Seine-Saint-Denis tr\u00e8s cosmopolite inclut des personnes \u00e0 ph\u00e9notypes de grand int\u00e9r\u00eat, d\u2019origine afro-carib\u00e9enne\u00a0\u00bb <\/i> explique le docteur Bayazid Belhadj-Kacem, \u00e0 la t\u00eate du site balbynien de l\u2019EFS. <i>\u00ab\u00a0En donnant leur sang, elles nous aideront \u00e0 r\u00e9pondre aux besoins en transfusion des dr\u00e9panocytaires, dont pr\u00e8s de la moiti\u00e9 vit en \u00cele-de-France\u00a0\u00bb. <\/i><\/p>\n<p>Les collectes de sang, malheureusement r\u00e9duites par l\u2019effet du t\u00e9l\u00e9travail et de la pand\u00e9mie, sont essentielles pour soigner les personnes atteintes de cancers, les h\u00e9mophiles, les personnes accident\u00e9\u00b7e\u00b7s\u2026 <br class=\"autobr\" \/>L\u2019EFS a besoin de collecter 1700 dons par jour en \u00cele-de-France, les globules rouges se conservant au maximum 42 jours. Votre don est actuellement plus que jamais n\u00e9cessaire aux malades. Soyez solidaires, ils\u00b7elles comptent sur vous\u00a0!<\/p>\n<div class=\"texteencadre-spip spip\">Vous pouvez \u00e9galement donner votre plasma et vos plaquettes sur rendez-vous \u00e0 la Maison du don de l\u2019h\u00f4pital Avicenne de Bobigny. Le pr\u00e9l\u00e8vement, qui n\u2019est pas douloureux, dure environ 1h30 et peut \u00eatre renouvel\u00e9 toutes les 2 semaines pour le plasma et 4 semaines pour les plaquettes.<\/div>\n<p><i>Le pass sanitaire n\u2019est pas n\u00e9cessaire pour donner son sang. <\/i><\/p>\n<p>Cr\u00e9dit-photo\u00a0: EFS, Sabine Len\u00e9chet &#8211; Ville de Pierrefitte<\/p>\n","protected":false},"excerpt":{"rendered":"C\u2019est facile, il n\u2019y a aucun risque et vous pouvez sauver la vie de trois patient\u00b7e\u00b7s actuellement en danger. Les collectes de sang souffrent en effet d\u2019une baisse de fr\u00e9quentation alors que 20 000 poches de globules rouges manquent encore pour pouvoir r\u00e9pondre sereinement aux besoins des malades. N\u2019attendez plus, c\u2019est maintenant qu\u2019il faut agir\u00a0!&#8230; <a class=\"view-article\" href=\"https:\/\/seinesaintdenis.fr\/actualite\/solidarites-sante\/Don-du-sang-il-y-a-urgence-a-donner-des-maintenant\/\">Voir l&rsquo;article<\/a>","protected":false},"author":12,"featured_media":7410,"comment_status":"open","ping_status":"open","sticky":false,"template":"","format":"standard","meta":{"_acf_changed":false,"footnotes":""},"categories":[11],"ville":[80],"class_list":["post-1183","post","type-post","status-publish","format-standard","has-post-thumbnail","hentry","category-solidarites-sante"],"acf":[],"yoast_head":"<!-- This site is optimized with the Yoast SEO plugin v27.4 - https:\/\/yoast.com\/product\/yoast-seo-wordpress\/ -->\n<title>Partagez votre pouvoir, donnez votre sang ! - Seine-Saint-Denis - L&#039;actualit\u00e9 du d\u00e9partement<\/title>\n<meta name=\"robots\" content=\"index, follow, max-snippet:-1, max-image-preview:large, max-video-preview:-1\" \/>\n<link rel=\"canonical\" href=\"https:\/\/seinesaintdenis.fr\/actualite\/solidarites-sante\/Don-du-sang-il-y-a-urgence-a-donner-des-maintenant\/\" \/>\n<meta property=\"og:locale\" content=\"fr_FR\" \/>\n<meta property=\"og:type\" content=\"article\" \/>\n<meta property=\"og:title\" content=\"Partagez votre pouvoir, donnez votre sang ! - Seine-Saint-Denis - L&#039;actualit\u00e9 du d\u00e9partement\" \/>\n<meta property=\"og:url\" content=\"https:\/\/seinesaintdenis.fr\/actualite\/solidarites-sante\/Don-du-sang-il-y-a-urgence-a-donner-des-maintenant\/\" \/>\n<meta property=\"og:site_name\" content=\"Seine-Saint-Denis - L&#039;actualit\u00e9 du d\u00e9partement\" \/>\n<meta property=\"article:publisher\" content=\"https:\/\/www.facebook.com\/seinesaintdenisledepartement\" \/>\n<meta property=\"article:published_time\" content=\"2023-11-08T08:00:00+00:00\" \/>\n<meta property=\"article:modified_time\" content=\"2024-05-23T13:01:07+00:00\" \/>\n<meta property=\"og:image\" content=\"https:\/\/seinesaintdenis.fr\/actualite\/wp-content\/uploads\/2023\/09\/visuel-bandeau-don-du-sang.jpg\" \/>\n\t<meta property=\"og:image:width\" content=\"1090\" \/>\n\t<meta property=\"og:image:height\" content=\"560\" \/>\n\t<meta property=\"og:image:type\" content=\"image\/jpeg\" \/>\n<meta name=\"author\" content=\"Carine Arassus\" \/>\n<meta name=\"twitter:card\" content=\"summary_large_image\" \/>\n<meta name=\"twitter:creator\" content=\"@seinesaintdenis\" \/>\n<meta name=\"twitter:site\" content=\"@seinesaintdenis\" \/>\n<meta name=\"twitter:label1\" content=\"\u00c9crit par\" \/>\n\t<meta name=\"twitter:data1\" content=\"Carine Arassus\" \/>\n\t<meta name=\"twitter:label2\" content=\"Dur\u00e9e de lecture estim\u00e9e\" \/>\n\t<meta name=\"twitter:data2\" content=\"8 minutes\" \/>\n<script type=\"application\/ld+json\" class=\"yoast-schema-graph\">{\"@context\":\"https:\\\/\\\/schema.org\",\"@graph\":[{\"@type\":\"Article\",\"@id\":\"https:\\\/\\\/seinesaintdenis.fr\\\/actualite\\\/solidarites-sante\\\/Don-du-sang-il-y-a-urgence-a-donner-des-maintenant\\\/#article\",\"isPartOf\":{\"@id\":\"https:\\\/\\\/seinesaintdenis.fr\\\/actualite\\\/solidarites-sante\\\/Don-du-sang-il-y-a-urgence-a-donner-des-maintenant\\\/\"},\"author\":{\"name\":\"Carine Arassus\",\"@id\":\"https:\\\/\\\/seinesaintdenis.fr\\\/actualite\\\/#\\\/schema\\\/person\\\/0ed132e414e4e5a6a6d14bb9fd5b0d3a\"},\"headline\":\"Partagez votre pouvoir, donnez votre sang !\",\"datePublished\":\"2023-11-08T08:00:00+00:00\",\"dateModified\":\"2024-05-23T13:01:07+00:00\",\"mainEntityOfPage\":{\"@id\":\"https:\\\/\\\/seinesaintdenis.fr\\\/actualite\\\/solidarites-sante\\\/Don-du-sang-il-y-a-urgence-a-donner-des-maintenant\\\/\"},\"wordCount\":770,\"commentCount\":2,\"publisher\":{\"@id\":\"https:\\\/\\\/seinesaintdenis.fr\\\/actualite\\\/#organization\"},\"image\":{\"@id\":\"https:\\\/\\\/seinesaintdenis.fr\\\/actualite\\\/solidarites-sante\\\/Don-du-sang-il-y-a-urgence-a-donner-des-maintenant\\\/#primaryimage\"},\"thumbnailUrl\":\"https:\\\/\\\/seinesaintdenis.fr\\\/actualite\\\/wp-content\\\/uploads\\\/2023\\\/09\\\/visuel-bandeau-don-du-sang.jpg\",\"articleSection\":[\"Solidarit\u00e9s &amp; Sant\u00e9\"],\"inLanguage\":\"fr-FR\",\"potentialAction\":[{\"@type\":\"CommentAction\",\"name\":\"Comment\",\"target\":[\"https:\\\/\\\/seinesaintdenis.fr\\\/actualite\\\/solidarites-sante\\\/Don-du-sang-il-y-a-urgence-a-donner-des-maintenant\\\/#respond\"]}]},{\"@type\":\"WebPage\",\"@id\":\"https:\\\/\\\/seinesaintdenis.fr\\\/actualite\\\/solidarites-sante\\\/Don-du-sang-il-y-a-urgence-a-donner-des-maintenant\\\/\",\"url\":\"https:\\\/\\\/seinesaintdenis.fr\\\/actualite\\\/solidarites-sante\\\/Don-du-sang-il-y-a-urgence-a-donner-des-maintenant\\\/\",\"name\":\"Partagez votre pouvoir, donnez votre sang ! - Seine-Saint-Denis - L&#039;actualit\u00e9 du d\u00e9partement\",\"isPartOf\":{\"@id\":\"https:\\\/\\\/seinesaintdenis.fr\\\/actualite\\\/#website\"},\"primaryImageOfPage\":{\"@id\":\"https:\\\/\\\/seinesaintdenis.fr\\\/actualite\\\/solidarites-sante\\\/Don-du-sang-il-y-a-urgence-a-donner-des-maintenant\\\/#primaryimage\"},\"image\":{\"@id\":\"https:\\\/\\\/seinesaintdenis.fr\\\/actualite\\\/solidarites-sante\\\/Don-du-sang-il-y-a-urgence-a-donner-des-maintenant\\\/#primaryimage\"},\"thumbnailUrl\":\"https:\\\/\\\/seinesaintdenis.fr\\\/actualite\\\/wp-content\\\/uploads\\\/2023\\\/09\\\/visuel-bandeau-don-du-sang.jpg\",\"datePublished\":\"2023-11-08T08:00:00+00:00\",\"dateModified\":\"2024-05-23T13:01:07+00:00\",\"breadcrumb\":{\"@id\":\"https:\\\/\\\/seinesaintdenis.fr\\\/actualite\\\/solidarites-sante\\\/Don-du-sang-il-y-a-urgence-a-donner-des-maintenant\\\/#breadcrumb\"},\"inLanguage\":\"fr-FR\",\"potentialAction\":[{\"@type\":\"ReadAction\",\"target\":[\"https:\\\/\\\/seinesaintdenis.fr\\\/actualite\\\/solidarites-sante\\\/Don-du-sang-il-y-a-urgence-a-donner-des-maintenant\\\/\"]}]},{\"@type\":\"ImageObject\",\"inLanguage\":\"fr-FR\",\"@id\":\"https:\\\/\\\/seinesaintdenis.fr\\\/actualite\\\/solidarites-sante\\\/Don-du-sang-il-y-a-urgence-a-donner-des-maintenant\\\/#primaryimage\",\"url\":\"https:\\\/\\\/seinesaintdenis.fr\\\/actualite\\\/wp-content\\\/uploads\\\/2023\\\/09\\\/visuel-bandeau-don-du-sang.jpg\",\"contentUrl\":\"https:\\\/\\\/seinesaintdenis.fr\\\/actualite\\\/wp-content\\\/uploads\\\/2023\\\/09\\\/visuel-bandeau-don-du-sang.jpg\",\"width\":1090,\"height\":560,\"caption\":\"Visuel don du sang\"},{\"@type\":\"BreadcrumbList\",\"@id\":\"https:\\\/\\\/seinesaintdenis.fr\\\/actualite\\\/solidarites-sante\\\/Don-du-sang-il-y-a-urgence-a-donner-des-maintenant\\\/#breadcrumb\",\"itemListElement\":[{\"@type\":\"ListItem\",\"position\":1,\"name\":\"Accueil\",\"item\":\"https:\\\/\\\/seinesaintdenis.fr\\\/actualite\\\/\"},{\"@type\":\"ListItem\",\"position\":2,\"name\":\"Solidarit\u00e9s &amp; Sant\u00e9\",\"item\":\"https:\\\/\\\/seinesaintdenis.fr\\\/actualite\\\/solidarites-sante\\\/\"},{\"@type\":\"ListItem\",\"position\":3,\"name\":\"Partagez votre pouvoir, donnez votre sang !\"}]},{\"@type\":\"WebSite\",\"@id\":\"https:\\\/\\\/seinesaintdenis.fr\\\/actualite\\\/#website\",\"url\":\"https:\\\/\\\/seinesaintdenis.fr\\\/actualite\\\/\",\"name\":\"Seine-Saint-Denis - L'actualit\u00e9 du d\u00e9partement\",\"description\":\"L&#039;actualit\u00e9 du D\u00e9partement de la Seine-Saint-Denis\",\"publisher\":{\"@id\":\"https:\\\/\\\/seinesaintdenis.fr\\\/actualite\\\/#organization\"},\"potentialAction\":[{\"@type\":\"SearchAction\",\"target\":{\"@type\":\"EntryPoint\",\"urlTemplate\":\"https:\\\/\\\/seinesaintdenis.fr\\\/actualite\\\/?s={search_term_string}\"},\"query-input\":{\"@type\":\"PropertyValueSpecification\",\"valueRequired\":true,\"valueName\":\"search_term_string\"}}],\"inLanguage\":\"fr-FR\"},{\"@type\":\"Organization\",\"@id\":\"https:\\\/\\\/seinesaintdenis.fr\\\/actualite\\\/#organization\",\"name\":\"Seine-Saint-Denis - Le D\u00e9partement\",\"url\":\"https:\\\/\\\/seinesaintdenis.fr\\\/actualite\\\/\",\"logo\":{\"@type\":\"ImageObject\",\"inLanguage\":\"fr-FR\",\"@id\":\"https:\\\/\\\/seinesaintdenis.fr\\\/actualite\\\/#\\\/schema\\\/logo\\\/image\\\/\",\"url\":\"https:\\\/\\\/seinesaintdenis.fr\\\/actualite\\\/wp-content\\\/uploads\\\/2024\\\/08\\\/logo.png\",\"contentUrl\":\"https:\\\/\\\/seinesaintdenis.fr\\\/actualite\\\/wp-content\\\/uploads\\\/2024\\\/08\\\/logo.png\",\"width\":567,\"height\":172,\"caption\":\"Seine-Saint-Denis - Le D\u00e9partement\"},\"image\":{\"@id\":\"https:\\\/\\\/seinesaintdenis.fr\\\/actualite\\\/#\\\/schema\\\/logo\\\/image\\\/\"},\"sameAs\":[\"https:\\\/\\\/www.facebook.com\\\/seinesaintdenisledepartement\",\"https:\\\/\\\/x.com\\\/seinesaintdenis\",\"https:\\\/\\\/www.linkedin.com\\\/company\\\/seinesaintdenis\",\"https:\\\/\\\/www.instagram.com\\\/seine_saint_denis\\\/\",\"https:\\\/\\\/www.youtube.com\\\/channel\\\/UCR5YF9NnqiLCbnrKQgLUcIw\"]},{\"@type\":\"Person\",\"@id\":\"https:\\\/\\\/seinesaintdenis.fr\\\/actualite\\\/#\\\/schema\\\/person\\\/0ed132e414e4e5a6a6d14bb9fd5b0d3a\",\"name\":\"Carine Arassus\",\"image\":{\"@type\":\"ImageObject\",\"inLanguage\":\"fr-FR\",\"@id\":\"https:\\\/\\\/secure.gravatar.com\\\/avatar\\\/0f981f322f4f99253bcb871f10ae46ce56b35c7fe7c5b8aa9b09ba3a77f6e3c0?s=96&d=mm&r=g\",\"url\":\"https:\\\/\\\/secure.gravatar.com\\\/avatar\\\/0f981f322f4f99253bcb871f10ae46ce56b35c7fe7c5b8aa9b09ba3a77f6e3c0?s=96&d=mm&r=g\",\"contentUrl\":\"https:\\\/\\\/secure.gravatar.com\\\/avatar\\\/0f981f322f4f99253bcb871f10ae46ce56b35c7fe7c5b8aa9b09ba3a77f6e3c0?s=96&d=mm&r=g\",\"caption\":\"Carine Arassus\"},\"url\":\"https:\\\/\\\/seinesaintdenis.fr\\\/actualite\\\/author\\\/carassus\\\/\"}]}<\/script>\n<!-- \/ Yoast SEO plugin. -->","yoast_head_json":{"title":"Partagez votre pouvoir, donnez votre sang ! - Seine-Saint-Denis - L&#039;actualit\u00e9 du d\u00e9partement","robots":{"index":"index","follow":"follow","max-snippet":"max-snippet:-1","max-image-preview":"max-image-preview:large","max-video-preview":"max-video-preview:-1"},"canonical":"https:\/\/seinesaintdenis.fr\/actualite\/solidarites-sante\/Don-du-sang-il-y-a-urgence-a-donner-des-maintenant\/","og_locale":"fr_FR","og_type":"article","og_title":"Partagez votre pouvoir, donnez votre sang ! - Seine-Saint-Denis - L&#039;actualit\u00e9 du d\u00e9partement","og_url":"https:\/\/seinesaintdenis.fr\/actualite\/solidarites-sante\/Don-du-sang-il-y-a-urgence-a-donner-des-maintenant\/","og_site_name":"Seine-Saint-Denis - L&#039;actualit\u00e9 du d\u00e9partement","article_publisher":"https:\/\/www.facebook.com\/seinesaintdenisledepartement","article_published_time":"2023-11-08T08:00:00+00:00","article_modified_time":"2024-05-23T13:01:07+00:00","og_image":[{"width":1090,"height":560,"url":"https:\/\/seinesaintdenis.fr\/actualite\/wp-content\/uploads\/2023\/09\/visuel-bandeau-don-du-sang.jpg","type":"image\/jpeg"}],"author":"Carine Arassus","twitter_card":"summary_large_image","twitter_creator":"@seinesaintdenis","twitter_site":"@seinesaintdenis","twitter_misc":{"\u00c9crit par":"Carine Arassus","Dur\u00e9e de lecture estim\u00e9e":"8 minutes"},"schema":{"@context":"https:\/\/schema.org","@graph":[{"@type":"Article","@id":"https:\/\/seinesaintdenis.fr\/actualite\/solidarites-sante\/Don-du-sang-il-y-a-urgence-a-donner-des-maintenant\/#article","isPartOf":{"@id":"https:\/\/seinesaintdenis.fr\/actualite\/solidarites-sante\/Don-du-sang-il-y-a-urgence-a-donner-des-maintenant\/"},"author":{"name":"Carine Arassus","@id":"https:\/\/seinesaintdenis.fr\/actualite\/#\/schema\/person\/0ed132e414e4e5a6a6d14bb9fd5b0d3a"},"headline":"Partagez votre pouvoir, donnez votre sang !","datePublished":"2023-11-08T08:00:00+00:00","dateModified":"2024-05-23T13:01:07+00:00","mainEntityOfPage":{"@id":"https:\/\/seinesaintdenis.fr\/actualite\/solidarites-sante\/Don-du-sang-il-y-a-urgence-a-donner-des-maintenant\/"},"wordCount":770,"commentCount":2,"publisher":{"@id":"https:\/\/seinesaintdenis.fr\/actualite\/#organization"},"image":{"@id":"https:\/\/seinesaintdenis.fr\/actualite\/solidarites-sante\/Don-du-sang-il-y-a-urgence-a-donner-des-maintenant\/#primaryimage"},"thumbnailUrl":"https:\/\/seinesaintdenis.fr\/actualite\/wp-content\/uploads\/2023\/09\/visuel-bandeau-don-du-sang.jpg","articleSection":["Solidarit\u00e9s &amp; Sant\u00e9"],"inLanguage":"fr-FR","potentialAction":[{"@type":"CommentAction","name":"Comment","target":["https:\/\/seinesaintdenis.fr\/actualite\/solidarites-sante\/Don-du-sang-il-y-a-urgence-a-donner-des-maintenant\/#respond"]}]},{"@type":"WebPage","@id":"https:\/\/seinesaintdenis.fr\/actualite\/solidarites-sante\/Don-du-sang-il-y-a-urgence-a-donner-des-maintenant\/","url":"https:\/\/seinesaintdenis.fr\/actualite\/solidarites-sante\/Don-du-sang-il-y-a-urgence-a-donner-des-maintenant\/","name":"Partagez votre pouvoir, donnez votre sang ! - Seine-Saint-Denis - L&#039;actualit\u00e9 du d\u00e9partement","isPartOf":{"@id":"https:\/\/seinesaintdenis.fr\/actualite\/#website"},"primaryImageOfPage":{"@id":"https:\/\/seinesaintdenis.fr\/actualite\/solidarites-sante\/Don-du-sang-il-y-a-urgence-a-donner-des-maintenant\/#primaryimage"},"image":{"@id":"https:\/\/seinesaintdenis.fr\/actualite\/solidarites-sante\/Don-du-sang-il-y-a-urgence-a-donner-des-maintenant\/#primaryimage"},"thumbnailUrl":"https:\/\/seinesaintdenis.fr\/actualite\/wp-content\/uploads\/2023\/09\/visuel-bandeau-don-du-sang.jpg","datePublished":"2023-11-08T08:00:00+00:00","dateModified":"2024-05-23T13:01:07+00:00","breadcrumb":{"@id":"https:\/\/seinesaintdenis.fr\/actualite\/solidarites-sante\/Don-du-sang-il-y-a-urgence-a-donner-des-maintenant\/#breadcrumb"},"inLanguage":"fr-FR","potentialAction":[{"@type":"ReadAction","target":["https:\/\/seinesaintdenis.fr\/actualite\/solidarites-sante\/Don-du-sang-il-y-a-urgence-a-donner-des-maintenant\/"]}]},{"@type":"ImageObject","inLanguage":"fr-FR","@id":"https:\/\/seinesaintdenis.fr\/actualite\/solidarites-sante\/Don-du-sang-il-y-a-urgence-a-donner-des-maintenant\/#primaryimage","url":"https:\/\/seinesaintdenis.fr\/actualite\/wp-content\/uploads\/2023\/09\/visuel-bandeau-don-du-sang.jpg","contentUrl":"https:\/\/seinesaintdenis.fr\/actualite\/wp-content\/uploads\/2023\/09\/visuel-bandeau-don-du-sang.jpg","width":1090,"height":560,"caption":"Visuel don du sang"},{"@type":"BreadcrumbList","@id":"https:\/\/seinesaintdenis.fr\/actualite\/solidarites-sante\/Don-du-sang-il-y-a-urgence-a-donner-des-maintenant\/#breadcrumb","itemListElement":[{"@type":"ListItem","position":1,"name":"Accueil","item":"https:\/\/seinesaintdenis.fr\/actualite\/"},{"@type":"ListItem","position":2,"name":"Solidarit\u00e9s &amp; Sant\u00e9","item":"https:\/\/seinesaintdenis.fr\/actualite\/solidarites-sante\/"},{"@type":"ListItem","position":3,"name":"Partagez votre pouvoir, donnez votre sang !"}]},{"@type":"WebSite","@id":"https:\/\/seinesaintdenis.fr\/actualite\/#website","url":"https:\/\/seinesaintdenis.fr\/actualite\/","name":"Seine-Saint-Denis - L'actualit\u00e9 du d\u00e9partement","description":"L&#039;actualit\u00e9 du D\u00e9partement de la Seine-Saint-Denis","publisher":{"@id":"https:\/\/seinesaintdenis.fr\/actualite\/#organization"},"potentialAction":[{"@type":"SearchAction","target":{"@type":"EntryPoint","urlTemplate":"https:\/\/seinesaintdenis.fr\/actualite\/?s={search_term_string}"},"query-input":{"@type":"PropertyValueSpecification","valueRequired":true,"valueName":"search_term_string"}}],"inLanguage":"fr-FR"},{"@type":"Organization","@id":"https:\/\/seinesaintdenis.fr\/actualite\/#organization","name":"Seine-Saint-Denis - Le D\u00e9partement","url":"https:\/\/seinesaintdenis.fr\/actualite\/","logo":{"@type":"ImageObject","inLanguage":"fr-FR","@id":"https:\/\/seinesaintdenis.fr\/actualite\/#\/schema\/logo\/image\/","url":"https:\/\/seinesaintdenis.fr\/actualite\/wp-content\/uploads\/2024\/08\/logo.png","contentUrl":"https:\/\/seinesaintdenis.fr\/actualite\/wp-content\/uploads\/2024\/08\/logo.png","width":567,"height":172,"caption":"Seine-Saint-Denis - Le D\u00e9partement"},"image":{"@id":"https:\/\/seinesaintdenis.fr\/actualite\/#\/schema\/logo\/image\/"},"sameAs":["https:\/\/www.facebook.com\/seinesaintdenisledepartement","https:\/\/x.com\/seinesaintdenis","https:\/\/www.linkedin.com\/company\/seinesaintdenis","https:\/\/www.instagram.com\/seine_saint_denis\/","https:\/\/www.youtube.com\/channel\/UCR5YF9NnqiLCbnrKQgLUcIw"]},{"@type":"Person","@id":"https:\/\/seinesaintdenis.fr\/actualite\/#\/schema\/person\/0ed132e414e4e5a6a6d14bb9fd5b0d3a","name":"Carine Arassus","image":{"@type":"ImageObject","inLanguage":"fr-FR","@id":"https:\/\/secure.gravatar.com\/avatar\/0f981f322f4f99253bcb871f10ae46ce56b35c7fe7c5b8aa9b09ba3a77f6e3c0?s=96&d=mm&r=g","url":"https:\/\/secure.gravatar.com\/avatar\/0f981f322f4f99253bcb871f10ae46ce56b35c7fe7c5b8aa9b09ba3a77f6e3c0?s=96&d=mm&r=g","contentUrl":"https:\/\/secure.gravatar.com\/avatar\/0f981f322f4f99253bcb871f10ae46ce56b35c7fe7c5b8aa9b09ba3a77f6e3c0?s=96&d=mm&r=g","caption":"Carine Arassus"},"url":"https:\/\/seinesaintdenis.fr\/actualite\/author\/carassus\/"}]}},"_links":{"self":[{"href":"https:\/\/seinesaintdenis.fr\/actualite\/wp-json\/wp\/v2\/posts\/1183","targetHints":{"allow":["GET"]}}],"collection":[{"href":"https:\/\/seinesaintdenis.fr\/actualite\/wp-json\/wp\/v2\/posts"}],"about":[{"href":"https:\/\/seinesaintdenis.fr\/actualite\/wp-json\/wp\/v2\/types\/post"}],"author":[{"embeddable":true,"href":"https:\/\/seinesaintdenis.fr\/actualite\/wp-json\/wp\/v2\/users\/12"}],"replies":[{"embeddable":true,"href":"https:\/\/seinesaintdenis.fr\/actualite\/wp-json\/wp\/v2\/comments?post=1183"}],"version-history":[{"count":43,"href":"https:\/\/seinesaintdenis.fr\/actualite\/wp-json\/wp\/v2\/posts\/1183\/revisions"}],"predecessor-version":[{"id":16351,"href":"https:\/\/seinesaintdenis.fr\/actualite\/wp-json\/wp\/v2\/posts\/1183\/revisions\/16351"}],"wp:featuredmedia":[{"embeddable":true,"href":"https:\/\/seinesaintdenis.fr\/actualite\/wp-json\/wp\/v2\/media\/7410"}],"wp:attachment":[{"href":"https:\/\/seinesaintdenis.fr\/actualite\/wp-json\/wp\/v2\/media?parent=1183"}],"wp:term":[{"taxonomy":"category","embeddable":true,"href":"https:\/\/seinesaintdenis.fr\/actualite\/wp-json\/wp\/v2\/categories?post=1183"},{"taxonomy":"ville","embeddable":true,"href":"https:\/\/seinesaintdenis.fr\/actualite\/wp-json\/wp\/v2\/ville?post=1183"}],"curies":[{"name":"wp","href":"https:\/\/api.w.org\/{rel}","templated":true}]}}