{"id":1177,"date":"2023-01-12T10:56:15","date_gmt":"2023-01-12T10:56:15","guid":{"rendered":"https:\/\/seinesaintdenis.fr\/actualite\/uncategorized\/Decouvrez-le-futur-du-terrain-des-Essences\/"},"modified":"2023-05-23T13:11:55","modified_gmt":"2023-05-23T13:11:55","slug":"Decouvrez-le-futur-du-terrain-des-Essences","status":"publish","type":"post","link":"https:\/\/seinesaintdenis.fr\/actualite\/deplacements-amenagement\/Decouvrez-le-futur-du-terrain-des-Essences\/","title":{"rendered":"D\u00e9couvrez le futur du terrain des Essences !"},"content":{"rendered":"<p><strong>Les jeux pour acc\u00e9l\u00e9rer la transformation du Terrain des Essences<br class=\"autobr\" \/><\/strong><\/p>\n<p>Ancienne propri\u00e9t\u00e9 du Minist\u00e8re de la D\u00e9fense, le Terrain des Essences a notamment servi de d\u00e9p\u00f4t d\u2019hydrocarbures. Il a donc toujours constitu\u00e9 une v\u00e9ritable enclave au sein du parc Georges-Valbon, dont le D\u00e9partement souhaitait faire l\u2019acquisition depuis de nombreuses ann\u00e9es, mais dont les co\u00fbts de d\u00e9pollution ont jusqu\u2019alors frein\u00e9 tout projet d\u2019am\u00e9nagement.<br class=\"autobr\" \/>L\u2019arriv\u00e9e des Jeux en Seine-Saint- Denis a permis de d\u00e9bloquer la situation et d\u2019ouvrir l\u2019opportunit\u00e9 non seulement de d\u00e9polluer le site, mais aussi de l\u2019am\u00e9nager et de le rendre aux habitant\u00b7e\u00b7s. Le D\u00e9partement est devenu ainsi en 2021 le nouveau propri\u00e9taire du Terrain des essences, et m\u00e8ne les travaux pour un co\u00fbt total de 13 millions d\u2019euros enti\u00e8rement pris en charge par la SOLIDEO.<\/p>\n<p>Le D\u00e9partement a effectu\u00e9 des travaux de d\u00e9pollution des sols et des nappes phr\u00e9atiques, finis en 2022. Le relief du site sera ensuite remodel\u00e9 pour permettre un acc\u00e8s rapide depuis la gare du T11 vers la nouvelle entr\u00e9e du parc d\u00e9partemental Georges-Valbon. Une \u00e9tape de renaturation du terrain d\u00e9butera \u00e0 partir de juin 2023.<\/p>\n<p><strong>13 hectares de plus<\/strong><br class=\"autobr\" \/>Apr\u00e8s les Jeux, ce site sera int\u00e9gr\u00e9 au parc d\u00e9partemental Georges-Valbon pour l\u2019agrandir de 13 hectares. Ce nouvel espace sera divis\u00e9 en 3 secteurs avec Le premier, au nord, servant de refuge pour la faune sera accessible au public de fa\u00e7on limit\u00e9e par un cheminement sur\u00e9lev\u00e9, ferm\u00e9 aux saisons de reproduction de la faune. Cette \u00ab\u00a0r\u00e9serve \u00e9cologique\u00a0\u00bb de 3,65 hectares aura pour vocation de prot\u00e9ger la faune.<\/p>\n<p>\u2022 Au centre, une zone de 3,6 hectares sera am\u00e9nag\u00e9e pour permettre des activit\u00e9s p\u00e9dagogiques de d\u00e9couverte et d\u2019observation de la faune. <br class=\"autobr\" \/>\u2022 Au sud, une zone de 5 hectares offrant des \u00e9quipements et des paysages propices \u00e0 la d\u00e9tente, au jeu et \u00e0 la promenade sera am\u00e9nag\u00e9e. Une nouvelle entr\u00e9e du parc sera alors cr\u00e9\u00e9e, et sera accessible par les transports en commun.<\/p>\n","protected":false},"excerpt":{"rendered":"Les jeux pour acc\u00e9l\u00e9rer la transformation du Terrain des Essences Ancienne propri\u00e9t\u00e9 du Minist\u00e8re de la D\u00e9fense, le Terrain des Essences a notamment servi de d\u00e9p\u00f4t d\u2019hydrocarbures. Il a donc toujours constitu\u00e9 une v\u00e9ritable enclave au sein du parc Georges-Valbon, dont le D\u00e9partement souhaitait faire l\u2019acquisition depuis de nombreuses ann\u00e9es, mais dont les co\u00fbts de&#8230; <a class=\"view-article\" href=\"https:\/\/seinesaintdenis.fr\/actualite\/deplacements-amenagement\/Decouvrez-le-futur-du-terrain-des-Essences\/\">Voir l&rsquo;article<\/a>","protected":false},"author":12,"featured_media":1178,"comment_status":"open","ping_status":"open","sticky":false,"template":"","format":"standard","meta":{"_acf_changed":false,"footnotes":""},"categories":[7],"ville":[91],"class_list":["post-1177","post","type-post","status-publish","format-standard","has-post-thumbnail","hentry","category-deplacements-amenagement"],"acf":[],"yoast_head":"<!-- This site is optimized with the Yoast SEO plugin v27.5 - https:\/\/yoast.com\/product\/yoast-seo-wordpress\/ -->\n<title>D\u00e9couvrez le futur du terrain des Essences ! - Seine-Saint-Denis - L&#039;actualit\u00e9 du d\u00e9partement<\/title>\n<meta name=\"robots\" content=\"index, follow, max-snippet:-1, max-image-preview:large, max-video-preview:-1\" \/>\n<link rel=\"canonical\" href=\"https:\/\/seinesaintdenis.fr\/actualite\/deplacements-amenagement\/Decouvrez-le-futur-du-terrain-des-Essences\/\" \/>\n<meta property=\"og:locale\" content=\"fr_FR\" \/>\n<meta property=\"og:type\" content=\"article\" \/>\n<meta property=\"og:title\" content=\"D\u00e9couvrez le futur du terrain des Essences ! - Seine-Saint-Denis - L&#039;actualit\u00e9 du d\u00e9partement\" \/>\n<meta property=\"og:url\" content=\"https:\/\/seinesaintdenis.fr\/actualite\/deplacements-amenagement\/Decouvrez-le-futur-du-terrain-des-Essences\/\" \/>\n<meta property=\"og:site_name\" content=\"Seine-Saint-Denis - L&#039;actualit\u00e9 du d\u00e9partement\" \/>\n<meta property=\"article:publisher\" content=\"https:\/\/www.facebook.com\/seinesaintdenisledepartement\" \/>\n<meta property=\"article:published_time\" content=\"2023-01-12T10:56:15+00:00\" \/>\n<meta property=\"article:modified_time\" content=\"2023-05-23T13:11:55+00:00\" \/>\n<meta property=\"og:image\" content=\"https:\/\/seinesaintdenis.fr\/actualite\/wp-content\/uploads\/2023\/04\/41d40b67b584a5f6898271afb8aea9.jpg\" \/>\n\t<meta property=\"og:image:width\" content=\"760\" \/>\n\t<meta property=\"og:image:height\" content=\"411\" \/>\n\t<meta property=\"og:image:type\" content=\"image\/jpeg\" \/>\n<meta name=\"author\" content=\"Carine Arassus\" \/>\n<meta name=\"twitter:card\" content=\"summary_large_image\" \/>\n<meta name=\"twitter:creator\" content=\"@seinesaintdenis\" \/>\n<meta name=\"twitter:site\" content=\"@seinesaintdenis\" \/>\n<meta name=\"twitter:label1\" content=\"\u00c9crit par\" \/>\n\t<meta name=\"twitter:data1\" content=\"Carine Arassus\" \/>\n\t<meta name=\"twitter:label2\" content=\"Dur\u00e9e de lecture estim\u00e9e\" \/>\n\t<meta name=\"twitter:data2\" content=\"2 minutes\" \/>\n<script type=\"application\/ld+json\" class=\"yoast-schema-graph\">{\"@context\":\"https:\\\/\\\/schema.org\",\"@graph\":[{\"@type\":\"Article\",\"@id\":\"https:\\\/\\\/seinesaintdenis.fr\\\/actualite\\\/deplacements-amenagement\\\/Decouvrez-le-futur-du-terrain-des-Essences\\\/#article\",\"isPartOf\":{\"@id\":\"https:\\\/\\\/seinesaintdenis.fr\\\/actualite\\\/deplacements-amenagement\\\/Decouvrez-le-futur-du-terrain-des-Essences\\\/\"},\"author\":{\"name\":\"Carine Arassus\",\"@id\":\"https:\\\/\\\/seinesaintdenis.fr\\\/actualite\\\/#\\\/schema\\\/person\\\/0ed132e414e4e5a6a6d14bb9fd5b0d3a\"},\"headline\":\"D\u00e9couvrez le futur du terrain des Essences !\",\"datePublished\":\"2023-01-12T10:56:15+00:00\",\"dateModified\":\"2023-05-23T13:11:55+00:00\",\"mainEntityOfPage\":{\"@id\":\"https:\\\/\\\/seinesaintdenis.fr\\\/actualite\\\/deplacements-amenagement\\\/Decouvrez-le-futur-du-terrain-des-Essences\\\/\"},\"wordCount\":368,\"commentCount\":1,\"publisher\":{\"@id\":\"https:\\\/\\\/seinesaintdenis.fr\\\/actualite\\\/#organization\"},\"image\":{\"@id\":\"https:\\\/\\\/seinesaintdenis.fr\\\/actualite\\\/deplacements-amenagement\\\/Decouvrez-le-futur-du-terrain-des-Essences\\\/#primaryimage\"},\"thumbnailUrl\":\"https:\\\/\\\/seinesaintdenis.fr\\\/actualite\\\/wp-content\\\/uploads\\\/2023\\\/04\\\/41d40b67b584a5f6898271afb8aea9.jpg\",\"articleSection\":[\"D\u00e9placements &amp; Am\u00e9nagement\"],\"inLanguage\":\"fr-FR\",\"potentialAction\":[{\"@type\":\"CommentAction\",\"name\":\"Comment\",\"target\":[\"https:\\\/\\\/seinesaintdenis.fr\\\/actualite\\\/deplacements-amenagement\\\/Decouvrez-le-futur-du-terrain-des-Essences\\\/#respond\"]}]},{\"@type\":\"WebPage\",\"@id\":\"https:\\\/\\\/seinesaintdenis.fr\\\/actualite\\\/deplacements-amenagement\\\/Decouvrez-le-futur-du-terrain-des-Essences\\\/\",\"url\":\"https:\\\/\\\/seinesaintdenis.fr\\\/actualite\\\/deplacements-amenagement\\\/Decouvrez-le-futur-du-terrain-des-Essences\\\/\",\"name\":\"D\u00e9couvrez le futur du terrain des Essences ! - Seine-Saint-Denis - L&#039;actualit\u00e9 du d\u00e9partement\",\"isPartOf\":{\"@id\":\"https:\\\/\\\/seinesaintdenis.fr\\\/actualite\\\/#website\"},\"primaryImageOfPage\":{\"@id\":\"https:\\\/\\\/seinesaintdenis.fr\\\/actualite\\\/deplacements-amenagement\\\/Decouvrez-le-futur-du-terrain-des-Essences\\\/#primaryimage\"},\"image\":{\"@id\":\"https:\\\/\\\/seinesaintdenis.fr\\\/actualite\\\/deplacements-amenagement\\\/Decouvrez-le-futur-du-terrain-des-Essences\\\/#primaryimage\"},\"thumbnailUrl\":\"https:\\\/\\\/seinesaintdenis.fr\\\/actualite\\\/wp-content\\\/uploads\\\/2023\\\/04\\\/41d40b67b584a5f6898271afb8aea9.jpg\",\"datePublished\":\"2023-01-12T10:56:15+00:00\",\"dateModified\":\"2023-05-23T13:11:55+00:00\",\"breadcrumb\":{\"@id\":\"https:\\\/\\\/seinesaintdenis.fr\\\/actualite\\\/deplacements-amenagement\\\/Decouvrez-le-futur-du-terrain-des-Essences\\\/#breadcrumb\"},\"inLanguage\":\"fr-FR\",\"potentialAction\":[{\"@type\":\"ReadAction\",\"target\":[\"https:\\\/\\\/seinesaintdenis.fr\\\/actualite\\\/deplacements-amenagement\\\/Decouvrez-le-futur-du-terrain-des-Essences\\\/\"]}]},{\"@type\":\"ImageObject\",\"inLanguage\":\"fr-FR\",\"@id\":\"https:\\\/\\\/seinesaintdenis.fr\\\/actualite\\\/deplacements-amenagement\\\/Decouvrez-le-futur-du-terrain-des-Essences\\\/#primaryimage\",\"url\":\"https:\\\/\\\/seinesaintdenis.fr\\\/actualite\\\/wp-content\\\/uploads\\\/2023\\\/04\\\/41d40b67b584a5f6898271afb8aea9.jpg\",\"contentUrl\":\"https:\\\/\\\/seinesaintdenis.fr\\\/actualite\\\/wp-content\\\/uploads\\\/2023\\\/04\\\/41d40b67b584a5f6898271afb8aea9.jpg\",\"width\":760,\"height\":411},{\"@type\":\"BreadcrumbList\",\"@id\":\"https:\\\/\\\/seinesaintdenis.fr\\\/actualite\\\/deplacements-amenagement\\\/Decouvrez-le-futur-du-terrain-des-Essences\\\/#breadcrumb\",\"itemListElement\":[{\"@type\":\"ListItem\",\"position\":1,\"name\":\"Accueil\",\"item\":\"https:\\\/\\\/seinesaintdenis.fr\\\/actualite\\\/\"},{\"@type\":\"ListItem\",\"position\":2,\"name\":\"D\u00e9placements &amp; Am\u00e9nagement\",\"item\":\"https:\\\/\\\/seinesaintdenis.fr\\\/actualite\\\/deplacements-amenagement\\\/\"},{\"@type\":\"ListItem\",\"position\":3,\"name\":\"D\u00e9couvrez le futur du terrain des Essences !\"}]},{\"@type\":\"WebSite\",\"@id\":\"https:\\\/\\\/seinesaintdenis.fr\\\/actualite\\\/#website\",\"url\":\"https:\\\/\\\/seinesaintdenis.fr\\\/actualite\\\/\",\"name\":\"Seine-Saint-Denis - L'actualit\u00e9 du d\u00e9partement\",\"description\":\"L&#039;actualit\u00e9 du D\u00e9partement de la Seine-Saint-Denis\",\"publisher\":{\"@id\":\"https:\\\/\\\/seinesaintdenis.fr\\\/actualite\\\/#organization\"},\"potentialAction\":[{\"@type\":\"SearchAction\",\"target\":{\"@type\":\"EntryPoint\",\"urlTemplate\":\"https:\\\/\\\/seinesaintdenis.fr\\\/actualite\\\/?s={search_term_string}\"},\"query-input\":{\"@type\":\"PropertyValueSpecification\",\"valueRequired\":true,\"valueName\":\"search_term_string\"}}],\"inLanguage\":\"fr-FR\"},{\"@type\":\"Organization\",\"@id\":\"https:\\\/\\\/seinesaintdenis.fr\\\/actualite\\\/#organization\",\"name\":\"Seine-Saint-Denis - Le D\u00e9partement\",\"url\":\"https:\\\/\\\/seinesaintdenis.fr\\\/actualite\\\/\",\"logo\":{\"@type\":\"ImageObject\",\"inLanguage\":\"fr-FR\",\"@id\":\"https:\\\/\\\/seinesaintdenis.fr\\\/actualite\\\/#\\\/schema\\\/logo\\\/image\\\/\",\"url\":\"https:\\\/\\\/seinesaintdenis.fr\\\/actualite\\\/wp-content\\\/uploads\\\/2024\\\/08\\\/logo.png\",\"contentUrl\":\"https:\\\/\\\/seinesaintdenis.fr\\\/actualite\\\/wp-content\\\/uploads\\\/2024\\\/08\\\/logo.png\",\"width\":567,\"height\":172,\"caption\":\"Seine-Saint-Denis - Le D\u00e9partement\"},\"image\":{\"@id\":\"https:\\\/\\\/seinesaintdenis.fr\\\/actualite\\\/#\\\/schema\\\/logo\\\/image\\\/\"},\"sameAs\":[\"https:\\\/\\\/www.facebook.com\\\/seinesaintdenisledepartement\",\"https:\\\/\\\/x.com\\\/seinesaintdenis\",\"https:\\\/\\\/www.linkedin.com\\\/company\\\/seinesaintdenis\",\"https:\\\/\\\/www.instagram.com\\\/seine_saint_denis\\\/\",\"https:\\\/\\\/www.youtube.com\\\/channel\\\/UCR5YF9NnqiLCbnrKQgLUcIw\"]},{\"@type\":\"Person\",\"@id\":\"https:\\\/\\\/seinesaintdenis.fr\\\/actualite\\\/#\\\/schema\\\/person\\\/0ed132e414e4e5a6a6d14bb9fd5b0d3a\",\"name\":\"Carine Arassus\",\"image\":{\"@type\":\"ImageObject\",\"inLanguage\":\"fr-FR\",\"@id\":\"https:\\\/\\\/secure.gravatar.com\\\/avatar\\\/0f981f322f4f99253bcb871f10ae46ce56b35c7fe7c5b8aa9b09ba3a77f6e3c0?s=96&d=mm&r=g\",\"url\":\"https:\\\/\\\/secure.gravatar.com\\\/avatar\\\/0f981f322f4f99253bcb871f10ae46ce56b35c7fe7c5b8aa9b09ba3a77f6e3c0?s=96&d=mm&r=g\",\"contentUrl\":\"https:\\\/\\\/secure.gravatar.com\\\/avatar\\\/0f981f322f4f99253bcb871f10ae46ce56b35c7fe7c5b8aa9b09ba3a77f6e3c0?s=96&d=mm&r=g\",\"caption\":\"Carine Arassus\"},\"url\":\"https:\\\/\\\/seinesaintdenis.fr\\\/actualite\\\/author\\\/carassus\\\/\"}]}<\/script>\n<!-- \/ Yoast SEO plugin. -->","yoast_head_json":{"title":"D\u00e9couvrez le futur du terrain des Essences ! - Seine-Saint-Denis - L&#039;actualit\u00e9 du d\u00e9partement","robots":{"index":"index","follow":"follow","max-snippet":"max-snippet:-1","max-image-preview":"max-image-preview:large","max-video-preview":"max-video-preview:-1"},"canonical":"https:\/\/seinesaintdenis.fr\/actualite\/deplacements-amenagement\/Decouvrez-le-futur-du-terrain-des-Essences\/","og_locale":"fr_FR","og_type":"article","og_title":"D\u00e9couvrez le futur du terrain des Essences ! - Seine-Saint-Denis - L&#039;actualit\u00e9 du d\u00e9partement","og_url":"https:\/\/seinesaintdenis.fr\/actualite\/deplacements-amenagement\/Decouvrez-le-futur-du-terrain-des-Essences\/","og_site_name":"Seine-Saint-Denis - L&#039;actualit\u00e9 du d\u00e9partement","article_publisher":"https:\/\/www.facebook.com\/seinesaintdenisledepartement","article_published_time":"2023-01-12T10:56:15+00:00","article_modified_time":"2023-05-23T13:11:55+00:00","og_image":[{"width":760,"height":411,"url":"https:\/\/seinesaintdenis.fr\/actualite\/wp-content\/uploads\/2023\/04\/41d40b67b584a5f6898271afb8aea9.jpg","type":"image\/jpeg"}],"author":"Carine Arassus","twitter_card":"summary_large_image","twitter_creator":"@seinesaintdenis","twitter_site":"@seinesaintdenis","twitter_misc":{"\u00c9crit par":"Carine Arassus","Dur\u00e9e de lecture estim\u00e9e":"2 minutes"},"schema":{"@context":"https:\/\/schema.org","@graph":[{"@type":"Article","@id":"https:\/\/seinesaintdenis.fr\/actualite\/deplacements-amenagement\/Decouvrez-le-futur-du-terrain-des-Essences\/#article","isPartOf":{"@id":"https:\/\/seinesaintdenis.fr\/actualite\/deplacements-amenagement\/Decouvrez-le-futur-du-terrain-des-Essences\/"},"author":{"name":"Carine Arassus","@id":"https:\/\/seinesaintdenis.fr\/actualite\/#\/schema\/person\/0ed132e414e4e5a6a6d14bb9fd5b0d3a"},"headline":"D\u00e9couvrez le futur du terrain des Essences !","datePublished":"2023-01-12T10:56:15+00:00","dateModified":"2023-05-23T13:11:55+00:00","mainEntityOfPage":{"@id":"https:\/\/seinesaintdenis.fr\/actualite\/deplacements-amenagement\/Decouvrez-le-futur-du-terrain-des-Essences\/"},"wordCount":368,"commentCount":1,"publisher":{"@id":"https:\/\/seinesaintdenis.fr\/actualite\/#organization"},"image":{"@id":"https:\/\/seinesaintdenis.fr\/actualite\/deplacements-amenagement\/Decouvrez-le-futur-du-terrain-des-Essences\/#primaryimage"},"thumbnailUrl":"https:\/\/seinesaintdenis.fr\/actualite\/wp-content\/uploads\/2023\/04\/41d40b67b584a5f6898271afb8aea9.jpg","articleSection":["D\u00e9placements &amp; Am\u00e9nagement"],"inLanguage":"fr-FR","potentialAction":[{"@type":"CommentAction","name":"Comment","target":["https:\/\/seinesaintdenis.fr\/actualite\/deplacements-amenagement\/Decouvrez-le-futur-du-terrain-des-Essences\/#respond"]}]},{"@type":"WebPage","@id":"https:\/\/seinesaintdenis.fr\/actualite\/deplacements-amenagement\/Decouvrez-le-futur-du-terrain-des-Essences\/","url":"https:\/\/seinesaintdenis.fr\/actualite\/deplacements-amenagement\/Decouvrez-le-futur-du-terrain-des-Essences\/","name":"D\u00e9couvrez le futur du terrain des Essences ! - Seine-Saint-Denis - L&#039;actualit\u00e9 du d\u00e9partement","isPartOf":{"@id":"https:\/\/seinesaintdenis.fr\/actualite\/#website"},"primaryImageOfPage":{"@id":"https:\/\/seinesaintdenis.fr\/actualite\/deplacements-amenagement\/Decouvrez-le-futur-du-terrain-des-Essences\/#primaryimage"},"image":{"@id":"https:\/\/seinesaintdenis.fr\/actualite\/deplacements-amenagement\/Decouvrez-le-futur-du-terrain-des-Essences\/#primaryimage"},"thumbnailUrl":"https:\/\/seinesaintdenis.fr\/actualite\/wp-content\/uploads\/2023\/04\/41d40b67b584a5f6898271afb8aea9.jpg","datePublished":"2023-01-12T10:56:15+00:00","dateModified":"2023-05-23T13:11:55+00:00","breadcrumb":{"@id":"https:\/\/seinesaintdenis.fr\/actualite\/deplacements-amenagement\/Decouvrez-le-futur-du-terrain-des-Essences\/#breadcrumb"},"inLanguage":"fr-FR","potentialAction":[{"@type":"ReadAction","target":["https:\/\/seinesaintdenis.fr\/actualite\/deplacements-amenagement\/Decouvrez-le-futur-du-terrain-des-Essences\/"]}]},{"@type":"ImageObject","inLanguage":"fr-FR","@id":"https:\/\/seinesaintdenis.fr\/actualite\/deplacements-amenagement\/Decouvrez-le-futur-du-terrain-des-Essences\/#primaryimage","url":"https:\/\/seinesaintdenis.fr\/actualite\/wp-content\/uploads\/2023\/04\/41d40b67b584a5f6898271afb8aea9.jpg","contentUrl":"https:\/\/seinesaintdenis.fr\/actualite\/wp-content\/uploads\/2023\/04\/41d40b67b584a5f6898271afb8aea9.jpg","width":760,"height":411},{"@type":"BreadcrumbList","@id":"https:\/\/seinesaintdenis.fr\/actualite\/deplacements-amenagement\/Decouvrez-le-futur-du-terrain-des-Essences\/#breadcrumb","itemListElement":[{"@type":"ListItem","position":1,"name":"Accueil","item":"https:\/\/seinesaintdenis.fr\/actualite\/"},{"@type":"ListItem","position":2,"name":"D\u00e9placements &amp; Am\u00e9nagement","item":"https:\/\/seinesaintdenis.fr\/actualite\/deplacements-amenagement\/"},{"@type":"ListItem","position":3,"name":"D\u00e9couvrez le futur du terrain des Essences !"}]},{"@type":"WebSite","@id":"https:\/\/seinesaintdenis.fr\/actualite\/#website","url":"https:\/\/seinesaintdenis.fr\/actualite\/","name":"Seine-Saint-Denis - L'actualit\u00e9 du d\u00e9partement","description":"L&#039;actualit\u00e9 du D\u00e9partement de la Seine-Saint-Denis","publisher":{"@id":"https:\/\/seinesaintdenis.fr\/actualite\/#organization"},"potentialAction":[{"@type":"SearchAction","target":{"@type":"EntryPoint","urlTemplate":"https:\/\/seinesaintdenis.fr\/actualite\/?s={search_term_string}"},"query-input":{"@type":"PropertyValueSpecification","valueRequired":true,"valueName":"search_term_string"}}],"inLanguage":"fr-FR"},{"@type":"Organization","@id":"https:\/\/seinesaintdenis.fr\/actualite\/#organization","name":"Seine-Saint-Denis - Le D\u00e9partement","url":"https:\/\/seinesaintdenis.fr\/actualite\/","logo":{"@type":"ImageObject","inLanguage":"fr-FR","@id":"https:\/\/seinesaintdenis.fr\/actualite\/#\/schema\/logo\/image\/","url":"https:\/\/seinesaintdenis.fr\/actualite\/wp-content\/uploads\/2024\/08\/logo.png","contentUrl":"https:\/\/seinesaintdenis.fr\/actualite\/wp-content\/uploads\/2024\/08\/logo.png","width":567,"height":172,"caption":"Seine-Saint-Denis - Le D\u00e9partement"},"image":{"@id":"https:\/\/seinesaintdenis.fr\/actualite\/#\/schema\/logo\/image\/"},"sameAs":["https:\/\/www.facebook.com\/seinesaintdenisledepartement","https:\/\/x.com\/seinesaintdenis","https:\/\/www.linkedin.com\/company\/seinesaintdenis","https:\/\/www.instagram.com\/seine_saint_denis\/","https:\/\/www.youtube.com\/channel\/UCR5YF9NnqiLCbnrKQgLUcIw"]},{"@type":"Person","@id":"https:\/\/seinesaintdenis.fr\/actualite\/#\/schema\/person\/0ed132e414e4e5a6a6d14bb9fd5b0d3a","name":"Carine Arassus","image":{"@type":"ImageObject","inLanguage":"fr-FR","@id":"https:\/\/secure.gravatar.com\/avatar\/0f981f322f4f99253bcb871f10ae46ce56b35c7fe7c5b8aa9b09ba3a77f6e3c0?s=96&d=mm&r=g","url":"https:\/\/secure.gravatar.com\/avatar\/0f981f322f4f99253bcb871f10ae46ce56b35c7fe7c5b8aa9b09ba3a77f6e3c0?s=96&d=mm&r=g","contentUrl":"https:\/\/secure.gravatar.com\/avatar\/0f981f322f4f99253bcb871f10ae46ce56b35c7fe7c5b8aa9b09ba3a77f6e3c0?s=96&d=mm&r=g","caption":"Carine Arassus"},"url":"https:\/\/seinesaintdenis.fr\/actualite\/author\/carassus\/"}]}},"_links":{"self":[{"href":"https:\/\/seinesaintdenis.fr\/actualite\/wp-json\/wp\/v2\/posts\/1177","targetHints":{"allow":["GET"]}}],"collection":[{"href":"https:\/\/seinesaintdenis.fr\/actualite\/wp-json\/wp\/v2\/posts"}],"about":[{"href":"https:\/\/seinesaintdenis.fr\/actualite\/wp-json\/wp\/v2\/types\/post"}],"author":[{"embeddable":true,"href":"https:\/\/seinesaintdenis.fr\/actualite\/wp-json\/wp\/v2\/users\/12"}],"replies":[{"embeddable":true,"href":"https:\/\/seinesaintdenis.fr\/actualite\/wp-json\/wp\/v2\/comments?post=1177"}],"version-history":[{"count":3,"href":"https:\/\/seinesaintdenis.fr\/actualite\/wp-json\/wp\/v2\/posts\/1177\/revisions"}],"predecessor-version":[{"id":2777,"href":"https:\/\/seinesaintdenis.fr\/actualite\/wp-json\/wp\/v2\/posts\/1177\/revisions\/2777"}],"wp:featuredmedia":[{"embeddable":true,"href":"https:\/\/seinesaintdenis.fr\/actualite\/wp-json\/wp\/v2\/media\/1178"}],"wp:attachment":[{"href":"https:\/\/seinesaintdenis.fr\/actualite\/wp-json\/wp\/v2\/media?parent=1177"}],"wp:term":[{"taxonomy":"category","embeddable":true,"href":"https:\/\/seinesaintdenis.fr\/actualite\/wp-json\/wp\/v2\/categories?post=1177"},{"taxonomy":"ville","embeddable":true,"href":"https:\/\/seinesaintdenis.fr\/actualite\/wp-json\/wp\/v2\/ville?post=1177"}],"curies":[{"name":"wp","href":"https:\/\/api.w.org\/{rel}","templated":true}]}}