{"id":1143,"date":"2023-01-27T09:31:30","date_gmt":"2023-01-27T09:31:30","guid":{"rendered":"https:\/\/seinesaintdenis.fr\/actualite\/uncategorized\/Une-exposition-itinerante-commemore-le-convoi-des-31000\/"},"modified":"2023-05-23T13:43:58","modified_gmt":"2023-05-23T13:43:58","slug":"Une-exposition-itinerante-commemore-le-convoi-des-31000","status":"publish","type":"post","link":"https:\/\/seinesaintdenis.fr\/actualite\/jeunesse-education\/Une-exposition-itinerante-commemore-le-convoi-des-31000\/","title":{"rendered":"Une exposition itin\u00e9rante comm\u00e9more le convoi des \u00ab\u00a031000\u00a0\u00bb"},"content":{"rendered":"<p>Elles s\u2019appellent Charlotte Delbo, Danielle Casanova ou encore Jeanne Alexandre. Femmes r\u00e9sistantes, elles ont toutes en commun d\u2019avoir combattu la barbarie nazie, d\u2019avoir \u00e9t\u00e9 d\u00e9tenues au fort de Romainville puis d\u00e9port\u00e9es \u00e0 Auschwitz dans le m\u00eame convoi, le 24 janvier 1943. Seulement 49 surv\u00e9curent \u00e0 cet enfer, et les 49 qui revinrent ont continu\u00e9 \u00e0 militer et \u00e0 dire leur refus du racisme, de l\u2019antis\u00e9mitisme et des politiques de discrimination.<br class=\"autobr\" \/>80 ans apr\u00e8s, le D\u00e9partement et la ville des Lilas, sur laquelle se trouve le fort de Romainville o\u00f9 \u00e9taient emprisonn\u00e9es ces 230 combattantes avant leur d\u00e9portation, ont choisi de c\u00e9l\u00e9brer leur m\u00e9moire \u00e0 travers une exposition itin\u00e9rante, \u00e0 destination des coll\u00e9giens du territoire. <i>\u00ab\u00a0Il est capital de transmettre la m\u00e9moire du combat de ces femmes, \u00e0 l\u2019heure o\u00f9 les derniers grands t\u00e9moins de l\u2019histoire sont en train de dispara\u00eetre et o\u00f9 l\u2019on voit resurgir de loin en loin des tentatives de r\u00e9visionnisme ou de n\u00e9gationnisme.\u00a0\u00bb<\/i>, insistait lors de la pr\u00e9sentation de l\u2019exposition Dominique Dellac, vice-pr\u00e9sidente charg\u00e9e notamment du patrimoine culturel et de la m\u00e9moire.<\/p>\n<figure class=\"spip_document_16465 spip_documents spip_documents_center media media_image media_image_jpg\"><img loading=\"lazy\" decoding=\"async\" src=\"local\/cache-gd2\/bf\/0b078175cf327ab08adbbd0a496168.jpg\" alt=\"JPEG - 5.6 Mo\" width=\"760\" height=\"412\" \/><\/figure>\n<p><i>La vice-pr\u00e9sidente du D\u00e9partement \u00e0 la M\u00e9moire, Dominique Dellac<\/i><\/p>\n<p>Particuli\u00e8rement investi dans les enjeux de m\u00e9moire, le D\u00e9partement a d\u2019ailleurs choisi de <a class=\"spip_out\" href=\"https:\/\/seinesaintdenis.fr\/1943-2023-Histoire-et-memoires\" rel=\"external\">comm\u00e9morer \u00e0 plusieurs reprises les 80 ans qui nous s\u00e9parent de l\u2019ann\u00e9e 1943, tournant dans la deuxi\u00e8me Guerre Mondiale et dont plusieurs actes se seront jou\u00e9s sur le territoire m\u00eame de la (future) Seine-Saint-Denis.<\/a><\/p>\n<h3 class=\"spip\">Des femmes engag\u00e9es<\/h3>\n<figure class=\"spip_document_16466 spip_documents spip_documents_center media media_image media_image_jpg\"><img loading=\"lazy\" decoding=\"async\" src=\"local\/cache-gd2\/5a\/0806312519558475380779f7a78654.jpg\" alt=\"JPEG - 6.9 Mo\" width=\"760\" height=\"412\" \/><\/figure>\n<p><i>L\u2019historien Thomas Fontaine pr\u00e9sente l\u2019exposition<\/i><\/p>\n<p>Avant d\u2019\u00eatre pr\u00e9sent\u00e9e dans les coll\u00e8ges, l\u2019exposition sera visible du grand public jusqu\u2019\u00e0 fin janvier dans le hall de la mairie des Lilas. Sur ses panneaux, didactiques et \u00e9mouvants, on en apprend davantage sur la destin\u00e9e courageuse et tragique de ces 230 femmes. Pourquoi 31 000 d\u2019ailleurs\u00a0? <i>\u00ab\u00a0Parce qu\u2019\u00e0 leur arriv\u00e9e \u00e0 Auschwitz, ces femmes se virent tatouer un num\u00e9ro allant de 31 625 \u00e0 31 854. Pour deux tiers d\u2019entre elles, c\u2019\u00e9tait des militantes communistes. Il y avait aussi des gaullistes ou simplement des femmes r\u00e9volt\u00e9es par les lois raciales de Vichy et qui avaient cach\u00e9 des Juifs. Mais quelle qu\u2019ait \u00e9t\u00e9 leur orientation politique, elles avaient toutes en commun la d\u00e9fense du socle r\u00e9publicain et des valeurs de d\u00e9mocratie\u00a0\u00bb<\/i>, explique l\u2019historien Thomas Fontaine, auteur des textes de l\u2019exposition.<br class=\"autobr\" \/><i>\u00ab\u00a0Pour cette exposition, on a notamment voulu mettre l\u2019accent sur leur solidarit\u00e9 et leur engagement. Toutes, celles qui sont connues comme les plus anonymes d\u2019entre elles, ont \u00e9t\u00e9 port\u00e9es par un engagement hors du commun, qu\u2019elles auront m\u00eame repris apr\u00e8s leur d\u00e9portation, pour celles qui en seront revenues\u00a0\u00bb<\/i>, poursuit ce sp\u00e9cialiste de la question. <br class=\"autobr\" \/>Militante communiste, Charlotte Delbo prendra ainsi la plume apr\u00e8s son retour d\u2019Auschwitz pour raconter l\u2019histoire des 31 000 dans son r\u00e9cit bouleversant \u00ab\u00a0Le convoi du 24 janvier\u00a0\u00bb et r\u00e9pondra au n\u00e9gationniste Robert Faurisson. Journaliste et photographe avant guerre, Marie-Claude Vaillant-Couturier t\u00e9moignera elle dans les grands proc\u00e8s contre les criminels nazis comme celui de Nuremberg.<br class=\"autobr\" \/>Bien con\u00e7ue, l\u2019exposition a notamment l\u2019intelligence de ne pas en rester aux statistiques, mais de mieux nous faire conna\u00eetre les vies de ces femmes. <i>\u00ab\u00a0On a fait appel au dessinateur Antoine Silvestri pour dessiner les visages des 10 femmes qu\u2019on avait retenues, car on voulait plus d\u2019humanit\u00e9 et d\u2019empathie dans les portraits que les clich\u00e9s anthropom\u00e9triques pris \u00e0 leur arriv\u00e9e \u00e0 Auschwitz\u00a0\u00bb<\/i>, commente encore Thomas Fontaine qui esp\u00e8re maintenant passer \u00e0 la vitesse sup\u00e9rieure dans la transmission de la m\u00e9moire de ces femmes r\u00e9sistantes.<\/p>\n<h3 class=\"spip\">Projet d\u2019un M\u00e9morial au Fort de Romainville<\/h3>\n<figure class=\"spip_document_16467 spip_documents spip_documents_center media media_image media_image_jpg\"><img loading=\"lazy\" decoding=\"async\" src=\"local\/cache-gd2\/ca\/035cb2f38a8a4fad1b7dd5605f0a9f.jpg\" alt=\"JPEG - 5 Mo\" width=\"760\" height=\"412\" \/><\/figure>\n<p><i>Comm\u00e9moration des 80 ans du d\u00e9part du convoi des 31000, dimanche 22 janvier 2023.<\/i><\/p>\n<p>Depuis vingt ans, la ville des Lilas et un collectif d\u2019historiens militent en effet pour que le Fort de Romainville, actuellement ferm\u00e9 au public \u00e0 l\u2019exception des Journ\u00e9es du Patrimoine, devienne un M\u00e9morial national des femmes dans la R\u00e9sistance et la D\u00e9portation. <i>\u00ab\u00a0La premi\u00e8re des urgences, c\u2019est de pr\u00e9server les graffitis des prisonni\u00e8res qui restent dans la casemate 17 du fort, pour qu\u2019ils r\u00e9sistent au passage du temps et \u00e0 l\u2019humidit\u00e9. Et puis, il y a donc ce projet que nous d\u00e9fendons fermement d\u2019ouverture d\u2019un mus\u00e9e dans ce lieu charg\u00e9 d\u2019histoire mais m\u00e9connu du grand public\u00a0\u00bb<\/i>, pointait Lionel Benharous. Le maire des Lilas indiquait par ailleurs avoir obtenu de la secr\u00e9taire d\u2019\u00c9tat \u00e0 la M\u00e9moire Patricia Miralles la mise \u00e0 disposition de 300 000 euros pour des travaux de pr\u00e9servation de cette casemate.<br class=\"autobr\" \/>En attendant de pouvoir visiter le fort, ce morceau d\u2019histoire, les coll\u00e9giens du D\u00e9partement pourront en tout cas d\u00e9couvrir l\u2019histoire du \u00ab\u00a0convoi des 31 000\u00a0\u00bb \u00e0 travers l\u2019exposition, sur ces 230 femmes qui peuvent leur para\u00eetre lointaines, mais qui se seront aussi battues pour eux.<\/p>\n<p>Christophe Lehousse<br class=\"autobr\" \/>Photos\u00a0: \u00a9Franck Rondot<\/p>\n<p><strong>A lire \u00e9galement\u00a0:<\/strong> <a class=\"spip_in\" href=\"Tout-comme-vous-j-avais-un-visage-l-ancienne-gare-de-deportation-de-Bobigny\">La r\u00e9ouverture de l\u2019ancienne gare de d\u00e9portation de Bobigny, d\u2019o\u00f9 auront \u00e9t\u00e9 d\u00e9port\u00e9s pr\u00e8s de 22 500 Juifs entre juillet 1942 et ao\u00fbt 1944.<\/a><\/p>\n","protected":false},"excerpt":{"rendered":"Elles s\u2019appellent Charlotte Delbo, Danielle Casanova ou encore Jeanne Alexandre. Femmes r\u00e9sistantes, elles ont toutes en commun d\u2019avoir combattu la barbarie nazie, d\u2019avoir \u00e9t\u00e9 d\u00e9tenues au fort de Romainville puis d\u00e9port\u00e9es \u00e0 Auschwitz dans le m\u00eame convoi, le 24 janvier 1943. Seulement 49 surv\u00e9curent \u00e0 cet enfer, et les 49 qui revinrent ont continu\u00e9 \u00e0&#8230; <a class=\"view-article\" href=\"https:\/\/seinesaintdenis.fr\/actualite\/jeunesse-education\/Une-exposition-itinerante-commemore-le-convoi-des-31000\/\">Voir l&rsquo;article<\/a>","protected":false},"author":11,"featured_media":1144,"comment_status":"open","ping_status":"open","sticky":false,"template":"","format":"standard","meta":{"_acf_changed":false,"footnotes":""},"categories":[6],"ville":[74],"class_list":["post-1143","post","type-post","status-publish","format-standard","has-post-thumbnail","hentry","category-jeunesse-education"],"acf":[],"yoast_head":"<!-- This site is optimized with the Yoast SEO plugin v27.5 - https:\/\/yoast.com\/product\/yoast-seo-wordpress\/ -->\n<title>Une exposition itin\u00e9rante comm\u00e9more le convoi des \u00ab\u00a031000\u00a0\u00bb - Seine-Saint-Denis - L&#039;actualit\u00e9 du d\u00e9partement<\/title>\n<meta name=\"robots\" content=\"index, follow, max-snippet:-1, max-image-preview:large, max-video-preview:-1\" \/>\n<link rel=\"canonical\" href=\"https:\/\/seinesaintdenis.fr\/actualite\/jeunesse-education\/Une-exposition-itinerante-commemore-le-convoi-des-31000\/\" \/>\n<meta property=\"og:locale\" content=\"fr_FR\" \/>\n<meta property=\"og:type\" content=\"article\" \/>\n<meta property=\"og:title\" content=\"Une exposition itin\u00e9rante comm\u00e9more le convoi des \u00ab\u00a031000\u00a0\u00bb - Seine-Saint-Denis - L&#039;actualit\u00e9 du d\u00e9partement\" \/>\n<meta property=\"og:url\" content=\"https:\/\/seinesaintdenis.fr\/actualite\/jeunesse-education\/Une-exposition-itinerante-commemore-le-convoi-des-31000\/\" \/>\n<meta property=\"og:site_name\" content=\"Seine-Saint-Denis - L&#039;actualit\u00e9 du d\u00e9partement\" \/>\n<meta property=\"article:publisher\" content=\"https:\/\/www.facebook.com\/seinesaintdenisledepartement\" \/>\n<meta property=\"article:published_time\" content=\"2023-01-27T09:31:30+00:00\" \/>\n<meta property=\"article:modified_time\" content=\"2023-05-23T13:43:58+00:00\" \/>\n<meta property=\"og:image\" content=\"https:\/\/seinesaintdenis.fr\/actualite\/wp-content\/uploads\/2023\/04\/5794c2da4a7375eff06ae62fc3bc80.jpg\" \/>\n\t<meta property=\"og:image:width\" content=\"760\" \/>\n\t<meta property=\"og:image:height\" content=\"411\" \/>\n\t<meta property=\"og:image:type\" content=\"image\/jpeg\" \/>\n<meta name=\"author\" content=\"Christophe Lehousse\" \/>\n<meta name=\"twitter:card\" content=\"summary_large_image\" \/>\n<meta name=\"twitter:creator\" content=\"@seinesaintdenis\" \/>\n<meta name=\"twitter:site\" content=\"@seinesaintdenis\" \/>\n<meta name=\"twitter:label1\" content=\"\u00c9crit par\" \/>\n\t<meta name=\"twitter:data1\" content=\"Christophe Lehousse\" \/>\n\t<meta name=\"twitter:label2\" content=\"Dur\u00e9e de lecture estim\u00e9e\" \/>\n\t<meta name=\"twitter:data2\" content=\"5 minutes\" \/>\n<script type=\"application\/ld+json\" class=\"yoast-schema-graph\">{\"@context\":\"https:\\\/\\\/schema.org\",\"@graph\":[{\"@type\":\"Article\",\"@id\":\"https:\\\/\\\/seinesaintdenis.fr\\\/actualite\\\/jeunesse-education\\\/Une-exposition-itinerante-commemore-le-convoi-des-31000\\\/#article\",\"isPartOf\":{\"@id\":\"https:\\\/\\\/seinesaintdenis.fr\\\/actualite\\\/jeunesse-education\\\/Une-exposition-itinerante-commemore-le-convoi-des-31000\\\/\"},\"author\":{\"name\":\"Christophe Lehousse\",\"@id\":\"https:\\\/\\\/seinesaintdenis.fr\\\/actualite\\\/#\\\/schema\\\/person\\\/b61e6c67c4017ad602f792f6b0316027\"},\"headline\":\"Une exposition itin\u00e9rante comm\u00e9more le convoi des \u00ab\u00a031000\u00a0\u00bb\",\"datePublished\":\"2023-01-27T09:31:30+00:00\",\"dateModified\":\"2023-05-23T13:43:58+00:00\",\"mainEntityOfPage\":{\"@id\":\"https:\\\/\\\/seinesaintdenis.fr\\\/actualite\\\/jeunesse-education\\\/Une-exposition-itinerante-commemore-le-convoi-des-31000\\\/\"},\"wordCount\":890,\"commentCount\":0,\"publisher\":{\"@id\":\"https:\\\/\\\/seinesaintdenis.fr\\\/actualite\\\/#organization\"},\"image\":{\"@id\":\"https:\\\/\\\/seinesaintdenis.fr\\\/actualite\\\/jeunesse-education\\\/Une-exposition-itinerante-commemore-le-convoi-des-31000\\\/#primaryimage\"},\"thumbnailUrl\":\"https:\\\/\\\/seinesaintdenis.fr\\\/actualite\\\/wp-content\\\/uploads\\\/2023\\\/04\\\/5794c2da4a7375eff06ae62fc3bc80.jpg\",\"articleSection\":[\"Jeunesse &amp; \u00c9ducation\"],\"inLanguage\":\"fr-FR\",\"potentialAction\":[{\"@type\":\"CommentAction\",\"name\":\"Comment\",\"target\":[\"https:\\\/\\\/seinesaintdenis.fr\\\/actualite\\\/jeunesse-education\\\/Une-exposition-itinerante-commemore-le-convoi-des-31000\\\/#respond\"]}]},{\"@type\":\"WebPage\",\"@id\":\"https:\\\/\\\/seinesaintdenis.fr\\\/actualite\\\/jeunesse-education\\\/Une-exposition-itinerante-commemore-le-convoi-des-31000\\\/\",\"url\":\"https:\\\/\\\/seinesaintdenis.fr\\\/actualite\\\/jeunesse-education\\\/Une-exposition-itinerante-commemore-le-convoi-des-31000\\\/\",\"name\":\"Une exposition itin\u00e9rante comm\u00e9more le convoi des \u00ab\u00a031000\u00a0\u00bb - Seine-Saint-Denis - L&#039;actualit\u00e9 du d\u00e9partement\",\"isPartOf\":{\"@id\":\"https:\\\/\\\/seinesaintdenis.fr\\\/actualite\\\/#website\"},\"primaryImageOfPage\":{\"@id\":\"https:\\\/\\\/seinesaintdenis.fr\\\/actualite\\\/jeunesse-education\\\/Une-exposition-itinerante-commemore-le-convoi-des-31000\\\/#primaryimage\"},\"image\":{\"@id\":\"https:\\\/\\\/seinesaintdenis.fr\\\/actualite\\\/jeunesse-education\\\/Une-exposition-itinerante-commemore-le-convoi-des-31000\\\/#primaryimage\"},\"thumbnailUrl\":\"https:\\\/\\\/seinesaintdenis.fr\\\/actualite\\\/wp-content\\\/uploads\\\/2023\\\/04\\\/5794c2da4a7375eff06ae62fc3bc80.jpg\",\"datePublished\":\"2023-01-27T09:31:30+00:00\",\"dateModified\":\"2023-05-23T13:43:58+00:00\",\"breadcrumb\":{\"@id\":\"https:\\\/\\\/seinesaintdenis.fr\\\/actualite\\\/jeunesse-education\\\/Une-exposition-itinerante-commemore-le-convoi-des-31000\\\/#breadcrumb\"},\"inLanguage\":\"fr-FR\",\"potentialAction\":[{\"@type\":\"ReadAction\",\"target\":[\"https:\\\/\\\/seinesaintdenis.fr\\\/actualite\\\/jeunesse-education\\\/Une-exposition-itinerante-commemore-le-convoi-des-31000\\\/\"]}]},{\"@type\":\"ImageObject\",\"inLanguage\":\"fr-FR\",\"@id\":\"https:\\\/\\\/seinesaintdenis.fr\\\/actualite\\\/jeunesse-education\\\/Une-exposition-itinerante-commemore-le-convoi-des-31000\\\/#primaryimage\",\"url\":\"https:\\\/\\\/seinesaintdenis.fr\\\/actualite\\\/wp-content\\\/uploads\\\/2023\\\/04\\\/5794c2da4a7375eff06ae62fc3bc80.jpg\",\"contentUrl\":\"https:\\\/\\\/seinesaintdenis.fr\\\/actualite\\\/wp-content\\\/uploads\\\/2023\\\/04\\\/5794c2da4a7375eff06ae62fc3bc80.jpg\",\"width\":760,\"height\":411},{\"@type\":\"BreadcrumbList\",\"@id\":\"https:\\\/\\\/seinesaintdenis.fr\\\/actualite\\\/jeunesse-education\\\/Une-exposition-itinerante-commemore-le-convoi-des-31000\\\/#breadcrumb\",\"itemListElement\":[{\"@type\":\"ListItem\",\"position\":1,\"name\":\"Accueil\",\"item\":\"https:\\\/\\\/seinesaintdenis.fr\\\/actualite\\\/\"},{\"@type\":\"ListItem\",\"position\":2,\"name\":\"Jeunesse &amp; \u00c9ducation\",\"item\":\"https:\\\/\\\/seinesaintdenis.fr\\\/actualite\\\/jeunesse-education\\\/\"},{\"@type\":\"ListItem\",\"position\":3,\"name\":\"Une exposition itin\u00e9rante comm\u00e9more le convoi des \u00ab\u00a031000\u00a0\u00bb\"}]},{\"@type\":\"WebSite\",\"@id\":\"https:\\\/\\\/seinesaintdenis.fr\\\/actualite\\\/#website\",\"url\":\"https:\\\/\\\/seinesaintdenis.fr\\\/actualite\\\/\",\"name\":\"Seine-Saint-Denis - L'actualit\u00e9 du d\u00e9partement\",\"description\":\"L&#039;actualit\u00e9 du D\u00e9partement de la Seine-Saint-Denis\",\"publisher\":{\"@id\":\"https:\\\/\\\/seinesaintdenis.fr\\\/actualite\\\/#organization\"},\"potentialAction\":[{\"@type\":\"SearchAction\",\"target\":{\"@type\":\"EntryPoint\",\"urlTemplate\":\"https:\\\/\\\/seinesaintdenis.fr\\\/actualite\\\/?s={search_term_string}\"},\"query-input\":{\"@type\":\"PropertyValueSpecification\",\"valueRequired\":true,\"valueName\":\"search_term_string\"}}],\"inLanguage\":\"fr-FR\"},{\"@type\":\"Organization\",\"@id\":\"https:\\\/\\\/seinesaintdenis.fr\\\/actualite\\\/#organization\",\"name\":\"Seine-Saint-Denis - Le D\u00e9partement\",\"url\":\"https:\\\/\\\/seinesaintdenis.fr\\\/actualite\\\/\",\"logo\":{\"@type\":\"ImageObject\",\"inLanguage\":\"fr-FR\",\"@id\":\"https:\\\/\\\/seinesaintdenis.fr\\\/actualite\\\/#\\\/schema\\\/logo\\\/image\\\/\",\"url\":\"https:\\\/\\\/seinesaintdenis.fr\\\/actualite\\\/wp-content\\\/uploads\\\/2024\\\/08\\\/logo.png\",\"contentUrl\":\"https:\\\/\\\/seinesaintdenis.fr\\\/actualite\\\/wp-content\\\/uploads\\\/2024\\\/08\\\/logo.png\",\"width\":567,\"height\":172,\"caption\":\"Seine-Saint-Denis - Le D\u00e9partement\"},\"image\":{\"@id\":\"https:\\\/\\\/seinesaintdenis.fr\\\/actualite\\\/#\\\/schema\\\/logo\\\/image\\\/\"},\"sameAs\":[\"https:\\\/\\\/www.facebook.com\\\/seinesaintdenisledepartement\",\"https:\\\/\\\/x.com\\\/seinesaintdenis\",\"https:\\\/\\\/www.linkedin.com\\\/company\\\/seinesaintdenis\",\"https:\\\/\\\/www.instagram.com\\\/seine_saint_denis\\\/\",\"https:\\\/\\\/www.youtube.com\\\/channel\\\/UCR5YF9NnqiLCbnrKQgLUcIw\"]},{\"@type\":\"Person\",\"@id\":\"https:\\\/\\\/seinesaintdenis.fr\\\/actualite\\\/#\\\/schema\\\/person\\\/b61e6c67c4017ad602f792f6b0316027\",\"name\":\"Christophe Lehousse\",\"image\":{\"@type\":\"ImageObject\",\"inLanguage\":\"fr-FR\",\"@id\":\"https:\\\/\\\/secure.gravatar.com\\\/avatar\\\/474edaa980596bb8db66ecdbeb112f6442d5101a28bcd14acfd38a987868abd8?s=96&d=mm&r=g\",\"url\":\"https:\\\/\\\/secure.gravatar.com\\\/avatar\\\/474edaa980596bb8db66ecdbeb112f6442d5101a28bcd14acfd38a987868abd8?s=96&d=mm&r=g\",\"contentUrl\":\"https:\\\/\\\/secure.gravatar.com\\\/avatar\\\/474edaa980596bb8db66ecdbeb112f6442d5101a28bcd14acfd38a987868abd8?s=96&d=mm&r=g\",\"caption\":\"Christophe Lehousse\"},\"url\":\"https:\\\/\\\/seinesaintdenis.fr\\\/actualite\\\/author\\\/clehousse\\\/\"}]}<\/script>\n<!-- \/ Yoast SEO plugin. -->","yoast_head_json":{"title":"Une exposition itin\u00e9rante comm\u00e9more le convoi des \u00ab\u00a031000\u00a0\u00bb - Seine-Saint-Denis - L&#039;actualit\u00e9 du d\u00e9partement","robots":{"index":"index","follow":"follow","max-snippet":"max-snippet:-1","max-image-preview":"max-image-preview:large","max-video-preview":"max-video-preview:-1"},"canonical":"https:\/\/seinesaintdenis.fr\/actualite\/jeunesse-education\/Une-exposition-itinerante-commemore-le-convoi-des-31000\/","og_locale":"fr_FR","og_type":"article","og_title":"Une exposition itin\u00e9rante comm\u00e9more le convoi des \u00ab\u00a031000\u00a0\u00bb - Seine-Saint-Denis - L&#039;actualit\u00e9 du d\u00e9partement","og_url":"https:\/\/seinesaintdenis.fr\/actualite\/jeunesse-education\/Une-exposition-itinerante-commemore-le-convoi-des-31000\/","og_site_name":"Seine-Saint-Denis - L&#039;actualit\u00e9 du d\u00e9partement","article_publisher":"https:\/\/www.facebook.com\/seinesaintdenisledepartement","article_published_time":"2023-01-27T09:31:30+00:00","article_modified_time":"2023-05-23T13:43:58+00:00","og_image":[{"width":760,"height":411,"url":"https:\/\/seinesaintdenis.fr\/actualite\/wp-content\/uploads\/2023\/04\/5794c2da4a7375eff06ae62fc3bc80.jpg","type":"image\/jpeg"}],"author":"Christophe Lehousse","twitter_card":"summary_large_image","twitter_creator":"@seinesaintdenis","twitter_site":"@seinesaintdenis","twitter_misc":{"\u00c9crit par":"Christophe Lehousse","Dur\u00e9e de lecture estim\u00e9e":"5 minutes"},"schema":{"@context":"https:\/\/schema.org","@graph":[{"@type":"Article","@id":"https:\/\/seinesaintdenis.fr\/actualite\/jeunesse-education\/Une-exposition-itinerante-commemore-le-convoi-des-31000\/#article","isPartOf":{"@id":"https:\/\/seinesaintdenis.fr\/actualite\/jeunesse-education\/Une-exposition-itinerante-commemore-le-convoi-des-31000\/"},"author":{"name":"Christophe Lehousse","@id":"https:\/\/seinesaintdenis.fr\/actualite\/#\/schema\/person\/b61e6c67c4017ad602f792f6b0316027"},"headline":"Une exposition itin\u00e9rante comm\u00e9more le convoi des \u00ab\u00a031000\u00a0\u00bb","datePublished":"2023-01-27T09:31:30+00:00","dateModified":"2023-05-23T13:43:58+00:00","mainEntityOfPage":{"@id":"https:\/\/seinesaintdenis.fr\/actualite\/jeunesse-education\/Une-exposition-itinerante-commemore-le-convoi-des-31000\/"},"wordCount":890,"commentCount":0,"publisher":{"@id":"https:\/\/seinesaintdenis.fr\/actualite\/#organization"},"image":{"@id":"https:\/\/seinesaintdenis.fr\/actualite\/jeunesse-education\/Une-exposition-itinerante-commemore-le-convoi-des-31000\/#primaryimage"},"thumbnailUrl":"https:\/\/seinesaintdenis.fr\/actualite\/wp-content\/uploads\/2023\/04\/5794c2da4a7375eff06ae62fc3bc80.jpg","articleSection":["Jeunesse &amp; \u00c9ducation"],"inLanguage":"fr-FR","potentialAction":[{"@type":"CommentAction","name":"Comment","target":["https:\/\/seinesaintdenis.fr\/actualite\/jeunesse-education\/Une-exposition-itinerante-commemore-le-convoi-des-31000\/#respond"]}]},{"@type":"WebPage","@id":"https:\/\/seinesaintdenis.fr\/actualite\/jeunesse-education\/Une-exposition-itinerante-commemore-le-convoi-des-31000\/","url":"https:\/\/seinesaintdenis.fr\/actualite\/jeunesse-education\/Une-exposition-itinerante-commemore-le-convoi-des-31000\/","name":"Une exposition itin\u00e9rante comm\u00e9more le convoi des \u00ab\u00a031000\u00a0\u00bb - Seine-Saint-Denis - L&#039;actualit\u00e9 du d\u00e9partement","isPartOf":{"@id":"https:\/\/seinesaintdenis.fr\/actualite\/#website"},"primaryImageOfPage":{"@id":"https:\/\/seinesaintdenis.fr\/actualite\/jeunesse-education\/Une-exposition-itinerante-commemore-le-convoi-des-31000\/#primaryimage"},"image":{"@id":"https:\/\/seinesaintdenis.fr\/actualite\/jeunesse-education\/Une-exposition-itinerante-commemore-le-convoi-des-31000\/#primaryimage"},"thumbnailUrl":"https:\/\/seinesaintdenis.fr\/actualite\/wp-content\/uploads\/2023\/04\/5794c2da4a7375eff06ae62fc3bc80.jpg","datePublished":"2023-01-27T09:31:30+00:00","dateModified":"2023-05-23T13:43:58+00:00","breadcrumb":{"@id":"https:\/\/seinesaintdenis.fr\/actualite\/jeunesse-education\/Une-exposition-itinerante-commemore-le-convoi-des-31000\/#breadcrumb"},"inLanguage":"fr-FR","potentialAction":[{"@type":"ReadAction","target":["https:\/\/seinesaintdenis.fr\/actualite\/jeunesse-education\/Une-exposition-itinerante-commemore-le-convoi-des-31000\/"]}]},{"@type":"ImageObject","inLanguage":"fr-FR","@id":"https:\/\/seinesaintdenis.fr\/actualite\/jeunesse-education\/Une-exposition-itinerante-commemore-le-convoi-des-31000\/#primaryimage","url":"https:\/\/seinesaintdenis.fr\/actualite\/wp-content\/uploads\/2023\/04\/5794c2da4a7375eff06ae62fc3bc80.jpg","contentUrl":"https:\/\/seinesaintdenis.fr\/actualite\/wp-content\/uploads\/2023\/04\/5794c2da4a7375eff06ae62fc3bc80.jpg","width":760,"height":411},{"@type":"BreadcrumbList","@id":"https:\/\/seinesaintdenis.fr\/actualite\/jeunesse-education\/Une-exposition-itinerante-commemore-le-convoi-des-31000\/#breadcrumb","itemListElement":[{"@type":"ListItem","position":1,"name":"Accueil","item":"https:\/\/seinesaintdenis.fr\/actualite\/"},{"@type":"ListItem","position":2,"name":"Jeunesse &amp; \u00c9ducation","item":"https:\/\/seinesaintdenis.fr\/actualite\/jeunesse-education\/"},{"@type":"ListItem","position":3,"name":"Une exposition itin\u00e9rante comm\u00e9more le convoi des \u00ab\u00a031000\u00a0\u00bb"}]},{"@type":"WebSite","@id":"https:\/\/seinesaintdenis.fr\/actualite\/#website","url":"https:\/\/seinesaintdenis.fr\/actualite\/","name":"Seine-Saint-Denis - L'actualit\u00e9 du d\u00e9partement","description":"L&#039;actualit\u00e9 du D\u00e9partement de la Seine-Saint-Denis","publisher":{"@id":"https:\/\/seinesaintdenis.fr\/actualite\/#organization"},"potentialAction":[{"@type":"SearchAction","target":{"@type":"EntryPoint","urlTemplate":"https:\/\/seinesaintdenis.fr\/actualite\/?s={search_term_string}"},"query-input":{"@type":"PropertyValueSpecification","valueRequired":true,"valueName":"search_term_string"}}],"inLanguage":"fr-FR"},{"@type":"Organization","@id":"https:\/\/seinesaintdenis.fr\/actualite\/#organization","name":"Seine-Saint-Denis - Le D\u00e9partement","url":"https:\/\/seinesaintdenis.fr\/actualite\/","logo":{"@type":"ImageObject","inLanguage":"fr-FR","@id":"https:\/\/seinesaintdenis.fr\/actualite\/#\/schema\/logo\/image\/","url":"https:\/\/seinesaintdenis.fr\/actualite\/wp-content\/uploads\/2024\/08\/logo.png","contentUrl":"https:\/\/seinesaintdenis.fr\/actualite\/wp-content\/uploads\/2024\/08\/logo.png","width":567,"height":172,"caption":"Seine-Saint-Denis - Le D\u00e9partement"},"image":{"@id":"https:\/\/seinesaintdenis.fr\/actualite\/#\/schema\/logo\/image\/"},"sameAs":["https:\/\/www.facebook.com\/seinesaintdenisledepartement","https:\/\/x.com\/seinesaintdenis","https:\/\/www.linkedin.com\/company\/seinesaintdenis","https:\/\/www.instagram.com\/seine_saint_denis\/","https:\/\/www.youtube.com\/channel\/UCR5YF9NnqiLCbnrKQgLUcIw"]},{"@type":"Person","@id":"https:\/\/seinesaintdenis.fr\/actualite\/#\/schema\/person\/b61e6c67c4017ad602f792f6b0316027","name":"Christophe Lehousse","image":{"@type":"ImageObject","inLanguage":"fr-FR","@id":"https:\/\/secure.gravatar.com\/avatar\/474edaa980596bb8db66ecdbeb112f6442d5101a28bcd14acfd38a987868abd8?s=96&d=mm&r=g","url":"https:\/\/secure.gravatar.com\/avatar\/474edaa980596bb8db66ecdbeb112f6442d5101a28bcd14acfd38a987868abd8?s=96&d=mm&r=g","contentUrl":"https:\/\/secure.gravatar.com\/avatar\/474edaa980596bb8db66ecdbeb112f6442d5101a28bcd14acfd38a987868abd8?s=96&d=mm&r=g","caption":"Christophe Lehousse"},"url":"https:\/\/seinesaintdenis.fr\/actualite\/author\/clehousse\/"}]}},"_links":{"self":[{"href":"https:\/\/seinesaintdenis.fr\/actualite\/wp-json\/wp\/v2\/posts\/1143","targetHints":{"allow":["GET"]}}],"collection":[{"href":"https:\/\/seinesaintdenis.fr\/actualite\/wp-json\/wp\/v2\/posts"}],"about":[{"href":"https:\/\/seinesaintdenis.fr\/actualite\/wp-json\/wp\/v2\/types\/post"}],"author":[{"embeddable":true,"href":"https:\/\/seinesaintdenis.fr\/actualite\/wp-json\/wp\/v2\/users\/11"}],"replies":[{"embeddable":true,"href":"https:\/\/seinesaintdenis.fr\/actualite\/wp-json\/wp\/v2\/comments?post=1143"}],"version-history":[{"count":3,"href":"https:\/\/seinesaintdenis.fr\/actualite\/wp-json\/wp\/v2\/posts\/1143\/revisions"}],"predecessor-version":[{"id":2759,"href":"https:\/\/seinesaintdenis.fr\/actualite\/wp-json\/wp\/v2\/posts\/1143\/revisions\/2759"}],"wp:featuredmedia":[{"embeddable":true,"href":"https:\/\/seinesaintdenis.fr\/actualite\/wp-json\/wp\/v2\/media\/1144"}],"wp:attachment":[{"href":"https:\/\/seinesaintdenis.fr\/actualite\/wp-json\/wp\/v2\/media?parent=1143"}],"wp:term":[{"taxonomy":"category","embeddable":true,"href":"https:\/\/seinesaintdenis.fr\/actualite\/wp-json\/wp\/v2\/categories?post=1143"},{"taxonomy":"ville","embeddable":true,"href":"https:\/\/seinesaintdenis.fr\/actualite\/wp-json\/wp\/v2\/ville?post=1143"}],"curies":[{"name":"wp","href":"https:\/\/api.w.org\/{rel}","templated":true}]}}