{"id":1139,"date":"2023-01-30T11:58:51","date_gmt":"2023-01-30T11:58:51","guid":{"rendered":"https:\/\/seinesaintdenis.fr\/actualite\/uncategorized\/Stephane-Bak-un-petit-gars-du-Blanc-Mesnil\/"},"modified":"2023-05-23T09:09:24","modified_gmt":"2023-05-23T09:09:24","slug":"Stephane-Bak-un-petit-gars-du-Blanc-Mesnil","status":"publish","type":"post","link":"https:\/\/seinesaintdenis.fr\/actualite\/culture-patrimoine\/Stephane-Bak-un-petit-gars-du-Blanc-Mesnil\/","title":{"rendered":"St\u00e9phane Bak, un petit gars du Blanc-Mesnil"},"content":{"rendered":"<p>Dans &#171;&nbsp;Un petit fr\u00e8re&nbsp;&#187;, film tr\u00e8s touchant de L\u00e9onor Serraille, il est Jean, fils de Rose, maman solo originaire de C\u00f4te d\u2019Ivoire venue s\u2019installer en France avec ses deux enfants. Portrait en trois parties d\u2019une famille \u00e0 la fois africaine et fran\u00e7aise, cette \u0153uvre, d\u2019une justesse de ton assez bluffante, explore les d\u00e9fis et les r\u00eaves d\u2019une France de l\u2019immigration.<br class='autobr' \/><br \/>\n<i>&#171;&nbsp;Ce qui m\u2019a attir\u00e9 dans le r\u00f4le de Jean, c\u2019est la complexit\u00e9 du personnage&nbsp;: \u00e0 la fois plein d\u2019espoir et en m\u00eame temps travers\u00e9 par des f\u00ealures&nbsp;&#187;<\/i>, explique St\u00e9phane Bak \u00e0 propos de son personnage, jeune homme brillant mais petit \u00e0 petit min\u00e9 par la pression que lui-m\u00eame et la soci\u00e9t\u00e9 lui mettent sur les \u00e9paules pour r\u00e9ussir mieux que les autres, lui le fils d\u2019immigr\u00e9.<br class='autobr' \/><br \/>\nPour jouer ce r\u00f4le, l\u2019enfant du Blanc-Mesnil, qui a grandi jusqu\u2019\u00e0 ses 21 ans au Blanc-Mesnil, cit\u00e9 des Tilleuls, dit \u00eatre all\u00e9 chercher des choses dans son histoire personnelle&nbsp;: <i>&#171;&nbsp;Ma m\u00e8re est arriv\u00e9e en France dans les ann\u00e9es 80. Comme Rose, elle a fait les m\u00e9nages dans les h\u00f4tels et j\u2019ai donc pu puiser dans ces souvenirs l\u00e0. Et comme Jean, j\u2019ai pu me mettre une certaine pression en ayant le souci de bien faire. J\u2019ai en effet arr\u00eat\u00e9 l\u2019\u00e9cole tr\u00e8s t\u00f4t parce que j\u2019avais une grosse envie de rentrer dans la vie active en tentant des trucs, en m\u2019exprimant. Du coup, je me disais qu\u2019il ne fallait pas que je me loupe&#8230;&nbsp;&#187;<\/i>, rigole St\u00e9phane Bak.<\/p>\n<figure class='spip_document_16413 spip_documents spip_documents_left media media_image media_image_jpg' style='float:left;'><img loading=\"lazy\" decoding=\"async\" src=\"IMG\/jpg\/ste_phane-bak-2.jpg\" height=\"400\" width=\"300\" alt='JPEG - 22.2 ko' \/><\/figure>\n<p>A 13 ans, le gamin qui s\u2019ennuyait un peu au coll\u00e8ge Nelson-Mandela du Blanc-Mesnil fait en effet l\u2019\u00e9cole buissonni\u00e8re jusqu\u2019aux Grands Boulevards parisiens. Objet de son d\u00e9sir&nbsp;: les th\u00e9\u00e2tres de stand up. <i>&#171;&nbsp;Quand j\u2019y repense aujourd\u2019hui, j\u2019ai pris des risques. Mais \u00e7a m\u2019a donn\u00e9 une ouverture incroyable. Le Blanc Mesnil, \u00e7a a aiguis\u00e9 ma curiosit\u00e9 et mon sens de l\u2019humour, des situations cocasses. Paris, c\u2019\u00e9tait le frisson, la nouveaut\u00e9, la sc\u00e8ne&#8230;&nbsp;&#187;<\/i> Tr\u00e8s vite, aid\u00e9 par le producteur Emmanuel Smadja, ce sera le Pranzo, le Tr\u00e9vise ou encore le Paname, o\u00f9 St\u00e9phane Bak exerce son art de la vanne. <i>&#171;&nbsp;J\u2019ai toujours aim\u00e9 \u00e7a&nbsp;: un homme, un micro et le d\u00e9fi de faire rire toutes les 20 secondes. Et puis, quand j\u2019\u00e9tais jeune, malheureusement, il \u00e9tait dur de voir des visages qui nous ressemblaient dans le milieu culturel. Il fallait pour \u00e7a qu\u2019on allume la t\u00e9l\u00e9, dans les \u00e9missions de Jamel ou Ruquier&nbsp;&#187;<\/i>, se souvient le com\u00e9dien.<br class='autobr' \/><br \/>\nAujourd\u2019hui, \u00e7a va mieux, toujours \u00e0 en croire l\u2019int\u00e9ress\u00e9. <i>&#171;&nbsp;Je ne donnerais pas encore un 18 sur 20 au cin\u00e9ma fran\u00e7ais, mais on se porte d\u00e9j\u00e0 mieux qu\u2019il y a quelques ann\u00e9es&nbsp;&#187;<\/i>, dit celui qui a aim\u00e9 jouer des r\u00f4les non st\u00e9r\u00e9otyp\u00e9s comme dans &#171;&nbsp;Tokyo Shaking&nbsp;&#187;, sur le tsunami \u00e0 Fukushima avec Karin Viard ou bien plus t\u00f4t dans &#171;&nbsp;Les h\u00e9ritiers&nbsp;&#187;, film sur des lyc\u00e9ens d\u2019un quartier populaire participant au Concours national de la R\u00e9sistance. <br class='autobr' \/><br \/>\n<i>&#171;&nbsp;En m\u00eame temps, je recherche aussi de plus en plus de r\u00f4les o\u00f9 je peux revendiquer mon africanit\u00e9&nbsp;&#187;<\/i>, continue-t-il. Dans &#171;&nbsp;Twist \u00e0 Bamako&nbsp;&#187;, le magnifique film de Robert Gu\u00e9diguian, St\u00e9phane Bak campe ainsi un r\u00e9volutionnaire socialiste dans le Mali des ann\u00e9es 60 et dans &#171;&nbsp;La Mis\u00e9ricorde de la Jungle&nbsp;&#187;, de Jo\u00ebl Karekezi, il joue un soldat rwandais.<br class='autobr' \/><br \/>\nEn 2023, St\u00e9phane Bak esp\u00e8re d\u2019ailleurs pouvoir faire le grand voyage qui l\u2019attire depuis longtemps&nbsp;: aller au Congo, en compagnie de ses parents, tous deux originaires de la R\u00e9publique d\u00e9mocratique. <i>&#171;&nbsp;J\u2019en r\u00eave, ce serait un moment vraiment fort&nbsp;&#187;<\/i>, se projette celui que l\u2019instabilit\u00e9 du pays a pour l\u2019instant dissuad\u00e9 de mener \u00e0 bien ce projet.<br class='autobr' \/><br \/>\nAujourd\u2019hui par monts et par vaux, St\u00e9phane Bak revient toutefois r\u00e9guli\u00e8rement au Blanc-Mesnil, pour y voir ses potes. <i>&#171;&nbsp;Certains sont dans la finance, la musique, les livraisons, il y a de tout.&nbsp;&#187;<\/i> Preuve, une fois de plus, de la b\u00eatise de cette \u00e9tiquette de \u00ab\u00a0jeune de banlieue\u00a0\u00bb, \u00e0 laquelle collent tant de clich\u00e9s. <br class='autobr' \/><br \/>\n<i>&#171;&nbsp;Que voulez-vous y faire&nbsp;? La vieille dame qu\u2019est la France m\u00e9rite parfois d\u2019\u00eatre un peu secou\u00e9e dans ses pr\u00e9jug\u00e9s, mais il ne faut pas s\u2019attarder sur \u00e7a, il faut juste faire&nbsp;&#187;<\/i>, l\u00e2che celui qui se dit extr\u00eamement fier d\u2019avoir pr\u00e9sent\u00e9 &#171;&nbsp;Twist \u00e0 Bamako&nbsp;&#187; un peu partout ou d\u2019avoir \u00e9t\u00e9 en comp\u00e9tition officielle \u00e0 Cannes avec &#171;&nbsp;Un petit fr\u00e8re&nbsp;&#187;. <i>&#171;&nbsp;A chaque pr\u00e9sentation, je me rappelle que je suis ce petit gars du Blanc-Mesnil, qui en repr\u00e9sente plein d\u2019autres.&nbsp;&#187;<\/i>, souffle-t-il.<\/p>\n<p>Christophe Lehousse<br class='autobr' \/><br \/>\nphotos&nbsp;: \u00a9Magali Bragard,Blue Monday Productions <br class='autobr' \/><br \/>\net Sipa Press<\/p>\n<figure class='spip_document_16414 spip_documents spip_documents_center media media_image media_image_jpg'><img loading=\"lazy\" decoding=\"async\" src=\"IMG\/jpg\/un-petit-fre_re-2.jpg\" height=\"412\" width=\"760\" alt='JPEG - 59 ko' \/><\/figure>\n<div class=\"texteencadre-spip spip\">\n<h3 class=\"spip\">Un petit fr\u00e8re, grand film<\/h3>\n<p>Rose (magnifique Annabelle Lengronne), m\u00e8re courage fra\u00eechement arriv\u00e9e de C\u00f4te d\u2019Ivoire, se bat pour \u00e9lever ses deux fils Jean et Ernest. L\u2019a\u00een\u00e9 absorbe toute la pression sociale qui p\u00e8se sur ses \u00e9paules, lui qui \u00e0 sa m\u00e8re ne cesse de r\u00e9p\u00e9ter qu\u2019en tant que fils d\u2019immigr\u00e9, il doit en faire deux fois plus que les autres. Le cadet, jou\u00e9 dans un magnifique contre-emploi par Ahmed Sylla, grandit lui dans l\u2019ombre protectrice de ce grand fr\u00e8re. Structur\u00e9 en trois tableaux pour chacun des personnages, ce magnifique portrait de famille a le m\u00e9rite de prendre le temps. De filmer les visages et les \u00e9motions au plus pr\u00e8s, de raconter le passage de l\u2019\u00e2ge d\u2019enfant vers celui d\u2019adulte. Loin des \u00e9clats m\u00e9diatiques ou de la recherche d\u2019un h\u00e9ro\u00efsme de pacotille, il c\u00e9l\u00e8bre des vies simples mais belles.<\/p>\n<\/div>\n","protected":false},"excerpt":{"rendered":"Dans &#171;&nbsp;Un petit fr\u00e8re&nbsp;&#187;, film tr\u00e8s touchant de L\u00e9onor Serraille, il est Jean, fils de Rose, maman solo originaire de C\u00f4te d\u2019Ivoire venue s\u2019installer en France avec ses deux enfants. Portrait en trois parties d\u2019une famille \u00e0 la fois africaine et fran\u00e7aise, cette \u0153uvre, d\u2019une justesse de ton assez bluffante, explore les d\u00e9fis et les&#8230; <a class=\"view-article\" href=\"https:\/\/seinesaintdenis.fr\/actualite\/culture-patrimoine\/Stephane-Bak-un-petit-gars-du-Blanc-Mesnil\/\">Voir l&rsquo;article<\/a>","protected":false},"author":11,"featured_media":1140,"comment_status":"open","ping_status":"open","sticky":false,"template":"","format":"standard","meta":{"_acf_changed":false,"footnotes":""},"categories":[9],"ville":[79],"class_list":["post-1139","post","type-post","status-publish","format-standard","has-post-thumbnail","hentry","category-culture-patrimoine"],"acf":[],"yoast_head":"<!-- This site is optimized with the Yoast SEO plugin v27.4 - https:\/\/yoast.com\/product\/yoast-seo-wordpress\/ -->\n<title>St\u00e9phane Bak, un petit gars du Blanc-Mesnil - Seine-Saint-Denis - L&#039;actualit\u00e9 du d\u00e9partement<\/title>\n<meta name=\"robots\" content=\"index, follow, max-snippet:-1, max-image-preview:large, max-video-preview:-1\" \/>\n<link rel=\"canonical\" href=\"https:\/\/seinesaintdenis.fr\/actualite\/culture-patrimoine\/Stephane-Bak-un-petit-gars-du-Blanc-Mesnil\/\" \/>\n<meta property=\"og:locale\" content=\"fr_FR\" \/>\n<meta property=\"og:type\" content=\"article\" \/>\n<meta property=\"og:title\" content=\"St\u00e9phane Bak, un petit gars du Blanc-Mesnil - Seine-Saint-Denis - L&#039;actualit\u00e9 du d\u00e9partement\" \/>\n<meta property=\"og:url\" content=\"https:\/\/seinesaintdenis.fr\/actualite\/culture-patrimoine\/Stephane-Bak-un-petit-gars-du-Blanc-Mesnil\/\" \/>\n<meta property=\"og:site_name\" content=\"Seine-Saint-Denis - L&#039;actualit\u00e9 du d\u00e9partement\" \/>\n<meta property=\"article:publisher\" content=\"https:\/\/www.facebook.com\/seinesaintdenisledepartement\" \/>\n<meta property=\"article:published_time\" content=\"2023-01-30T11:58:51+00:00\" \/>\n<meta property=\"article:modified_time\" content=\"2023-05-23T09:09:24+00:00\" \/>\n<meta property=\"og:image\" content=\"https:\/\/seinesaintdenis.fr\/actualite\/wp-content\/uploads\/2023\/04\/7344a52969b8f4a01afca40dbe4a0b.jpg\" \/>\n\t<meta property=\"og:image:width\" content=\"760\" \/>\n\t<meta property=\"og:image:height\" content=\"411\" \/>\n\t<meta property=\"og:image:type\" content=\"image\/jpeg\" \/>\n<meta name=\"author\" content=\"Christophe Lehousse\" \/>\n<meta name=\"twitter:card\" content=\"summary_large_image\" \/>\n<meta name=\"twitter:creator\" content=\"@seinesaintdenis\" \/>\n<meta name=\"twitter:site\" content=\"@seinesaintdenis\" \/>\n<meta name=\"twitter:label1\" content=\"\u00c9crit par\" \/>\n\t<meta name=\"twitter:data1\" content=\"Christophe Lehousse\" \/>\n\t<meta name=\"twitter:label2\" content=\"Dur\u00e9e de lecture estim\u00e9e\" \/>\n\t<meta name=\"twitter:data2\" content=\"5 minutes\" \/>\n<script type=\"application\/ld+json\" class=\"yoast-schema-graph\">{\"@context\":\"https:\\\/\\\/schema.org\",\"@graph\":[{\"@type\":\"Article\",\"@id\":\"https:\\\/\\\/seinesaintdenis.fr\\\/actualite\\\/culture-patrimoine\\\/Stephane-Bak-un-petit-gars-du-Blanc-Mesnil\\\/#article\",\"isPartOf\":{\"@id\":\"https:\\\/\\\/seinesaintdenis.fr\\\/actualite\\\/culture-patrimoine\\\/Stephane-Bak-un-petit-gars-du-Blanc-Mesnil\\\/\"},\"author\":{\"name\":\"Christophe Lehousse\",\"@id\":\"https:\\\/\\\/seinesaintdenis.fr\\\/actualite\\\/#\\\/schema\\\/person\\\/b61e6c67c4017ad602f792f6b0316027\"},\"headline\":\"St\u00e9phane Bak, un petit gars du Blanc-Mesnil\",\"datePublished\":\"2023-01-30T11:58:51+00:00\",\"dateModified\":\"2023-05-23T09:09:24+00:00\",\"mainEntityOfPage\":{\"@id\":\"https:\\\/\\\/seinesaintdenis.fr\\\/actualite\\\/culture-patrimoine\\\/Stephane-Bak-un-petit-gars-du-Blanc-Mesnil\\\/\"},\"wordCount\":1044,\"commentCount\":2,\"publisher\":{\"@id\":\"https:\\\/\\\/seinesaintdenis.fr\\\/actualite\\\/#organization\"},\"image\":{\"@id\":\"https:\\\/\\\/seinesaintdenis.fr\\\/actualite\\\/culture-patrimoine\\\/Stephane-Bak-un-petit-gars-du-Blanc-Mesnil\\\/#primaryimage\"},\"thumbnailUrl\":\"https:\\\/\\\/seinesaintdenis.fr\\\/actualite\\\/wp-content\\\/uploads\\\/2023\\\/04\\\/7344a52969b8f4a01afca40dbe4a0b.jpg\",\"articleSection\":[\"Culture &amp; Patrimoine\"],\"inLanguage\":\"fr-FR\",\"potentialAction\":[{\"@type\":\"CommentAction\",\"name\":\"Comment\",\"target\":[\"https:\\\/\\\/seinesaintdenis.fr\\\/actualite\\\/culture-patrimoine\\\/Stephane-Bak-un-petit-gars-du-Blanc-Mesnil\\\/#respond\"]}]},{\"@type\":\"WebPage\",\"@id\":\"https:\\\/\\\/seinesaintdenis.fr\\\/actualite\\\/culture-patrimoine\\\/Stephane-Bak-un-petit-gars-du-Blanc-Mesnil\\\/\",\"url\":\"https:\\\/\\\/seinesaintdenis.fr\\\/actualite\\\/culture-patrimoine\\\/Stephane-Bak-un-petit-gars-du-Blanc-Mesnil\\\/\",\"name\":\"St\u00e9phane Bak, un petit gars du Blanc-Mesnil - Seine-Saint-Denis - L&#039;actualit\u00e9 du d\u00e9partement\",\"isPartOf\":{\"@id\":\"https:\\\/\\\/seinesaintdenis.fr\\\/actualite\\\/#website\"},\"primaryImageOfPage\":{\"@id\":\"https:\\\/\\\/seinesaintdenis.fr\\\/actualite\\\/culture-patrimoine\\\/Stephane-Bak-un-petit-gars-du-Blanc-Mesnil\\\/#primaryimage\"},\"image\":{\"@id\":\"https:\\\/\\\/seinesaintdenis.fr\\\/actualite\\\/culture-patrimoine\\\/Stephane-Bak-un-petit-gars-du-Blanc-Mesnil\\\/#primaryimage\"},\"thumbnailUrl\":\"https:\\\/\\\/seinesaintdenis.fr\\\/actualite\\\/wp-content\\\/uploads\\\/2023\\\/04\\\/7344a52969b8f4a01afca40dbe4a0b.jpg\",\"datePublished\":\"2023-01-30T11:58:51+00:00\",\"dateModified\":\"2023-05-23T09:09:24+00:00\",\"breadcrumb\":{\"@id\":\"https:\\\/\\\/seinesaintdenis.fr\\\/actualite\\\/culture-patrimoine\\\/Stephane-Bak-un-petit-gars-du-Blanc-Mesnil\\\/#breadcrumb\"},\"inLanguage\":\"fr-FR\",\"potentialAction\":[{\"@type\":\"ReadAction\",\"target\":[\"https:\\\/\\\/seinesaintdenis.fr\\\/actualite\\\/culture-patrimoine\\\/Stephane-Bak-un-petit-gars-du-Blanc-Mesnil\\\/\"]}]},{\"@type\":\"ImageObject\",\"inLanguage\":\"fr-FR\",\"@id\":\"https:\\\/\\\/seinesaintdenis.fr\\\/actualite\\\/culture-patrimoine\\\/Stephane-Bak-un-petit-gars-du-Blanc-Mesnil\\\/#primaryimage\",\"url\":\"https:\\\/\\\/seinesaintdenis.fr\\\/actualite\\\/wp-content\\\/uploads\\\/2023\\\/04\\\/7344a52969b8f4a01afca40dbe4a0b.jpg\",\"contentUrl\":\"https:\\\/\\\/seinesaintdenis.fr\\\/actualite\\\/wp-content\\\/uploads\\\/2023\\\/04\\\/7344a52969b8f4a01afca40dbe4a0b.jpg\",\"width\":760,\"height\":411},{\"@type\":\"BreadcrumbList\",\"@id\":\"https:\\\/\\\/seinesaintdenis.fr\\\/actualite\\\/culture-patrimoine\\\/Stephane-Bak-un-petit-gars-du-Blanc-Mesnil\\\/#breadcrumb\",\"itemListElement\":[{\"@type\":\"ListItem\",\"position\":1,\"name\":\"Accueil\",\"item\":\"https:\\\/\\\/seinesaintdenis.fr\\\/actualite\\\/\"},{\"@type\":\"ListItem\",\"position\":2,\"name\":\"Culture &amp; Patrimoine\",\"item\":\"https:\\\/\\\/seinesaintdenis.fr\\\/actualite\\\/culture-patrimoine\\\/\"},{\"@type\":\"ListItem\",\"position\":3,\"name\":\"St\u00e9phane Bak, un petit gars du Blanc-Mesnil\"}]},{\"@type\":\"WebSite\",\"@id\":\"https:\\\/\\\/seinesaintdenis.fr\\\/actualite\\\/#website\",\"url\":\"https:\\\/\\\/seinesaintdenis.fr\\\/actualite\\\/\",\"name\":\"Seine-Saint-Denis - L'actualit\u00e9 du d\u00e9partement\",\"description\":\"L&#039;actualit\u00e9 du D\u00e9partement de la Seine-Saint-Denis\",\"publisher\":{\"@id\":\"https:\\\/\\\/seinesaintdenis.fr\\\/actualite\\\/#organization\"},\"potentialAction\":[{\"@type\":\"SearchAction\",\"target\":{\"@type\":\"EntryPoint\",\"urlTemplate\":\"https:\\\/\\\/seinesaintdenis.fr\\\/actualite\\\/?s={search_term_string}\"},\"query-input\":{\"@type\":\"PropertyValueSpecification\",\"valueRequired\":true,\"valueName\":\"search_term_string\"}}],\"inLanguage\":\"fr-FR\"},{\"@type\":\"Organization\",\"@id\":\"https:\\\/\\\/seinesaintdenis.fr\\\/actualite\\\/#organization\",\"name\":\"Seine-Saint-Denis - Le D\u00e9partement\",\"url\":\"https:\\\/\\\/seinesaintdenis.fr\\\/actualite\\\/\",\"logo\":{\"@type\":\"ImageObject\",\"inLanguage\":\"fr-FR\",\"@id\":\"https:\\\/\\\/seinesaintdenis.fr\\\/actualite\\\/#\\\/schema\\\/logo\\\/image\\\/\",\"url\":\"https:\\\/\\\/seinesaintdenis.fr\\\/actualite\\\/wp-content\\\/uploads\\\/2024\\\/08\\\/logo.png\",\"contentUrl\":\"https:\\\/\\\/seinesaintdenis.fr\\\/actualite\\\/wp-content\\\/uploads\\\/2024\\\/08\\\/logo.png\",\"width\":567,\"height\":172,\"caption\":\"Seine-Saint-Denis - Le D\u00e9partement\"},\"image\":{\"@id\":\"https:\\\/\\\/seinesaintdenis.fr\\\/actualite\\\/#\\\/schema\\\/logo\\\/image\\\/\"},\"sameAs\":[\"https:\\\/\\\/www.facebook.com\\\/seinesaintdenisledepartement\",\"https:\\\/\\\/x.com\\\/seinesaintdenis\",\"https:\\\/\\\/www.linkedin.com\\\/company\\\/seinesaintdenis\",\"https:\\\/\\\/www.instagram.com\\\/seine_saint_denis\\\/\",\"https:\\\/\\\/www.youtube.com\\\/channel\\\/UCR5YF9NnqiLCbnrKQgLUcIw\"]},{\"@type\":\"Person\",\"@id\":\"https:\\\/\\\/seinesaintdenis.fr\\\/actualite\\\/#\\\/schema\\\/person\\\/b61e6c67c4017ad602f792f6b0316027\",\"name\":\"Christophe Lehousse\",\"image\":{\"@type\":\"ImageObject\",\"inLanguage\":\"fr-FR\",\"@id\":\"https:\\\/\\\/secure.gravatar.com\\\/avatar\\\/474edaa980596bb8db66ecdbeb112f6442d5101a28bcd14acfd38a987868abd8?s=96&d=mm&r=g\",\"url\":\"https:\\\/\\\/secure.gravatar.com\\\/avatar\\\/474edaa980596bb8db66ecdbeb112f6442d5101a28bcd14acfd38a987868abd8?s=96&d=mm&r=g\",\"contentUrl\":\"https:\\\/\\\/secure.gravatar.com\\\/avatar\\\/474edaa980596bb8db66ecdbeb112f6442d5101a28bcd14acfd38a987868abd8?s=96&d=mm&r=g\",\"caption\":\"Christophe Lehousse\"},\"url\":\"https:\\\/\\\/seinesaintdenis.fr\\\/actualite\\\/author\\\/clehousse\\\/\"}]}<\/script>\n<!-- \/ Yoast SEO plugin. -->","yoast_head_json":{"title":"St\u00e9phane Bak, un petit gars du Blanc-Mesnil - Seine-Saint-Denis - L&#039;actualit\u00e9 du d\u00e9partement","robots":{"index":"index","follow":"follow","max-snippet":"max-snippet:-1","max-image-preview":"max-image-preview:large","max-video-preview":"max-video-preview:-1"},"canonical":"https:\/\/seinesaintdenis.fr\/actualite\/culture-patrimoine\/Stephane-Bak-un-petit-gars-du-Blanc-Mesnil\/","og_locale":"fr_FR","og_type":"article","og_title":"St\u00e9phane Bak, un petit gars du Blanc-Mesnil - Seine-Saint-Denis - L&#039;actualit\u00e9 du d\u00e9partement","og_url":"https:\/\/seinesaintdenis.fr\/actualite\/culture-patrimoine\/Stephane-Bak-un-petit-gars-du-Blanc-Mesnil\/","og_site_name":"Seine-Saint-Denis - L&#039;actualit\u00e9 du d\u00e9partement","article_publisher":"https:\/\/www.facebook.com\/seinesaintdenisledepartement","article_published_time":"2023-01-30T11:58:51+00:00","article_modified_time":"2023-05-23T09:09:24+00:00","og_image":[{"width":760,"height":411,"url":"https:\/\/seinesaintdenis.fr\/actualite\/wp-content\/uploads\/2023\/04\/7344a52969b8f4a01afca40dbe4a0b.jpg","type":"image\/jpeg"}],"author":"Christophe Lehousse","twitter_card":"summary_large_image","twitter_creator":"@seinesaintdenis","twitter_site":"@seinesaintdenis","twitter_misc":{"\u00c9crit par":"Christophe Lehousse","Dur\u00e9e de lecture estim\u00e9e":"5 minutes"},"schema":{"@context":"https:\/\/schema.org","@graph":[{"@type":"Article","@id":"https:\/\/seinesaintdenis.fr\/actualite\/culture-patrimoine\/Stephane-Bak-un-petit-gars-du-Blanc-Mesnil\/#article","isPartOf":{"@id":"https:\/\/seinesaintdenis.fr\/actualite\/culture-patrimoine\/Stephane-Bak-un-petit-gars-du-Blanc-Mesnil\/"},"author":{"name":"Christophe Lehousse","@id":"https:\/\/seinesaintdenis.fr\/actualite\/#\/schema\/person\/b61e6c67c4017ad602f792f6b0316027"},"headline":"St\u00e9phane Bak, un petit gars du Blanc-Mesnil","datePublished":"2023-01-30T11:58:51+00:00","dateModified":"2023-05-23T09:09:24+00:00","mainEntityOfPage":{"@id":"https:\/\/seinesaintdenis.fr\/actualite\/culture-patrimoine\/Stephane-Bak-un-petit-gars-du-Blanc-Mesnil\/"},"wordCount":1044,"commentCount":2,"publisher":{"@id":"https:\/\/seinesaintdenis.fr\/actualite\/#organization"},"image":{"@id":"https:\/\/seinesaintdenis.fr\/actualite\/culture-patrimoine\/Stephane-Bak-un-petit-gars-du-Blanc-Mesnil\/#primaryimage"},"thumbnailUrl":"https:\/\/seinesaintdenis.fr\/actualite\/wp-content\/uploads\/2023\/04\/7344a52969b8f4a01afca40dbe4a0b.jpg","articleSection":["Culture &amp; Patrimoine"],"inLanguage":"fr-FR","potentialAction":[{"@type":"CommentAction","name":"Comment","target":["https:\/\/seinesaintdenis.fr\/actualite\/culture-patrimoine\/Stephane-Bak-un-petit-gars-du-Blanc-Mesnil\/#respond"]}]},{"@type":"WebPage","@id":"https:\/\/seinesaintdenis.fr\/actualite\/culture-patrimoine\/Stephane-Bak-un-petit-gars-du-Blanc-Mesnil\/","url":"https:\/\/seinesaintdenis.fr\/actualite\/culture-patrimoine\/Stephane-Bak-un-petit-gars-du-Blanc-Mesnil\/","name":"St\u00e9phane Bak, un petit gars du Blanc-Mesnil - Seine-Saint-Denis - L&#039;actualit\u00e9 du d\u00e9partement","isPartOf":{"@id":"https:\/\/seinesaintdenis.fr\/actualite\/#website"},"primaryImageOfPage":{"@id":"https:\/\/seinesaintdenis.fr\/actualite\/culture-patrimoine\/Stephane-Bak-un-petit-gars-du-Blanc-Mesnil\/#primaryimage"},"image":{"@id":"https:\/\/seinesaintdenis.fr\/actualite\/culture-patrimoine\/Stephane-Bak-un-petit-gars-du-Blanc-Mesnil\/#primaryimage"},"thumbnailUrl":"https:\/\/seinesaintdenis.fr\/actualite\/wp-content\/uploads\/2023\/04\/7344a52969b8f4a01afca40dbe4a0b.jpg","datePublished":"2023-01-30T11:58:51+00:00","dateModified":"2023-05-23T09:09:24+00:00","breadcrumb":{"@id":"https:\/\/seinesaintdenis.fr\/actualite\/culture-patrimoine\/Stephane-Bak-un-petit-gars-du-Blanc-Mesnil\/#breadcrumb"},"inLanguage":"fr-FR","potentialAction":[{"@type":"ReadAction","target":["https:\/\/seinesaintdenis.fr\/actualite\/culture-patrimoine\/Stephane-Bak-un-petit-gars-du-Blanc-Mesnil\/"]}]},{"@type":"ImageObject","inLanguage":"fr-FR","@id":"https:\/\/seinesaintdenis.fr\/actualite\/culture-patrimoine\/Stephane-Bak-un-petit-gars-du-Blanc-Mesnil\/#primaryimage","url":"https:\/\/seinesaintdenis.fr\/actualite\/wp-content\/uploads\/2023\/04\/7344a52969b8f4a01afca40dbe4a0b.jpg","contentUrl":"https:\/\/seinesaintdenis.fr\/actualite\/wp-content\/uploads\/2023\/04\/7344a52969b8f4a01afca40dbe4a0b.jpg","width":760,"height":411},{"@type":"BreadcrumbList","@id":"https:\/\/seinesaintdenis.fr\/actualite\/culture-patrimoine\/Stephane-Bak-un-petit-gars-du-Blanc-Mesnil\/#breadcrumb","itemListElement":[{"@type":"ListItem","position":1,"name":"Accueil","item":"https:\/\/seinesaintdenis.fr\/actualite\/"},{"@type":"ListItem","position":2,"name":"Culture &amp; Patrimoine","item":"https:\/\/seinesaintdenis.fr\/actualite\/culture-patrimoine\/"},{"@type":"ListItem","position":3,"name":"St\u00e9phane Bak, un petit gars du Blanc-Mesnil"}]},{"@type":"WebSite","@id":"https:\/\/seinesaintdenis.fr\/actualite\/#website","url":"https:\/\/seinesaintdenis.fr\/actualite\/","name":"Seine-Saint-Denis - L'actualit\u00e9 du d\u00e9partement","description":"L&#039;actualit\u00e9 du D\u00e9partement de la Seine-Saint-Denis","publisher":{"@id":"https:\/\/seinesaintdenis.fr\/actualite\/#organization"},"potentialAction":[{"@type":"SearchAction","target":{"@type":"EntryPoint","urlTemplate":"https:\/\/seinesaintdenis.fr\/actualite\/?s={search_term_string}"},"query-input":{"@type":"PropertyValueSpecification","valueRequired":true,"valueName":"search_term_string"}}],"inLanguage":"fr-FR"},{"@type":"Organization","@id":"https:\/\/seinesaintdenis.fr\/actualite\/#organization","name":"Seine-Saint-Denis - Le D\u00e9partement","url":"https:\/\/seinesaintdenis.fr\/actualite\/","logo":{"@type":"ImageObject","inLanguage":"fr-FR","@id":"https:\/\/seinesaintdenis.fr\/actualite\/#\/schema\/logo\/image\/","url":"https:\/\/seinesaintdenis.fr\/actualite\/wp-content\/uploads\/2024\/08\/logo.png","contentUrl":"https:\/\/seinesaintdenis.fr\/actualite\/wp-content\/uploads\/2024\/08\/logo.png","width":567,"height":172,"caption":"Seine-Saint-Denis - Le D\u00e9partement"},"image":{"@id":"https:\/\/seinesaintdenis.fr\/actualite\/#\/schema\/logo\/image\/"},"sameAs":["https:\/\/www.facebook.com\/seinesaintdenisledepartement","https:\/\/x.com\/seinesaintdenis","https:\/\/www.linkedin.com\/company\/seinesaintdenis","https:\/\/www.instagram.com\/seine_saint_denis\/","https:\/\/www.youtube.com\/channel\/UCR5YF9NnqiLCbnrKQgLUcIw"]},{"@type":"Person","@id":"https:\/\/seinesaintdenis.fr\/actualite\/#\/schema\/person\/b61e6c67c4017ad602f792f6b0316027","name":"Christophe Lehousse","image":{"@type":"ImageObject","inLanguage":"fr-FR","@id":"https:\/\/secure.gravatar.com\/avatar\/474edaa980596bb8db66ecdbeb112f6442d5101a28bcd14acfd38a987868abd8?s=96&d=mm&r=g","url":"https:\/\/secure.gravatar.com\/avatar\/474edaa980596bb8db66ecdbeb112f6442d5101a28bcd14acfd38a987868abd8?s=96&d=mm&r=g","contentUrl":"https:\/\/secure.gravatar.com\/avatar\/474edaa980596bb8db66ecdbeb112f6442d5101a28bcd14acfd38a987868abd8?s=96&d=mm&r=g","caption":"Christophe Lehousse"},"url":"https:\/\/seinesaintdenis.fr\/actualite\/author\/clehousse\/"}]}},"_links":{"self":[{"href":"https:\/\/seinesaintdenis.fr\/actualite\/wp-json\/wp\/v2\/posts\/1139","targetHints":{"allow":["GET"]}}],"collection":[{"href":"https:\/\/seinesaintdenis.fr\/actualite\/wp-json\/wp\/v2\/posts"}],"about":[{"href":"https:\/\/seinesaintdenis.fr\/actualite\/wp-json\/wp\/v2\/types\/post"}],"author":[{"embeddable":true,"href":"https:\/\/seinesaintdenis.fr\/actualite\/wp-json\/wp\/v2\/users\/11"}],"replies":[{"embeddable":true,"href":"https:\/\/seinesaintdenis.fr\/actualite\/wp-json\/wp\/v2\/comments?post=1139"}],"version-history":[{"count":1,"href":"https:\/\/seinesaintdenis.fr\/actualite\/wp-json\/wp\/v2\/posts\/1139\/revisions"}],"predecessor-version":[{"id":2698,"href":"https:\/\/seinesaintdenis.fr\/actualite\/wp-json\/wp\/v2\/posts\/1139\/revisions\/2698"}],"wp:featuredmedia":[{"embeddable":true,"href":"https:\/\/seinesaintdenis.fr\/actualite\/wp-json\/wp\/v2\/media\/1140"}],"wp:attachment":[{"href":"https:\/\/seinesaintdenis.fr\/actualite\/wp-json\/wp\/v2\/media?parent=1139"}],"wp:term":[{"taxonomy":"category","embeddable":true,"href":"https:\/\/seinesaintdenis.fr\/actualite\/wp-json\/wp\/v2\/categories?post=1139"},{"taxonomy":"ville","embeddable":true,"href":"https:\/\/seinesaintdenis.fr\/actualite\/wp-json\/wp\/v2\/ville?post=1139"}],"curies":[{"name":"wp","href":"https:\/\/api.w.org\/{rel}","templated":true}]}}