{"id":11143,"date":"2023-12-04T12:36:38","date_gmt":"2023-12-04T11:36:38","guid":{"rendered":"https:\/\/seinesaintdenis.fr\/actualite\/?p=11143"},"modified":"2023-12-07T08:56:49","modified_gmt":"2023-12-07T07:56:49","slug":"A-La-Courneuve-une-fresque-pour-ne-pas-oublier-la-Marche-pour-legalite-et-contre-le-racisme-de-1983","status":"publish","type":"post","link":"https:\/\/seinesaintdenis.fr\/actualite\/culture-patrimoine\/street-art\/A-La-Courneuve-une-fresque-pour-ne-pas-oublier-la-Marche-pour-legalite-et-contre-le-racisme-de-1983\/","title":{"rendered":"Marche pour l&rsquo;\u00e9galit\u00e9 de 1983 : une fresque pour ne pas oublier"},"content":{"rendered":"","protected":false},"excerpt":{"rendered":"","protected":false},"author":38,"featured_media":11151,"comment_status":"open","ping_status":"open","sticky":false,"template":"","format":"standard","meta":{"_acf_changed":false,"footnotes":""},"categories":[9,171,125],"ville":[67],"class_list":["post-11143","post","type-post","status-publish","format-standard","has-post-thumbnail","hentry","category-culture-patrimoine","category-defense-des-droits","category-street-art"],"acf":[],"yoast_head":"<!-- This site is optimized with the Yoast SEO plugin v27.5 - https:\/\/yoast.com\/product\/yoast-seo-wordpress\/ -->\n<title>Marche pour l&#039;\u00e9galit\u00e9 de 1983 : une fresque pour ne pas oublier - Seine-Saint-Denis - L&#039;actualit\u00e9 du d\u00e9partement<\/title>\n<meta name=\"description\" content=\"En 1983, une poign\u00e9e de marcheur\u00b7euse\u00b7s lan\u00e7aient la grande Marche pour l\u2019\u00e9galit\u00e9 et contre le racisme, de Marseille \u00e0 Paris. 40 ans apr\u00e8s, une fresque monumentale r\u00e9alis\u00e9e par l&#039;artiste Ernesto Novo leur rend hommage \u00e0 La Courneuve, o\u00f9 le cort\u00e8ge avait fait \u00e9tape. &quot;La marche est partie d\u2019une r\u00e9volte populaire pour aboutir \u00e0 une d\u00e9claration d\u2019amour \u00e0 ce pays&quot;, souligne Toumi Dja\u00efdja, initiateur de la marche, pr\u00e9sent lors de l&#039;inauguration de la fresque, samedi 2 d\u00e9cembre. Command\u00e9e par le D\u00e9partement, cette fresque s&#039;inscrit dans le Plan d\u00e9partemental d&#039;investissement pour la culture, l&#039;art et le patrimoine en Seine-Saint-Denis.\" \/>\n<meta name=\"robots\" content=\"index, follow, max-snippet:-1, max-image-preview:large, max-video-preview:-1\" \/>\n<link rel=\"canonical\" href=\"https:\/\/seinesaintdenis.fr\/actualite\/culture-patrimoine\/A-La-Courneuve-une-fresque-pour-ne-pas-oublier-la-Marche-pour-legalite-et-contre-le-racisme-de-1983\/\" \/>\n<meta property=\"og:locale\" content=\"fr_FR\" \/>\n<meta property=\"og:type\" content=\"article\" \/>\n<meta property=\"og:title\" content=\"Marche pour l&#039;\u00e9galit\u00e9 de 1983 : une fresque pour ne pas oublier - Seine-Saint-Denis - L&#039;actualit\u00e9 du d\u00e9partement\" \/>\n<meta property=\"og:description\" content=\"En 1983, une poign\u00e9e de marcheur\u00b7euse\u00b7s lan\u00e7aient la grande Marche pour l\u2019\u00e9galit\u00e9 et contre le racisme, de Marseille \u00e0 Paris. 40 ans apr\u00e8s, une fresque monumentale r\u00e9alis\u00e9e par l&#039;artiste Ernesto Novo leur rend hommage \u00e0 La Courneuve, o\u00f9 le cort\u00e8ge avait fait \u00e9tape. &quot;La marche est partie d\u2019une r\u00e9volte populaire pour aboutir \u00e0 une d\u00e9claration d\u2019amour \u00e0 ce pays&quot;, souligne Toumi Dja\u00efdja, initiateur de la marche, pr\u00e9sent lors de l&#039;inauguration de la fresque, samedi 2 d\u00e9cembre. Command\u00e9e par le D\u00e9partement, cette fresque s&#039;inscrit dans le Plan d\u00e9partemental d&#039;investissement pour la culture, l&#039;art et le patrimoine en Seine-Saint-Denis.\" \/>\n<meta property=\"og:url\" content=\"https:\/\/seinesaintdenis.fr\/actualite\/culture-patrimoine\/A-La-Courneuve-une-fresque-pour-ne-pas-oublier-la-Marche-pour-legalite-et-contre-le-racisme-de-1983\/\" \/>\n<meta property=\"og:site_name\" content=\"Seine-Saint-Denis - L&#039;actualit\u00e9 du d\u00e9partement\" \/>\n<meta property=\"article:publisher\" content=\"https:\/\/www.facebook.com\/seinesaintdenisledepartement\" \/>\n<meta property=\"article:published_time\" content=\"2023-12-04T11:36:38+00:00\" \/>\n<meta property=\"article:modified_time\" content=\"2023-12-07T07:56:49+00:00\" \/>\n<meta property=\"og:image\" content=\"https:\/\/seinesaintdenis.fr\/actualite\/wp-content\/uploads\/2023\/12\/vignette.jpg\" \/>\n\t<meta property=\"og:image:width\" content=\"1920\" \/>\n\t<meta property=\"og:image:height\" content=\"1080\" \/>\n\t<meta property=\"og:image:type\" content=\"image\/jpeg\" \/>\n<meta name=\"author\" content=\"Nicolas Le H\u00e9riss\u00e9\" \/>\n<meta name=\"twitter:card\" content=\"summary_large_image\" \/>\n<meta name=\"twitter:creator\" content=\"@seinesaintdenis\" \/>\n<meta name=\"twitter:site\" content=\"@seinesaintdenis\" \/>\n<meta name=\"twitter:label1\" content=\"\u00c9crit par\" \/>\n\t<meta name=\"twitter:data1\" content=\"Nicolas Le H\u00e9riss\u00e9\" \/>\n<script type=\"application\/ld+json\" class=\"yoast-schema-graph\">{\"@context\":\"https:\\\/\\\/schema.org\",\"@graph\":[{\"@type\":\"Article\",\"@id\":\"https:\\\/\\\/seinesaintdenis.fr\\\/actualite\\\/culture-patrimoine\\\/A-La-Courneuve-une-fresque-pour-ne-pas-oublier-la-Marche-pour-legalite-et-contre-le-racisme-de-1983\\\/#article\",\"isPartOf\":{\"@id\":\"https:\\\/\\\/seinesaintdenis.fr\\\/actualite\\\/culture-patrimoine\\\/A-La-Courneuve-une-fresque-pour-ne-pas-oublier-la-Marche-pour-legalite-et-contre-le-racisme-de-1983\\\/\"},\"author\":{\"name\":\"Nicolas Le H\u00e9riss\u00e9\",\"@id\":\"https:\\\/\\\/seinesaintdenis.fr\\\/actualite\\\/#\\\/schema\\\/person\\\/83cfb60412523dce14a752f37ae506fb\"},\"headline\":\"Marche pour l&rsquo;\u00e9galit\u00e9 de 1983 : une fresque pour ne pas oublier\",\"datePublished\":\"2023-12-04T11:36:38+00:00\",\"dateModified\":\"2023-12-07T07:56:49+00:00\",\"mainEntityOfPage\":{\"@id\":\"https:\\\/\\\/seinesaintdenis.fr\\\/actualite\\\/culture-patrimoine\\\/A-La-Courneuve-une-fresque-pour-ne-pas-oublier-la-Marche-pour-legalite-et-contre-le-racisme-de-1983\\\/\"},\"wordCount\":11,\"commentCount\":0,\"publisher\":{\"@id\":\"https:\\\/\\\/seinesaintdenis.fr\\\/actualite\\\/#organization\"},\"image\":{\"@id\":\"https:\\\/\\\/seinesaintdenis.fr\\\/actualite\\\/culture-patrimoine\\\/A-La-Courneuve-une-fresque-pour-ne-pas-oublier-la-Marche-pour-legalite-et-contre-le-racisme-de-1983\\\/#primaryimage\"},\"thumbnailUrl\":\"https:\\\/\\\/seinesaintdenis.fr\\\/actualite\\\/wp-content\\\/uploads\\\/2023\\\/12\\\/vignette.jpg\",\"articleSection\":[\"Culture &amp; Patrimoine\",\"D\u00e9fense des droits\",\"Street art\"],\"inLanguage\":\"fr-FR\",\"potentialAction\":[{\"@type\":\"CommentAction\",\"name\":\"Comment\",\"target\":[\"https:\\\/\\\/seinesaintdenis.fr\\\/actualite\\\/culture-patrimoine\\\/A-La-Courneuve-une-fresque-pour-ne-pas-oublier-la-Marche-pour-legalite-et-contre-le-racisme-de-1983\\\/#respond\"]}]},{\"@type\":\"WebPage\",\"@id\":\"https:\\\/\\\/seinesaintdenis.fr\\\/actualite\\\/culture-patrimoine\\\/A-La-Courneuve-une-fresque-pour-ne-pas-oublier-la-Marche-pour-legalite-et-contre-le-racisme-de-1983\\\/\",\"url\":\"https:\\\/\\\/seinesaintdenis.fr\\\/actualite\\\/culture-patrimoine\\\/A-La-Courneuve-une-fresque-pour-ne-pas-oublier-la-Marche-pour-legalite-et-contre-le-racisme-de-1983\\\/\",\"name\":\"Marche pour l'\u00e9galit\u00e9 de 1983 : une fresque pour ne pas oublier - Seine-Saint-Denis - L&#039;actualit\u00e9 du d\u00e9partement\",\"isPartOf\":{\"@id\":\"https:\\\/\\\/seinesaintdenis.fr\\\/actualite\\\/#website\"},\"primaryImageOfPage\":{\"@id\":\"https:\\\/\\\/seinesaintdenis.fr\\\/actualite\\\/culture-patrimoine\\\/A-La-Courneuve-une-fresque-pour-ne-pas-oublier-la-Marche-pour-legalite-et-contre-le-racisme-de-1983\\\/#primaryimage\"},\"image\":{\"@id\":\"https:\\\/\\\/seinesaintdenis.fr\\\/actualite\\\/culture-patrimoine\\\/A-La-Courneuve-une-fresque-pour-ne-pas-oublier-la-Marche-pour-legalite-et-contre-le-racisme-de-1983\\\/#primaryimage\"},\"thumbnailUrl\":\"https:\\\/\\\/seinesaintdenis.fr\\\/actualite\\\/wp-content\\\/uploads\\\/2023\\\/12\\\/vignette.jpg\",\"datePublished\":\"2023-12-04T11:36:38+00:00\",\"dateModified\":\"2023-12-07T07:56:49+00:00\",\"description\":\"En 1983, une poign\u00e9e de marcheur\u00b7euse\u00b7s lan\u00e7aient la grande Marche pour l\u2019\u00e9galit\u00e9 et contre le racisme, de Marseille \u00e0 Paris. 40 ans apr\u00e8s, une fresque monumentale r\u00e9alis\u00e9e par l'artiste Ernesto Novo leur rend hommage \u00e0 La Courneuve, o\u00f9 le cort\u00e8ge avait fait \u00e9tape. \\\"La marche est partie d\u2019une r\u00e9volte populaire pour aboutir \u00e0 une d\u00e9claration d\u2019amour \u00e0 ce pays\\\", souligne Toumi Dja\u00efdja, initiateur de la marche, pr\u00e9sent lors de l'inauguration de la fresque, samedi 2 d\u00e9cembre. Command\u00e9e par le D\u00e9partement, cette fresque s'inscrit dans le Plan d\u00e9partemental d'investissement pour la culture, l'art et le patrimoine en Seine-Saint-Denis.\",\"breadcrumb\":{\"@id\":\"https:\\\/\\\/seinesaintdenis.fr\\\/actualite\\\/culture-patrimoine\\\/A-La-Courneuve-une-fresque-pour-ne-pas-oublier-la-Marche-pour-legalite-et-contre-le-racisme-de-1983\\\/#breadcrumb\"},\"inLanguage\":\"fr-FR\",\"potentialAction\":[{\"@type\":\"ReadAction\",\"target\":[\"https:\\\/\\\/seinesaintdenis.fr\\\/actualite\\\/culture-patrimoine\\\/A-La-Courneuve-une-fresque-pour-ne-pas-oublier-la-Marche-pour-legalite-et-contre-le-racisme-de-1983\\\/\"]}]},{\"@type\":\"ImageObject\",\"inLanguage\":\"fr-FR\",\"@id\":\"https:\\\/\\\/seinesaintdenis.fr\\\/actualite\\\/culture-patrimoine\\\/A-La-Courneuve-une-fresque-pour-ne-pas-oublier-la-Marche-pour-legalite-et-contre-le-racisme-de-1983\\\/#primaryimage\",\"url\":\"https:\\\/\\\/seinesaintdenis.fr\\\/actualite\\\/wp-content\\\/uploads\\\/2023\\\/12\\\/vignette.jpg\",\"contentUrl\":\"https:\\\/\\\/seinesaintdenis.fr\\\/actualite\\\/wp-content\\\/uploads\\\/2023\\\/12\\\/vignette.jpg\",\"width\":1920,\"height\":1080,\"caption\":\"inauguration fresque 40 ans de la marche pour l'\u00e9galit\u00e9 et contre le racisme \u00e0 La Courneuve\"},{\"@type\":\"BreadcrumbList\",\"@id\":\"https:\\\/\\\/seinesaintdenis.fr\\\/actualite\\\/culture-patrimoine\\\/A-La-Courneuve-une-fresque-pour-ne-pas-oublier-la-Marche-pour-legalite-et-contre-le-racisme-de-1983\\\/#breadcrumb\",\"itemListElement\":[{\"@type\":\"ListItem\",\"position\":1,\"name\":\"Accueil\",\"item\":\"https:\\\/\\\/seinesaintdenis.fr\\\/actualite\\\/\"},{\"@type\":\"ListItem\",\"position\":2,\"name\":\"Culture &amp; Patrimoine\",\"item\":\"https:\\\/\\\/seinesaintdenis.fr\\\/actualite\\\/culture-patrimoine\\\/\"},{\"@type\":\"ListItem\",\"position\":3,\"name\":\"Street art\",\"item\":\"https:\\\/\\\/seinesaintdenis.fr\\\/actualite\\\/culture-patrimoine\\\/street-art\\\/\"},{\"@type\":\"ListItem\",\"position\":4,\"name\":\"Marche pour l&rsquo;\u00e9galit\u00e9 de 1983 : une fresque pour ne pas oublier\"}]},{\"@type\":\"WebSite\",\"@id\":\"https:\\\/\\\/seinesaintdenis.fr\\\/actualite\\\/#website\",\"url\":\"https:\\\/\\\/seinesaintdenis.fr\\\/actualite\\\/\",\"name\":\"Seine-Saint-Denis - L'actualit\u00e9 du d\u00e9partement\",\"description\":\"L&#039;actualit\u00e9 du D\u00e9partement de la Seine-Saint-Denis\",\"publisher\":{\"@id\":\"https:\\\/\\\/seinesaintdenis.fr\\\/actualite\\\/#organization\"},\"potentialAction\":[{\"@type\":\"SearchAction\",\"target\":{\"@type\":\"EntryPoint\",\"urlTemplate\":\"https:\\\/\\\/seinesaintdenis.fr\\\/actualite\\\/?s={search_term_string}\"},\"query-input\":{\"@type\":\"PropertyValueSpecification\",\"valueRequired\":true,\"valueName\":\"search_term_string\"}}],\"inLanguage\":\"fr-FR\"},{\"@type\":\"Organization\",\"@id\":\"https:\\\/\\\/seinesaintdenis.fr\\\/actualite\\\/#organization\",\"name\":\"Seine-Saint-Denis - Le D\u00e9partement\",\"url\":\"https:\\\/\\\/seinesaintdenis.fr\\\/actualite\\\/\",\"logo\":{\"@type\":\"ImageObject\",\"inLanguage\":\"fr-FR\",\"@id\":\"https:\\\/\\\/seinesaintdenis.fr\\\/actualite\\\/#\\\/schema\\\/logo\\\/image\\\/\",\"url\":\"https:\\\/\\\/seinesaintdenis.fr\\\/actualite\\\/wp-content\\\/uploads\\\/2024\\\/08\\\/logo.png\",\"contentUrl\":\"https:\\\/\\\/seinesaintdenis.fr\\\/actualite\\\/wp-content\\\/uploads\\\/2024\\\/08\\\/logo.png\",\"width\":567,\"height\":172,\"caption\":\"Seine-Saint-Denis - Le D\u00e9partement\"},\"image\":{\"@id\":\"https:\\\/\\\/seinesaintdenis.fr\\\/actualite\\\/#\\\/schema\\\/logo\\\/image\\\/\"},\"sameAs\":[\"https:\\\/\\\/www.facebook.com\\\/seinesaintdenisledepartement\",\"https:\\\/\\\/x.com\\\/seinesaintdenis\",\"https:\\\/\\\/www.linkedin.com\\\/company\\\/seinesaintdenis\",\"https:\\\/\\\/www.instagram.com\\\/seine_saint_denis\\\/\",\"https:\\\/\\\/www.youtube.com\\\/channel\\\/UCR5YF9NnqiLCbnrKQgLUcIw\"]},{\"@type\":\"Person\",\"@id\":\"https:\\\/\\\/seinesaintdenis.fr\\\/actualite\\\/#\\\/schema\\\/person\\\/83cfb60412523dce14a752f37ae506fb\",\"name\":\"Nicolas Le H\u00e9riss\u00e9\",\"image\":{\"@type\":\"ImageObject\",\"inLanguage\":\"fr-FR\",\"@id\":\"https:\\\/\\\/secure.gravatar.com\\\/avatar\\\/7a037480306fa242c59436a102dc6a4d72cab164610d2fc68cf59229872c6a50?s=96&d=mm&r=g\",\"url\":\"https:\\\/\\\/secure.gravatar.com\\\/avatar\\\/7a037480306fa242c59436a102dc6a4d72cab164610d2fc68cf59229872c6a50?s=96&d=mm&r=g\",\"contentUrl\":\"https:\\\/\\\/secure.gravatar.com\\\/avatar\\\/7a037480306fa242c59436a102dc6a4d72cab164610d2fc68cf59229872c6a50?s=96&d=mm&r=g\",\"caption\":\"Nicolas Le H\u00e9riss\u00e9\"},\"url\":\"https:\\\/\\\/seinesaintdenis.fr\\\/actualite\\\/author\\\/nleherisse\\\/\"}]}<\/script>\n<!-- \/ Yoast SEO plugin. -->","yoast_head_json":{"title":"Marche pour l'\u00e9galit\u00e9 de 1983 : une fresque pour ne pas oublier - Seine-Saint-Denis - L&#039;actualit\u00e9 du d\u00e9partement","description":"En 1983, une poign\u00e9e de marcheur\u00b7euse\u00b7s lan\u00e7aient la grande Marche pour l\u2019\u00e9galit\u00e9 et contre le racisme, de Marseille \u00e0 Paris. 40 ans apr\u00e8s, une fresque monumentale r\u00e9alis\u00e9e par l'artiste Ernesto Novo leur rend hommage \u00e0 La Courneuve, o\u00f9 le cort\u00e8ge avait fait \u00e9tape. \"La marche est partie d\u2019une r\u00e9volte populaire pour aboutir \u00e0 une d\u00e9claration d\u2019amour \u00e0 ce pays\", souligne Toumi Dja\u00efdja, initiateur de la marche, pr\u00e9sent lors de l'inauguration de la fresque, samedi 2 d\u00e9cembre. Command\u00e9e par le D\u00e9partement, cette fresque s'inscrit dans le Plan d\u00e9partemental d'investissement pour la culture, l'art et le patrimoine en Seine-Saint-Denis.","robots":{"index":"index","follow":"follow","max-snippet":"max-snippet:-1","max-image-preview":"max-image-preview:large","max-video-preview":"max-video-preview:-1"},"canonical":"https:\/\/seinesaintdenis.fr\/actualite\/culture-patrimoine\/A-La-Courneuve-une-fresque-pour-ne-pas-oublier-la-Marche-pour-legalite-et-contre-le-racisme-de-1983\/","og_locale":"fr_FR","og_type":"article","og_title":"Marche pour l'\u00e9galit\u00e9 de 1983 : une fresque pour ne pas oublier - Seine-Saint-Denis - L&#039;actualit\u00e9 du d\u00e9partement","og_description":"En 1983, une poign\u00e9e de marcheur\u00b7euse\u00b7s lan\u00e7aient la grande Marche pour l\u2019\u00e9galit\u00e9 et contre le racisme, de Marseille \u00e0 Paris. 40 ans apr\u00e8s, une fresque monumentale r\u00e9alis\u00e9e par l'artiste Ernesto Novo leur rend hommage \u00e0 La Courneuve, o\u00f9 le cort\u00e8ge avait fait \u00e9tape. \"La marche est partie d\u2019une r\u00e9volte populaire pour aboutir \u00e0 une d\u00e9claration d\u2019amour \u00e0 ce pays\", souligne Toumi Dja\u00efdja, initiateur de la marche, pr\u00e9sent lors de l'inauguration de la fresque, samedi 2 d\u00e9cembre. Command\u00e9e par le D\u00e9partement, cette fresque s'inscrit dans le Plan d\u00e9partemental d'investissement pour la culture, l'art et le patrimoine en Seine-Saint-Denis.","og_url":"https:\/\/seinesaintdenis.fr\/actualite\/culture-patrimoine\/A-La-Courneuve-une-fresque-pour-ne-pas-oublier-la-Marche-pour-legalite-et-contre-le-racisme-de-1983\/","og_site_name":"Seine-Saint-Denis - L&#039;actualit\u00e9 du d\u00e9partement","article_publisher":"https:\/\/www.facebook.com\/seinesaintdenisledepartement","article_published_time":"2023-12-04T11:36:38+00:00","article_modified_time":"2023-12-07T07:56:49+00:00","og_image":[{"width":1920,"height":1080,"url":"https:\/\/seinesaintdenis.fr\/actualite\/wp-content\/uploads\/2023\/12\/vignette.jpg","type":"image\/jpeg"}],"author":"Nicolas Le H\u00e9riss\u00e9","twitter_card":"summary_large_image","twitter_creator":"@seinesaintdenis","twitter_site":"@seinesaintdenis","twitter_misc":{"\u00c9crit par":"Nicolas Le H\u00e9riss\u00e9"},"schema":{"@context":"https:\/\/schema.org","@graph":[{"@type":"Article","@id":"https:\/\/seinesaintdenis.fr\/actualite\/culture-patrimoine\/A-La-Courneuve-une-fresque-pour-ne-pas-oublier-la-Marche-pour-legalite-et-contre-le-racisme-de-1983\/#article","isPartOf":{"@id":"https:\/\/seinesaintdenis.fr\/actualite\/culture-patrimoine\/A-La-Courneuve-une-fresque-pour-ne-pas-oublier-la-Marche-pour-legalite-et-contre-le-racisme-de-1983\/"},"author":{"name":"Nicolas Le H\u00e9riss\u00e9","@id":"https:\/\/seinesaintdenis.fr\/actualite\/#\/schema\/person\/83cfb60412523dce14a752f37ae506fb"},"headline":"Marche pour l&rsquo;\u00e9galit\u00e9 de 1983 : une fresque pour ne pas oublier","datePublished":"2023-12-04T11:36:38+00:00","dateModified":"2023-12-07T07:56:49+00:00","mainEntityOfPage":{"@id":"https:\/\/seinesaintdenis.fr\/actualite\/culture-patrimoine\/A-La-Courneuve-une-fresque-pour-ne-pas-oublier-la-Marche-pour-legalite-et-contre-le-racisme-de-1983\/"},"wordCount":11,"commentCount":0,"publisher":{"@id":"https:\/\/seinesaintdenis.fr\/actualite\/#organization"},"image":{"@id":"https:\/\/seinesaintdenis.fr\/actualite\/culture-patrimoine\/A-La-Courneuve-une-fresque-pour-ne-pas-oublier-la-Marche-pour-legalite-et-contre-le-racisme-de-1983\/#primaryimage"},"thumbnailUrl":"https:\/\/seinesaintdenis.fr\/actualite\/wp-content\/uploads\/2023\/12\/vignette.jpg","articleSection":["Culture &amp; Patrimoine","D\u00e9fense des droits","Street art"],"inLanguage":"fr-FR","potentialAction":[{"@type":"CommentAction","name":"Comment","target":["https:\/\/seinesaintdenis.fr\/actualite\/culture-patrimoine\/A-La-Courneuve-une-fresque-pour-ne-pas-oublier-la-Marche-pour-legalite-et-contre-le-racisme-de-1983\/#respond"]}]},{"@type":"WebPage","@id":"https:\/\/seinesaintdenis.fr\/actualite\/culture-patrimoine\/A-La-Courneuve-une-fresque-pour-ne-pas-oublier-la-Marche-pour-legalite-et-contre-le-racisme-de-1983\/","url":"https:\/\/seinesaintdenis.fr\/actualite\/culture-patrimoine\/A-La-Courneuve-une-fresque-pour-ne-pas-oublier-la-Marche-pour-legalite-et-contre-le-racisme-de-1983\/","name":"Marche pour l'\u00e9galit\u00e9 de 1983 : une fresque pour ne pas oublier - Seine-Saint-Denis - L&#039;actualit\u00e9 du d\u00e9partement","isPartOf":{"@id":"https:\/\/seinesaintdenis.fr\/actualite\/#website"},"primaryImageOfPage":{"@id":"https:\/\/seinesaintdenis.fr\/actualite\/culture-patrimoine\/A-La-Courneuve-une-fresque-pour-ne-pas-oublier-la-Marche-pour-legalite-et-contre-le-racisme-de-1983\/#primaryimage"},"image":{"@id":"https:\/\/seinesaintdenis.fr\/actualite\/culture-patrimoine\/A-La-Courneuve-une-fresque-pour-ne-pas-oublier-la-Marche-pour-legalite-et-contre-le-racisme-de-1983\/#primaryimage"},"thumbnailUrl":"https:\/\/seinesaintdenis.fr\/actualite\/wp-content\/uploads\/2023\/12\/vignette.jpg","datePublished":"2023-12-04T11:36:38+00:00","dateModified":"2023-12-07T07:56:49+00:00","description":"En 1983, une poign\u00e9e de marcheur\u00b7euse\u00b7s lan\u00e7aient la grande Marche pour l\u2019\u00e9galit\u00e9 et contre le racisme, de Marseille \u00e0 Paris. 40 ans apr\u00e8s, une fresque monumentale r\u00e9alis\u00e9e par l'artiste Ernesto Novo leur rend hommage \u00e0 La Courneuve, o\u00f9 le cort\u00e8ge avait fait \u00e9tape. \"La marche est partie d\u2019une r\u00e9volte populaire pour aboutir \u00e0 une d\u00e9claration d\u2019amour \u00e0 ce pays\", souligne Toumi Dja\u00efdja, initiateur de la marche, pr\u00e9sent lors de l'inauguration de la fresque, samedi 2 d\u00e9cembre. Command\u00e9e par le D\u00e9partement, cette fresque s'inscrit dans le Plan d\u00e9partemental d'investissement pour la culture, l'art et le patrimoine en Seine-Saint-Denis.","breadcrumb":{"@id":"https:\/\/seinesaintdenis.fr\/actualite\/culture-patrimoine\/A-La-Courneuve-une-fresque-pour-ne-pas-oublier-la-Marche-pour-legalite-et-contre-le-racisme-de-1983\/#breadcrumb"},"inLanguage":"fr-FR","potentialAction":[{"@type":"ReadAction","target":["https:\/\/seinesaintdenis.fr\/actualite\/culture-patrimoine\/A-La-Courneuve-une-fresque-pour-ne-pas-oublier-la-Marche-pour-legalite-et-contre-le-racisme-de-1983\/"]}]},{"@type":"ImageObject","inLanguage":"fr-FR","@id":"https:\/\/seinesaintdenis.fr\/actualite\/culture-patrimoine\/A-La-Courneuve-une-fresque-pour-ne-pas-oublier-la-Marche-pour-legalite-et-contre-le-racisme-de-1983\/#primaryimage","url":"https:\/\/seinesaintdenis.fr\/actualite\/wp-content\/uploads\/2023\/12\/vignette.jpg","contentUrl":"https:\/\/seinesaintdenis.fr\/actualite\/wp-content\/uploads\/2023\/12\/vignette.jpg","width":1920,"height":1080,"caption":"inauguration fresque 40 ans de la marche pour l'\u00e9galit\u00e9 et contre le racisme \u00e0 La Courneuve"},{"@type":"BreadcrumbList","@id":"https:\/\/seinesaintdenis.fr\/actualite\/culture-patrimoine\/A-La-Courneuve-une-fresque-pour-ne-pas-oublier-la-Marche-pour-legalite-et-contre-le-racisme-de-1983\/#breadcrumb","itemListElement":[{"@type":"ListItem","position":1,"name":"Accueil","item":"https:\/\/seinesaintdenis.fr\/actualite\/"},{"@type":"ListItem","position":2,"name":"Culture &amp; Patrimoine","item":"https:\/\/seinesaintdenis.fr\/actualite\/culture-patrimoine\/"},{"@type":"ListItem","position":3,"name":"Street art","item":"https:\/\/seinesaintdenis.fr\/actualite\/culture-patrimoine\/street-art\/"},{"@type":"ListItem","position":4,"name":"Marche pour l&rsquo;\u00e9galit\u00e9 de 1983 : une fresque pour ne pas oublier"}]},{"@type":"WebSite","@id":"https:\/\/seinesaintdenis.fr\/actualite\/#website","url":"https:\/\/seinesaintdenis.fr\/actualite\/","name":"Seine-Saint-Denis - L'actualit\u00e9 du d\u00e9partement","description":"L&#039;actualit\u00e9 du D\u00e9partement de la Seine-Saint-Denis","publisher":{"@id":"https:\/\/seinesaintdenis.fr\/actualite\/#organization"},"potentialAction":[{"@type":"SearchAction","target":{"@type":"EntryPoint","urlTemplate":"https:\/\/seinesaintdenis.fr\/actualite\/?s={search_term_string}"},"query-input":{"@type":"PropertyValueSpecification","valueRequired":true,"valueName":"search_term_string"}}],"inLanguage":"fr-FR"},{"@type":"Organization","@id":"https:\/\/seinesaintdenis.fr\/actualite\/#organization","name":"Seine-Saint-Denis - Le D\u00e9partement","url":"https:\/\/seinesaintdenis.fr\/actualite\/","logo":{"@type":"ImageObject","inLanguage":"fr-FR","@id":"https:\/\/seinesaintdenis.fr\/actualite\/#\/schema\/logo\/image\/","url":"https:\/\/seinesaintdenis.fr\/actualite\/wp-content\/uploads\/2024\/08\/logo.png","contentUrl":"https:\/\/seinesaintdenis.fr\/actualite\/wp-content\/uploads\/2024\/08\/logo.png","width":567,"height":172,"caption":"Seine-Saint-Denis - Le D\u00e9partement"},"image":{"@id":"https:\/\/seinesaintdenis.fr\/actualite\/#\/schema\/logo\/image\/"},"sameAs":["https:\/\/www.facebook.com\/seinesaintdenisledepartement","https:\/\/x.com\/seinesaintdenis","https:\/\/www.linkedin.com\/company\/seinesaintdenis","https:\/\/www.instagram.com\/seine_saint_denis\/","https:\/\/www.youtube.com\/channel\/UCR5YF9NnqiLCbnrKQgLUcIw"]},{"@type":"Person","@id":"https:\/\/seinesaintdenis.fr\/actualite\/#\/schema\/person\/83cfb60412523dce14a752f37ae506fb","name":"Nicolas Le H\u00e9riss\u00e9","image":{"@type":"ImageObject","inLanguage":"fr-FR","@id":"https:\/\/secure.gravatar.com\/avatar\/7a037480306fa242c59436a102dc6a4d72cab164610d2fc68cf59229872c6a50?s=96&d=mm&r=g","url":"https:\/\/secure.gravatar.com\/avatar\/7a037480306fa242c59436a102dc6a4d72cab164610d2fc68cf59229872c6a50?s=96&d=mm&r=g","contentUrl":"https:\/\/secure.gravatar.com\/avatar\/7a037480306fa242c59436a102dc6a4d72cab164610d2fc68cf59229872c6a50?s=96&d=mm&r=g","caption":"Nicolas Le H\u00e9riss\u00e9"},"url":"https:\/\/seinesaintdenis.fr\/actualite\/author\/nleherisse\/"}]}},"_links":{"self":[{"href":"https:\/\/seinesaintdenis.fr\/actualite\/wp-json\/wp\/v2\/posts\/11143","targetHints":{"allow":["GET"]}}],"collection":[{"href":"https:\/\/seinesaintdenis.fr\/actualite\/wp-json\/wp\/v2\/posts"}],"about":[{"href":"https:\/\/seinesaintdenis.fr\/actualite\/wp-json\/wp\/v2\/types\/post"}],"author":[{"embeddable":true,"href":"https:\/\/seinesaintdenis.fr\/actualite\/wp-json\/wp\/v2\/users\/38"}],"replies":[{"embeddable":true,"href":"https:\/\/seinesaintdenis.fr\/actualite\/wp-json\/wp\/v2\/comments?post=11143"}],"version-history":[{"count":12,"href":"https:\/\/seinesaintdenis.fr\/actualite\/wp-json\/wp\/v2\/posts\/11143\/revisions"}],"predecessor-version":[{"id":11292,"href":"https:\/\/seinesaintdenis.fr\/actualite\/wp-json\/wp\/v2\/posts\/11143\/revisions\/11292"}],"wp:featuredmedia":[{"embeddable":true,"href":"https:\/\/seinesaintdenis.fr\/actualite\/wp-json\/wp\/v2\/media\/11151"}],"wp:attachment":[{"href":"https:\/\/seinesaintdenis.fr\/actualite\/wp-json\/wp\/v2\/media?parent=11143"}],"wp:term":[{"taxonomy":"category","embeddable":true,"href":"https:\/\/seinesaintdenis.fr\/actualite\/wp-json\/wp\/v2\/categories?post=11143"},{"taxonomy":"ville","embeddable":true,"href":"https:\/\/seinesaintdenis.fr\/actualite\/wp-json\/wp\/v2\/ville?post=11143"}],"curies":[{"name":"wp","href":"https:\/\/api.w.org\/{rel}","templated":true}]}}