{"id":1109,"date":"2023-02-13T17:15:39","date_gmt":"2023-02-13T17:15:39","guid":{"rendered":"https:\/\/seinesaintdenis.fr\/actualite\/uncategorized\/Heureux-comme-un-arbre-en-ville\/"},"modified":"2023-05-23T16:41:52","modified_gmt":"2023-05-23T16:41:52","slug":"Heureux-comme-un-arbre-en-ville","status":"publish","type":"post","link":"https:\/\/seinesaintdenis.fr\/actualite\/deplacements-amenagement\/Heureux-comme-un-arbre-en-ville\/","title":{"rendered":"Heureux comme un arbre en ville"},"content":{"rendered":"<p>Majestueux t\u00e9moins du temps, les arbres install\u00e9s en milieu urbain nous offrent de pr\u00e9cieux services en nous prot\u00e9geant de la pollution de l\u2019air, en luttant contre les \u00eelots de chaleur ou en prot\u00e9geant la biodiversit\u00e9. Ces <i>\u00ab\u00a0puits de carbone\u00a0\u00bb<\/i> sont aussi bons pour notre sant\u00e9 physique et mentale\u00a0: diminution du stress et de certaines maladies cardiovasculaires&#8230; Attach\u00e9e \u00e0 la nature en ville, la collectivit\u00e9 vient d\u2019achever de nouvelles plantations d\u2019esp\u00e8ces adapt\u00e9es et la d\u00e9simperm\u00e9abilisation* de pieds d\u2019arbres sur diff\u00e9rents axes routiers du territoire.<\/p>\n<h3 class=\"spip\">Exp\u00e9rimenter de nouvelles pratiques<\/h3>\n<p><i>\u00ab\u00a0Les prestataires du D\u00e9partement ont plant\u00e9 fin d\u00e9cembre rue Robespierre \u00e0 Bagnolet une dizaine d\u2019arbres dans des fosses favorisant l\u2019infiltration des eaux pluviales\u00a0\u00bb <\/i> explique C\u00e9cile Rauscher, charg\u00e9e d\u2019op\u00e9rations du Plan Canop\u00e9e sur la RD39 et la RD928. Une demi-douzaine d\u2019aulnes glutineux \u00ab\u00a0Laciniata\u00a0\u00bb r\u00e9sistant aux inondations et \u00e0 la s\u00e9cheresse gr\u00e2ce \u00e0 leur \u00e9pais feuillage ont \u00e9t\u00e9 transplant\u00e9s sur les abords de la d\u00e9partementale. <br class=\"autobr\" \/>Par ailleurs, les professionnel\u00b7le\u00b7s ont favoris\u00e9 des fosses novatrices (dont les fosses de Stockholm), capables de r\u00e9cup\u00e9rer les eaux de pluie et les restituer aux racines par un syst\u00e8me de m\u00e8ches de capillarit\u00e9 obligeant l\u2019arbre \u00e0 plonger ses racines profond\u00e9ment dans le sol. <i>\u00ab\u00a0Une fa\u00e7on de r\u00e9duire l\u2019arrosage et de d\u00e9velopper la biodiversit\u00e9 des sols\u00a0\u00bb<\/i> ajoute C\u00e9cile, attentive \u00e0 conserver une terre fertile et riche en nutriments. <i>\u00ab\u00a0Nous avons aussi agi pour la d\u00e9simperm\u00e9abilisation des pieds de platane situ\u00e9s sur la route de Saint-Leu \u00e0 \u00c9pinay-sur-Seine\u00a0\u00bb<\/i>. <br class=\"autobr\" \/>Conscient\u00b7e\u00b7s de la n\u00e9cessit\u00e9 de s\u2019adapter au changement climatique, les agent\u00b7e\u00b7s collaborent avec le laboratoire <a class=\"spip_out\" href=\"https:\/\/ecoledesponts.fr\/laboratoire-eau-environnement-systemes-urbains\" rel=\"external\">Eau, Environnement et Syst\u00e8mes Urbains<\/a> de l\u2019\u00c9cole des Ponts Paris Tech. Gr\u00e2ce \u00e0 un ensemble de capteurs, les scientifiques pourront \u00e9tudier pendant deux ans l\u2019irrigation des arbres et leur pouvoir rafra\u00eechissant.<\/p>\n<h3 class=\"spip\">Cr\u00e9er des boulevards arbor\u00e9s<\/h3>\n<p>Des zones plant\u00e9es d\u2019une surface de 1000m<sup>2<\/sup> vont \u00eatre achev\u00e9es vers la mi-mars sur les \u00e0-c\u00f4t\u00e9s du boulevard de Paris aux Pavillons-sous-Bois. <i>\u00ab\u00a0Un prestataire a enlev\u00e9 le bitume pour creuser des terrassements d\u2019une profondeur allant de 60 centim\u00e8tres \u00e0 1 m\u00e8tre 30\u00a0\u00bb<\/i> d\u00e9clare Cl\u00e9ment Detey, conducteur de travaux de l\u2019entreprise d\u2019espace verts. <i>\u00ab\u00a0Nos ouvriers ont ensuite rempli les terre-pleins d\u2019eau, de cailloux et de terre avant d\u2019y planter les arbustes enfonc\u00e9s dans des cuvettes et de recouvrir l\u2019ensemble de paillage\u00a0\u00bb<\/i>. <br class=\"autobr\" \/>En concertation avec la Ville de Pavillons-sous-Bois, une quarantaine d\u2019ormes, de charmes, de pommiers, de cerisiers&#8230; apporteront ainsi dans quelques ann\u00e9es ombre et fra\u00eecheur sur les abords de cette route d\u00e9partementale, en am\u00e9liorant le cadre de vie des riverain\u00b7e\u00b7s. <i>\u00ab\u00a0Les pieds des arbres d\u2019alignement seront entour\u00e9s au printemps de plans de fleurs vivaces\u00a0: g\u00e9raniums, an\u00e9mones, acanthes&#8230; sem\u00e9es par des paysagistes\u00a0\u00bb<\/i> ajoute Camille Piot-Baste, charg\u00e9e de l\u2019op\u00e9ration Plan Canop\u00e9e sur la RD 78, qui a travaill\u00e9 en \u00e9troite collaboration avec les services techniques de la commune.<\/p>\n<p>En sus de l\u2019ensemble des am\u00e9nagements arbor\u00e9s le long des d\u00e9partementales, les amoureux\u00b7euse\u00b7s des espaces bois\u00e9s profiteront prochainement d\u2019une base de donn\u00e9es en open data (ouverte \u00e0 tous\u00b7te\u00b7s) recensant les diff\u00e9rentes esp\u00e8ces remarquables de la Seine-Saint-Denis. Une fa\u00e7on, pour paraphraser Yannick Noah dans sa chanson <a class=\"spip_out\" href=\"https:\/\/www.youtube.com\/watch?v=U8DD1c24bwk\" rel=\"external\">\u00ab\u00a0Aux arbres citoyens\u00a0!\u00a0\u00bb<\/a>, de <i>\u00ab\u00a0faire changer les choses en proposant un autre monde pour demain\u00a0\u00bb<\/i>.<\/p>\n<p><i>*La d\u00e9simperm\u00e9abilisation vise \u00e0 remplacer des surfaces imperm\u00e9ables par des surfaces plus perm\u00e9ables en promouvant une bonne gestion des eaux pluviales sur les parcelles (capacit\u00e9 d\u2019infiltration des eaux, \u00e9change sol-atmosph\u00e8re, biodiversit\u00e9&#8230;). <\/i><\/p>\n<figure class=\"spip_document_16496 spip_documents spip_documents_center media media_image media_image_jpg\"><img loading=\"lazy\" decoding=\"async\" src=\"IMG\/jpg\/photo_2_chantier_dnpb_-_rd78_nm_09-12-2022-67.jpg\" alt=\"JPEG - 501.2 ko\" width=\"760\" height=\"412\" \/><\/figure>\n<p>Cr\u00e9dit-photo\u00a0: Nicolas Moulard<\/p>\n","protected":false},"excerpt":{"rendered":"Majestueux t\u00e9moins du temps, les arbres install\u00e9s en milieu urbain nous offrent de pr\u00e9cieux services en nous prot\u00e9geant de la pollution de l\u2019air, en luttant contre les \u00eelots de chaleur ou en prot\u00e9geant la biodiversit\u00e9. Ces \u00ab\u00a0puits de carbone\u00a0\u00bb sont aussi bons pour notre sant\u00e9 physique et mentale\u00a0: diminution du stress et de certaines maladies&#8230; <a class=\"view-article\" href=\"https:\/\/seinesaintdenis.fr\/actualite\/deplacements-amenagement\/Heureux-comme-un-arbre-en-ville\/\">Voir l&rsquo;article<\/a>","protected":false},"author":12,"featured_media":1110,"comment_status":"open","ping_status":"open","sticky":false,"template":"","format":"standard","meta":{"_acf_changed":false,"footnotes":""},"categories":[7,107],"ville":[77],"class_list":["post-1109","post","type-post","status-publish","format-standard","has-post-thumbnail","hentry","category-deplacements-amenagement","category-voirie"],"acf":[],"yoast_head":"<!-- This site is optimized with the Yoast SEO plugin v27.5 - https:\/\/yoast.com\/product\/yoast-seo-wordpress\/ -->\n<title>Heureux comme un arbre en ville - Seine-Saint-Denis - L&#039;actualit\u00e9 du d\u00e9partement<\/title>\n<meta name=\"robots\" content=\"index, follow, max-snippet:-1, max-image-preview:large, max-video-preview:-1\" \/>\n<link rel=\"canonical\" href=\"https:\/\/seinesaintdenis.fr\/actualite\/deplacements-amenagement\/Heureux-comme-un-arbre-en-ville\/\" \/>\n<meta property=\"og:locale\" content=\"fr_FR\" \/>\n<meta property=\"og:type\" content=\"article\" \/>\n<meta property=\"og:title\" content=\"Heureux comme un arbre en ville - Seine-Saint-Denis - L&#039;actualit\u00e9 du d\u00e9partement\" \/>\n<meta property=\"og:url\" content=\"https:\/\/seinesaintdenis.fr\/actualite\/deplacements-amenagement\/Heureux-comme-un-arbre-en-ville\/\" \/>\n<meta property=\"og:site_name\" content=\"Seine-Saint-Denis - L&#039;actualit\u00e9 du d\u00e9partement\" \/>\n<meta property=\"article:publisher\" content=\"https:\/\/www.facebook.com\/seinesaintdenisledepartement\" \/>\n<meta property=\"article:published_time\" content=\"2023-02-13T17:15:39+00:00\" \/>\n<meta property=\"article:modified_time\" content=\"2023-05-23T16:41:52+00:00\" \/>\n<meta property=\"og:image\" content=\"https:\/\/seinesaintdenis.fr\/actualite\/wp-content\/uploads\/2023\/04\/98a3210ddbbf8fca6fdaa754bb96e0.jpg\" \/>\n\t<meta property=\"og:image:width\" content=\"760\" \/>\n\t<meta property=\"og:image:height\" content=\"411\" \/>\n\t<meta property=\"og:image:type\" content=\"image\/jpeg\" \/>\n<meta name=\"author\" content=\"Carine Arassus\" \/>\n<meta name=\"twitter:card\" content=\"summary_large_image\" \/>\n<meta name=\"twitter:creator\" content=\"@seinesaintdenis\" \/>\n<meta name=\"twitter:site\" content=\"@seinesaintdenis\" \/>\n<meta name=\"twitter:label1\" content=\"\u00c9crit par\" \/>\n\t<meta name=\"twitter:data1\" content=\"Carine Arassus\" \/>\n\t<meta name=\"twitter:label2\" content=\"Dur\u00e9e de lecture estim\u00e9e\" \/>\n\t<meta name=\"twitter:data2\" content=\"3 minutes\" \/>\n<script type=\"application\/ld+json\" class=\"yoast-schema-graph\">{\"@context\":\"https:\\\/\\\/schema.org\",\"@graph\":[{\"@type\":\"Article\",\"@id\":\"https:\\\/\\\/seinesaintdenis.fr\\\/actualite\\\/deplacements-amenagement\\\/Heureux-comme-un-arbre-en-ville\\\/#article\",\"isPartOf\":{\"@id\":\"https:\\\/\\\/seinesaintdenis.fr\\\/actualite\\\/deplacements-amenagement\\\/Heureux-comme-un-arbre-en-ville\\\/\"},\"author\":{\"name\":\"Carine Arassus\",\"@id\":\"https:\\\/\\\/seinesaintdenis.fr\\\/actualite\\\/#\\\/schema\\\/person\\\/0ed132e414e4e5a6a6d14bb9fd5b0d3a\"},\"headline\":\"Heureux comme un arbre en ville\",\"datePublished\":\"2023-02-13T17:15:39+00:00\",\"dateModified\":\"2023-05-23T16:41:52+00:00\",\"mainEntityOfPage\":{\"@id\":\"https:\\\/\\\/seinesaintdenis.fr\\\/actualite\\\/deplacements-amenagement\\\/Heureux-comme-un-arbre-en-ville\\\/\"},\"wordCount\":649,\"commentCount\":2,\"publisher\":{\"@id\":\"https:\\\/\\\/seinesaintdenis.fr\\\/actualite\\\/#organization\"},\"image\":{\"@id\":\"https:\\\/\\\/seinesaintdenis.fr\\\/actualite\\\/deplacements-amenagement\\\/Heureux-comme-un-arbre-en-ville\\\/#primaryimage\"},\"thumbnailUrl\":\"https:\\\/\\\/seinesaintdenis.fr\\\/actualite\\\/wp-content\\\/uploads\\\/2023\\\/04\\\/98a3210ddbbf8fca6fdaa754bb96e0.jpg\",\"articleSection\":[\"D\u00e9placements &amp; Am\u00e9nagement\",\"Voirie\"],\"inLanguage\":\"fr-FR\",\"potentialAction\":[{\"@type\":\"CommentAction\",\"name\":\"Comment\",\"target\":[\"https:\\\/\\\/seinesaintdenis.fr\\\/actualite\\\/deplacements-amenagement\\\/Heureux-comme-un-arbre-en-ville\\\/#respond\"]}]},{\"@type\":\"WebPage\",\"@id\":\"https:\\\/\\\/seinesaintdenis.fr\\\/actualite\\\/deplacements-amenagement\\\/Heureux-comme-un-arbre-en-ville\\\/\",\"url\":\"https:\\\/\\\/seinesaintdenis.fr\\\/actualite\\\/deplacements-amenagement\\\/Heureux-comme-un-arbre-en-ville\\\/\",\"name\":\"Heureux comme un arbre en ville - Seine-Saint-Denis - L&#039;actualit\u00e9 du d\u00e9partement\",\"isPartOf\":{\"@id\":\"https:\\\/\\\/seinesaintdenis.fr\\\/actualite\\\/#website\"},\"primaryImageOfPage\":{\"@id\":\"https:\\\/\\\/seinesaintdenis.fr\\\/actualite\\\/deplacements-amenagement\\\/Heureux-comme-un-arbre-en-ville\\\/#primaryimage\"},\"image\":{\"@id\":\"https:\\\/\\\/seinesaintdenis.fr\\\/actualite\\\/deplacements-amenagement\\\/Heureux-comme-un-arbre-en-ville\\\/#primaryimage\"},\"thumbnailUrl\":\"https:\\\/\\\/seinesaintdenis.fr\\\/actualite\\\/wp-content\\\/uploads\\\/2023\\\/04\\\/98a3210ddbbf8fca6fdaa754bb96e0.jpg\",\"datePublished\":\"2023-02-13T17:15:39+00:00\",\"dateModified\":\"2023-05-23T16:41:52+00:00\",\"breadcrumb\":{\"@id\":\"https:\\\/\\\/seinesaintdenis.fr\\\/actualite\\\/deplacements-amenagement\\\/Heureux-comme-un-arbre-en-ville\\\/#breadcrumb\"},\"inLanguage\":\"fr-FR\",\"potentialAction\":[{\"@type\":\"ReadAction\",\"target\":[\"https:\\\/\\\/seinesaintdenis.fr\\\/actualite\\\/deplacements-amenagement\\\/Heureux-comme-un-arbre-en-ville\\\/\"]}]},{\"@type\":\"ImageObject\",\"inLanguage\":\"fr-FR\",\"@id\":\"https:\\\/\\\/seinesaintdenis.fr\\\/actualite\\\/deplacements-amenagement\\\/Heureux-comme-un-arbre-en-ville\\\/#primaryimage\",\"url\":\"https:\\\/\\\/seinesaintdenis.fr\\\/actualite\\\/wp-content\\\/uploads\\\/2023\\\/04\\\/98a3210ddbbf8fca6fdaa754bb96e0.jpg\",\"contentUrl\":\"https:\\\/\\\/seinesaintdenis.fr\\\/actualite\\\/wp-content\\\/uploads\\\/2023\\\/04\\\/98a3210ddbbf8fca6fdaa754bb96e0.jpg\",\"width\":760,\"height\":411},{\"@type\":\"BreadcrumbList\",\"@id\":\"https:\\\/\\\/seinesaintdenis.fr\\\/actualite\\\/deplacements-amenagement\\\/Heureux-comme-un-arbre-en-ville\\\/#breadcrumb\",\"itemListElement\":[{\"@type\":\"ListItem\",\"position\":1,\"name\":\"Accueil\",\"item\":\"https:\\\/\\\/seinesaintdenis.fr\\\/actualite\\\/\"},{\"@type\":\"ListItem\",\"position\":2,\"name\":\"D\u00e9placements &amp; Am\u00e9nagement\",\"item\":\"https:\\\/\\\/seinesaintdenis.fr\\\/actualite\\\/deplacements-amenagement\\\/\"},{\"@type\":\"ListItem\",\"position\":3,\"name\":\"Heureux comme un arbre en ville\"}]},{\"@type\":\"WebSite\",\"@id\":\"https:\\\/\\\/seinesaintdenis.fr\\\/actualite\\\/#website\",\"url\":\"https:\\\/\\\/seinesaintdenis.fr\\\/actualite\\\/\",\"name\":\"Seine-Saint-Denis - L'actualit\u00e9 du d\u00e9partement\",\"description\":\"L&#039;actualit\u00e9 du D\u00e9partement de la Seine-Saint-Denis\",\"publisher\":{\"@id\":\"https:\\\/\\\/seinesaintdenis.fr\\\/actualite\\\/#organization\"},\"potentialAction\":[{\"@type\":\"SearchAction\",\"target\":{\"@type\":\"EntryPoint\",\"urlTemplate\":\"https:\\\/\\\/seinesaintdenis.fr\\\/actualite\\\/?s={search_term_string}\"},\"query-input\":{\"@type\":\"PropertyValueSpecification\",\"valueRequired\":true,\"valueName\":\"search_term_string\"}}],\"inLanguage\":\"fr-FR\"},{\"@type\":\"Organization\",\"@id\":\"https:\\\/\\\/seinesaintdenis.fr\\\/actualite\\\/#organization\",\"name\":\"Seine-Saint-Denis - Le D\u00e9partement\",\"url\":\"https:\\\/\\\/seinesaintdenis.fr\\\/actualite\\\/\",\"logo\":{\"@type\":\"ImageObject\",\"inLanguage\":\"fr-FR\",\"@id\":\"https:\\\/\\\/seinesaintdenis.fr\\\/actualite\\\/#\\\/schema\\\/logo\\\/image\\\/\",\"url\":\"https:\\\/\\\/seinesaintdenis.fr\\\/actualite\\\/wp-content\\\/uploads\\\/2024\\\/08\\\/logo.png\",\"contentUrl\":\"https:\\\/\\\/seinesaintdenis.fr\\\/actualite\\\/wp-content\\\/uploads\\\/2024\\\/08\\\/logo.png\",\"width\":567,\"height\":172,\"caption\":\"Seine-Saint-Denis - Le D\u00e9partement\"},\"image\":{\"@id\":\"https:\\\/\\\/seinesaintdenis.fr\\\/actualite\\\/#\\\/schema\\\/logo\\\/image\\\/\"},\"sameAs\":[\"https:\\\/\\\/www.facebook.com\\\/seinesaintdenisledepartement\",\"https:\\\/\\\/x.com\\\/seinesaintdenis\",\"https:\\\/\\\/www.linkedin.com\\\/company\\\/seinesaintdenis\",\"https:\\\/\\\/www.instagram.com\\\/seine_saint_denis\\\/\",\"https:\\\/\\\/www.youtube.com\\\/channel\\\/UCR5YF9NnqiLCbnrKQgLUcIw\"]},{\"@type\":\"Person\",\"@id\":\"https:\\\/\\\/seinesaintdenis.fr\\\/actualite\\\/#\\\/schema\\\/person\\\/0ed132e414e4e5a6a6d14bb9fd5b0d3a\",\"name\":\"Carine Arassus\",\"image\":{\"@type\":\"ImageObject\",\"inLanguage\":\"fr-FR\",\"@id\":\"https:\\\/\\\/secure.gravatar.com\\\/avatar\\\/0f981f322f4f99253bcb871f10ae46ce56b35c7fe7c5b8aa9b09ba3a77f6e3c0?s=96&d=mm&r=g\",\"url\":\"https:\\\/\\\/secure.gravatar.com\\\/avatar\\\/0f981f322f4f99253bcb871f10ae46ce56b35c7fe7c5b8aa9b09ba3a77f6e3c0?s=96&d=mm&r=g\",\"contentUrl\":\"https:\\\/\\\/secure.gravatar.com\\\/avatar\\\/0f981f322f4f99253bcb871f10ae46ce56b35c7fe7c5b8aa9b09ba3a77f6e3c0?s=96&d=mm&r=g\",\"caption\":\"Carine Arassus\"},\"url\":\"https:\\\/\\\/seinesaintdenis.fr\\\/actualite\\\/author\\\/carassus\\\/\"}]}<\/script>\n<!-- \/ Yoast SEO plugin. -->","yoast_head_json":{"title":"Heureux comme un arbre en ville - Seine-Saint-Denis - L&#039;actualit\u00e9 du d\u00e9partement","robots":{"index":"index","follow":"follow","max-snippet":"max-snippet:-1","max-image-preview":"max-image-preview:large","max-video-preview":"max-video-preview:-1"},"canonical":"https:\/\/seinesaintdenis.fr\/actualite\/deplacements-amenagement\/Heureux-comme-un-arbre-en-ville\/","og_locale":"fr_FR","og_type":"article","og_title":"Heureux comme un arbre en ville - Seine-Saint-Denis - L&#039;actualit\u00e9 du d\u00e9partement","og_url":"https:\/\/seinesaintdenis.fr\/actualite\/deplacements-amenagement\/Heureux-comme-un-arbre-en-ville\/","og_site_name":"Seine-Saint-Denis - L&#039;actualit\u00e9 du d\u00e9partement","article_publisher":"https:\/\/www.facebook.com\/seinesaintdenisledepartement","article_published_time":"2023-02-13T17:15:39+00:00","article_modified_time":"2023-05-23T16:41:52+00:00","og_image":[{"width":760,"height":411,"url":"https:\/\/seinesaintdenis.fr\/actualite\/wp-content\/uploads\/2023\/04\/98a3210ddbbf8fca6fdaa754bb96e0.jpg","type":"image\/jpeg"}],"author":"Carine Arassus","twitter_card":"summary_large_image","twitter_creator":"@seinesaintdenis","twitter_site":"@seinesaintdenis","twitter_misc":{"\u00c9crit par":"Carine Arassus","Dur\u00e9e de lecture estim\u00e9e":"3 minutes"},"schema":{"@context":"https:\/\/schema.org","@graph":[{"@type":"Article","@id":"https:\/\/seinesaintdenis.fr\/actualite\/deplacements-amenagement\/Heureux-comme-un-arbre-en-ville\/#article","isPartOf":{"@id":"https:\/\/seinesaintdenis.fr\/actualite\/deplacements-amenagement\/Heureux-comme-un-arbre-en-ville\/"},"author":{"name":"Carine Arassus","@id":"https:\/\/seinesaintdenis.fr\/actualite\/#\/schema\/person\/0ed132e414e4e5a6a6d14bb9fd5b0d3a"},"headline":"Heureux comme un arbre en ville","datePublished":"2023-02-13T17:15:39+00:00","dateModified":"2023-05-23T16:41:52+00:00","mainEntityOfPage":{"@id":"https:\/\/seinesaintdenis.fr\/actualite\/deplacements-amenagement\/Heureux-comme-un-arbre-en-ville\/"},"wordCount":649,"commentCount":2,"publisher":{"@id":"https:\/\/seinesaintdenis.fr\/actualite\/#organization"},"image":{"@id":"https:\/\/seinesaintdenis.fr\/actualite\/deplacements-amenagement\/Heureux-comme-un-arbre-en-ville\/#primaryimage"},"thumbnailUrl":"https:\/\/seinesaintdenis.fr\/actualite\/wp-content\/uploads\/2023\/04\/98a3210ddbbf8fca6fdaa754bb96e0.jpg","articleSection":["D\u00e9placements &amp; Am\u00e9nagement","Voirie"],"inLanguage":"fr-FR","potentialAction":[{"@type":"CommentAction","name":"Comment","target":["https:\/\/seinesaintdenis.fr\/actualite\/deplacements-amenagement\/Heureux-comme-un-arbre-en-ville\/#respond"]}]},{"@type":"WebPage","@id":"https:\/\/seinesaintdenis.fr\/actualite\/deplacements-amenagement\/Heureux-comme-un-arbre-en-ville\/","url":"https:\/\/seinesaintdenis.fr\/actualite\/deplacements-amenagement\/Heureux-comme-un-arbre-en-ville\/","name":"Heureux comme un arbre en ville - Seine-Saint-Denis - L&#039;actualit\u00e9 du d\u00e9partement","isPartOf":{"@id":"https:\/\/seinesaintdenis.fr\/actualite\/#website"},"primaryImageOfPage":{"@id":"https:\/\/seinesaintdenis.fr\/actualite\/deplacements-amenagement\/Heureux-comme-un-arbre-en-ville\/#primaryimage"},"image":{"@id":"https:\/\/seinesaintdenis.fr\/actualite\/deplacements-amenagement\/Heureux-comme-un-arbre-en-ville\/#primaryimage"},"thumbnailUrl":"https:\/\/seinesaintdenis.fr\/actualite\/wp-content\/uploads\/2023\/04\/98a3210ddbbf8fca6fdaa754bb96e0.jpg","datePublished":"2023-02-13T17:15:39+00:00","dateModified":"2023-05-23T16:41:52+00:00","breadcrumb":{"@id":"https:\/\/seinesaintdenis.fr\/actualite\/deplacements-amenagement\/Heureux-comme-un-arbre-en-ville\/#breadcrumb"},"inLanguage":"fr-FR","potentialAction":[{"@type":"ReadAction","target":["https:\/\/seinesaintdenis.fr\/actualite\/deplacements-amenagement\/Heureux-comme-un-arbre-en-ville\/"]}]},{"@type":"ImageObject","inLanguage":"fr-FR","@id":"https:\/\/seinesaintdenis.fr\/actualite\/deplacements-amenagement\/Heureux-comme-un-arbre-en-ville\/#primaryimage","url":"https:\/\/seinesaintdenis.fr\/actualite\/wp-content\/uploads\/2023\/04\/98a3210ddbbf8fca6fdaa754bb96e0.jpg","contentUrl":"https:\/\/seinesaintdenis.fr\/actualite\/wp-content\/uploads\/2023\/04\/98a3210ddbbf8fca6fdaa754bb96e0.jpg","width":760,"height":411},{"@type":"BreadcrumbList","@id":"https:\/\/seinesaintdenis.fr\/actualite\/deplacements-amenagement\/Heureux-comme-un-arbre-en-ville\/#breadcrumb","itemListElement":[{"@type":"ListItem","position":1,"name":"Accueil","item":"https:\/\/seinesaintdenis.fr\/actualite\/"},{"@type":"ListItem","position":2,"name":"D\u00e9placements &amp; Am\u00e9nagement","item":"https:\/\/seinesaintdenis.fr\/actualite\/deplacements-amenagement\/"},{"@type":"ListItem","position":3,"name":"Heureux comme un arbre en ville"}]},{"@type":"WebSite","@id":"https:\/\/seinesaintdenis.fr\/actualite\/#website","url":"https:\/\/seinesaintdenis.fr\/actualite\/","name":"Seine-Saint-Denis - L'actualit\u00e9 du d\u00e9partement","description":"L&#039;actualit\u00e9 du D\u00e9partement de la Seine-Saint-Denis","publisher":{"@id":"https:\/\/seinesaintdenis.fr\/actualite\/#organization"},"potentialAction":[{"@type":"SearchAction","target":{"@type":"EntryPoint","urlTemplate":"https:\/\/seinesaintdenis.fr\/actualite\/?s={search_term_string}"},"query-input":{"@type":"PropertyValueSpecification","valueRequired":true,"valueName":"search_term_string"}}],"inLanguage":"fr-FR"},{"@type":"Organization","@id":"https:\/\/seinesaintdenis.fr\/actualite\/#organization","name":"Seine-Saint-Denis - Le D\u00e9partement","url":"https:\/\/seinesaintdenis.fr\/actualite\/","logo":{"@type":"ImageObject","inLanguage":"fr-FR","@id":"https:\/\/seinesaintdenis.fr\/actualite\/#\/schema\/logo\/image\/","url":"https:\/\/seinesaintdenis.fr\/actualite\/wp-content\/uploads\/2024\/08\/logo.png","contentUrl":"https:\/\/seinesaintdenis.fr\/actualite\/wp-content\/uploads\/2024\/08\/logo.png","width":567,"height":172,"caption":"Seine-Saint-Denis - Le D\u00e9partement"},"image":{"@id":"https:\/\/seinesaintdenis.fr\/actualite\/#\/schema\/logo\/image\/"},"sameAs":["https:\/\/www.facebook.com\/seinesaintdenisledepartement","https:\/\/x.com\/seinesaintdenis","https:\/\/www.linkedin.com\/company\/seinesaintdenis","https:\/\/www.instagram.com\/seine_saint_denis\/","https:\/\/www.youtube.com\/channel\/UCR5YF9NnqiLCbnrKQgLUcIw"]},{"@type":"Person","@id":"https:\/\/seinesaintdenis.fr\/actualite\/#\/schema\/person\/0ed132e414e4e5a6a6d14bb9fd5b0d3a","name":"Carine Arassus","image":{"@type":"ImageObject","inLanguage":"fr-FR","@id":"https:\/\/secure.gravatar.com\/avatar\/0f981f322f4f99253bcb871f10ae46ce56b35c7fe7c5b8aa9b09ba3a77f6e3c0?s=96&d=mm&r=g","url":"https:\/\/secure.gravatar.com\/avatar\/0f981f322f4f99253bcb871f10ae46ce56b35c7fe7c5b8aa9b09ba3a77f6e3c0?s=96&d=mm&r=g","contentUrl":"https:\/\/secure.gravatar.com\/avatar\/0f981f322f4f99253bcb871f10ae46ce56b35c7fe7c5b8aa9b09ba3a77f6e3c0?s=96&d=mm&r=g","caption":"Carine Arassus"},"url":"https:\/\/seinesaintdenis.fr\/actualite\/author\/carassus\/"}]}},"_links":{"self":[{"href":"https:\/\/seinesaintdenis.fr\/actualite\/wp-json\/wp\/v2\/posts\/1109","targetHints":{"allow":["GET"]}}],"collection":[{"href":"https:\/\/seinesaintdenis.fr\/actualite\/wp-json\/wp\/v2\/posts"}],"about":[{"href":"https:\/\/seinesaintdenis.fr\/actualite\/wp-json\/wp\/v2\/types\/post"}],"author":[{"embeddable":true,"href":"https:\/\/seinesaintdenis.fr\/actualite\/wp-json\/wp\/v2\/users\/12"}],"replies":[{"embeddable":true,"href":"https:\/\/seinesaintdenis.fr\/actualite\/wp-json\/wp\/v2\/comments?post=1109"}],"version-history":[{"count":1,"href":"https:\/\/seinesaintdenis.fr\/actualite\/wp-json\/wp\/v2\/posts\/1109\/revisions"}],"predecessor-version":[{"id":2433,"href":"https:\/\/seinesaintdenis.fr\/actualite\/wp-json\/wp\/v2\/posts\/1109\/revisions\/2433"}],"wp:featuredmedia":[{"embeddable":true,"href":"https:\/\/seinesaintdenis.fr\/actualite\/wp-json\/wp\/v2\/media\/1110"}],"wp:attachment":[{"href":"https:\/\/seinesaintdenis.fr\/actualite\/wp-json\/wp\/v2\/media?parent=1109"}],"wp:term":[{"taxonomy":"category","embeddable":true,"href":"https:\/\/seinesaintdenis.fr\/actualite\/wp-json\/wp\/v2\/categories?post=1109"},{"taxonomy":"ville","embeddable":true,"href":"https:\/\/seinesaintdenis.fr\/actualite\/wp-json\/wp\/v2\/ville?post=1109"}],"curies":[{"name":"wp","href":"https:\/\/api.w.org\/{rel}","templated":true}]}}