{"id":1103,"date":"2023-02-15T10:22:14","date_gmt":"2023-02-15T10:22:14","guid":{"rendered":"https:\/\/seinesaintdenis.fr\/actualite\/uncategorized\/%EF%BB%BF%EF%BB%BFDiandra-Tchatchouang-a-l-honneur-dans-son-college\/"},"modified":"2023-05-23T12:13:20","modified_gmt":"2023-05-23T12:13:20","slug":"%ef%bb%bf%ef%bb%bfDiandra-Tchatchouang-a-l-honneur-dans-son-college","status":"publish","type":"post","link":"https:\/\/seinesaintdenis.fr\/actualite\/jeunesse-education\/%ef%bb%bf%ef%bb%bfDiandra-Tchatchouang-a-l-honneur-dans-son-college\/","title":{"rendered":"\ufeff\ufeffDiandra Tchatchouang \u00e0 l\u2019honneur dans \u00ab son \u00bb coll\u00e8ge"},"content":{"rendered":"<p>Sa fiert\u00e9 d\u2019\u00eatre de Seine-Saint-Denis, elle la portait sur son maillot avec le num\u00e9ro 93. Jeune retrait\u00e9e du basket pro depuis cet \u00e9t\u00e9, m\u00e9daill\u00e9e olympique, la championne originaire de la Courneuve a effectu\u00e9 une partie de sa scolarit\u00e9 au coll\u00e8ge Jean-Vilar. C\u2019est donc tout naturellement que le D\u00e9partement a baptis\u00e9 le gymnase du coll\u00e8ge du nom de Diandra Tchatchouang.<\/p>\n<figure class=\"spip_document_16506 spip_documents spip_documents_left media media_image media_image_jpg\" style=\"float: left;\"><img loading=\"lazy\" decoding=\"async\" src=\"IMG\/jpg\/colleghtchatchouang760.jpg\" alt=\"JPEG - 110.5 ko\" width=\"760\" height=\"412\" \/><\/figure>\n<p>Le d\u00e9voilement de la plaque au nom de notre championne, mardi 14 f\u00e9vrier, s\u2019est fait en pr\u00e9sence de l\u2019int\u00e9ress\u00e9e, de St\u00e9phane Troussel, pr\u00e9sident du D\u00e9partement, de Gilles Poux, maire de la Courneuve et de Zainaba Sa\u00efd-Anzum, conseill\u00e8re d\u00e9partementale d\u00e9l\u00e9gu\u00e9e aux sports. Cela a donn\u00e9 l\u2019occasion de rappeler le fort attachement de Diandra Tchatchouang \u00e0 La Courneuve et \u00e0 la Seine-Saint-Denis.<\/p>\n<p>N\u00e9e en 1991 \u00e0 Villepinte, Diandra Tchatchouang est originaire du quartier de la gare \u00e0 La Courneuve o\u00f9 elle a accompli sa scolarit\u00e9, notamment au coll\u00e8ge Jean Vilar. Apr\u00e8s ses d\u00e9buts au Basket Club Courneuvien, elle est rep\u00e9r\u00e9e par les structures f\u00e9d\u00e9rales et int\u00e8gre l\u2019INSEP.<\/p>\n<h3 class=\"spip\">Un palmar\u00e8s \u00e9blouissant<\/h3>\n<p>En 2007, elle est championne d\u2019Europe avec l\u2019\u00e9quipe de France des moins de 16 ans, puis poursuit des \u00e9tudes aux \u00c9tats-Unis \u00e0 l\u2019Universit\u00e9 du Maryland. Elle \u00e9volue ensuite dans diff\u00e9rents clubs professionnels fran\u00e7ais (Perpignan, Bourges, Montpellier) et remporte plusieurs titres\u00a0: deux fois le championnat de France, quatre Coupes de France et une fois l\u2019Eurocoupe. Ses qualit\u00e9s de leadership lui vaudront d\u2019\u00eatre capitaine pendant plusieurs saisons.<\/p>\n<p>Sous le num\u00e9ro 93, elle dispute 107 rencontres avec la s\u00e9lection nationale et remporte quatre fois la m\u00e9daille d\u2019argent aux championnats d\u2019Europe en 2013, 2015, 2017 et 2021, ainsi que la m\u00e9daille de bronze aux Jeux Olympiques de Tokyo en 2021. Sportive fortement engag\u00e9e pour la r\u00e9ussite des jeunes filles et la lutte contre les discriminations, notamment via son association Study Hall, Diandra Tchatchouang est aussi membre de la commission des athl\u00e8tes de Paris 2024.<\/p>\n<p><a class=\"spip_in\" href=\"Diandra-Tchatchouang-la-Seine-Saint-Denis-qui-rebondit-2056\">Retrouvez notre portrait consacr\u00e9 \u00e0 la championne en 2019<\/a><\/p>\n<p>Cr\u00e9dit photos\u00a0: Sylvain Hitau<\/p>\n","protected":false},"excerpt":{"rendered":"Sa fiert\u00e9 d\u2019\u00eatre de Seine-Saint-Denis, elle la portait sur son maillot avec le num\u00e9ro 93. Jeune retrait\u00e9e du basket pro depuis cet \u00e9t\u00e9, m\u00e9daill\u00e9e olympique, la championne originaire de la Courneuve a effectu\u00e9 une partie de sa scolarit\u00e9 au coll\u00e8ge Jean-Vilar. C\u2019est donc tout naturellement que le D\u00e9partement a baptis\u00e9 le gymnase du coll\u00e8ge du&#8230; <a class=\"view-article\" href=\"https:\/\/seinesaintdenis.fr\/actualite\/jeunesse-education\/%ef%bb%bf%ef%bb%bfDiandra-Tchatchouang-a-l-honneur-dans-son-college\/\">Voir l&rsquo;article<\/a>","protected":false},"author":14,"featured_media":1104,"comment_status":"open","ping_status":"open","sticky":false,"template":"","format":"standard","meta":{"_acf_changed":false,"footnotes":""},"categories":[100,6],"ville":[67],"class_list":["post-1103","post","type-post","status-publish","format-standard","has-post-thumbnail","hentry","category-Colleges","category-jeunesse-education"],"acf":[],"yoast_head":"<!-- This site is optimized with the Yoast SEO plugin v27.5 - https:\/\/yoast.com\/product\/yoast-seo-wordpress\/ -->\n<title>\ufeff\ufeffDiandra Tchatchouang \u00e0 l\u2019honneur dans \u00ab son \u00bb coll\u00e8ge - Seine-Saint-Denis - L&#039;actualit\u00e9 du d\u00e9partement<\/title>\n<meta name=\"description\" content=\"%\" \/>\n<meta name=\"robots\" content=\"index, follow, max-snippet:-1, max-image-preview:large, max-video-preview:-1\" \/>\n<link rel=\"canonical\" href=\"https:\/\/seinesaintdenis.fr\/actualite\/jeunesse-education\/\ufeff\ufeffDiandra-Tchatchouang-a-l-honneur-dans-son-college\/\" \/>\n<meta property=\"og:locale\" content=\"fr_FR\" \/>\n<meta property=\"og:type\" content=\"article\" \/>\n<meta property=\"og:title\" content=\"\ufeff\ufeffDiandra Tchatchouang \u00e0 l\u2019honneur dans \u00ab son \u00bb coll\u00e8ge - Seine-Saint-Denis - L&#039;actualit\u00e9 du d\u00e9partement\" \/>\n<meta property=\"og:description\" content=\"%\" \/>\n<meta property=\"og:url\" content=\"https:\/\/seinesaintdenis.fr\/actualite\/jeunesse-education\/\ufeff\ufeffDiandra-Tchatchouang-a-l-honneur-dans-son-college\/\" \/>\n<meta property=\"og:site_name\" content=\"Seine-Saint-Denis - L&#039;actualit\u00e9 du d\u00e9partement\" \/>\n<meta property=\"article:publisher\" content=\"https:\/\/www.facebook.com\/seinesaintdenisledepartement\" \/>\n<meta property=\"article:published_time\" content=\"2023-02-15T10:22:14+00:00\" \/>\n<meta property=\"article:modified_time\" content=\"2023-05-23T12:13:20+00:00\" \/>\n<meta property=\"og:image\" content=\"https:\/\/seinesaintdenis.fr\/actualite\/wp-content\/uploads\/2023\/04\/2007d0eabf0b9c19c3a8b3f62702e3.jpg\" \/>\n\t<meta property=\"og:image:width\" content=\"760\" \/>\n\t<meta property=\"og:image:height\" content=\"411\" \/>\n\t<meta property=\"og:image:type\" content=\"image\/jpeg\" \/>\n<meta name=\"author\" content=\"Pascal Emond\" \/>\n<meta name=\"twitter:card\" content=\"summary_large_image\" \/>\n<meta name=\"twitter:creator\" content=\"@seinesaintdenis\" \/>\n<meta name=\"twitter:site\" content=\"@seinesaintdenis\" \/>\n<meta name=\"twitter:label1\" content=\"\u00c9crit par\" \/>\n\t<meta name=\"twitter:data1\" content=\"Pascal Emond\" \/>\n\t<meta name=\"twitter:label2\" content=\"Dur\u00e9e de lecture estim\u00e9e\" \/>\n\t<meta name=\"twitter:data2\" content=\"2 minutes\" \/>\n<script type=\"application\/ld+json\" class=\"yoast-schema-graph\">{\"@context\":\"https:\\\/\\\/schema.org\",\"@graph\":[{\"@type\":\"Article\",\"@id\":\"https:\\\/\\\/seinesaintdenis.fr\\\/actualite\\\/jeunesse-education\\\/%ef%bb%bf%ef%bb%bfDiandra-Tchatchouang-a-l-honneur-dans-son-college\\\/#article\",\"isPartOf\":{\"@id\":\"https:\\\/\\\/seinesaintdenis.fr\\\/actualite\\\/jeunesse-education\\\/%ef%bb%bf%ef%bb%bfDiandra-Tchatchouang-a-l-honneur-dans-son-college\\\/\"},\"author\":{\"name\":\"Pascal Emond\",\"@id\":\"https:\\\/\\\/seinesaintdenis.fr\\\/actualite\\\/#\\\/schema\\\/person\\\/a10b9254e4da7e1132aa6fedd658fe62\"},\"headline\":\"\ufeff\ufeffDiandra Tchatchouang \u00e0 l\u2019honneur dans \u00ab son \u00bb coll\u00e8ge\",\"datePublished\":\"2023-02-15T10:22:14+00:00\",\"dateModified\":\"2023-05-23T12:13:20+00:00\",\"mainEntityOfPage\":{\"@id\":\"https:\\\/\\\/seinesaintdenis.fr\\\/actualite\\\/jeunesse-education\\\/%ef%bb%bf%ef%bb%bfDiandra-Tchatchouang-a-l-honneur-dans-son-college\\\/\"},\"wordCount\":363,\"commentCount\":0,\"publisher\":{\"@id\":\"https:\\\/\\\/seinesaintdenis.fr\\\/actualite\\\/#organization\"},\"image\":{\"@id\":\"https:\\\/\\\/seinesaintdenis.fr\\\/actualite\\\/jeunesse-education\\\/%ef%bb%bf%ef%bb%bfDiandra-Tchatchouang-a-l-honneur-dans-son-college\\\/#primaryimage\"},\"thumbnailUrl\":\"https:\\\/\\\/seinesaintdenis.fr\\\/actualite\\\/wp-content\\\/uploads\\\/2023\\\/04\\\/2007d0eabf0b9c19c3a8b3f62702e3.jpg\",\"articleSection\":[\"Coll\u00e8ges\",\"Jeunesse &amp; \u00c9ducation\"],\"inLanguage\":\"fr-FR\",\"potentialAction\":[{\"@type\":\"CommentAction\",\"name\":\"Comment\",\"target\":[\"https:\\\/\\\/seinesaintdenis.fr\\\/actualite\\\/jeunesse-education\\\/%ef%bb%bf%ef%bb%bfDiandra-Tchatchouang-a-l-honneur-dans-son-college\\\/#respond\"]}]},{\"@type\":\"WebPage\",\"@id\":\"https:\\\/\\\/seinesaintdenis.fr\\\/actualite\\\/jeunesse-education\\\/%ef%bb%bf%ef%bb%bfDiandra-Tchatchouang-a-l-honneur-dans-son-college\\\/\",\"url\":\"https:\\\/\\\/seinesaintdenis.fr\\\/actualite\\\/jeunesse-education\\\/%ef%bb%bf%ef%bb%bfDiandra-Tchatchouang-a-l-honneur-dans-son-college\\\/\",\"name\":\"\ufeff\ufeffDiandra Tchatchouang \u00e0 l\u2019honneur dans \u00ab son \u00bb coll\u00e8ge - Seine-Saint-Denis - L&#039;actualit\u00e9 du d\u00e9partement\",\"isPartOf\":{\"@id\":\"https:\\\/\\\/seinesaintdenis.fr\\\/actualite\\\/#website\"},\"primaryImageOfPage\":{\"@id\":\"https:\\\/\\\/seinesaintdenis.fr\\\/actualite\\\/jeunesse-education\\\/%ef%bb%bf%ef%bb%bfDiandra-Tchatchouang-a-l-honneur-dans-son-college\\\/#primaryimage\"},\"image\":{\"@id\":\"https:\\\/\\\/seinesaintdenis.fr\\\/actualite\\\/jeunesse-education\\\/%ef%bb%bf%ef%bb%bfDiandra-Tchatchouang-a-l-honneur-dans-son-college\\\/#primaryimage\"},\"thumbnailUrl\":\"https:\\\/\\\/seinesaintdenis.fr\\\/actualite\\\/wp-content\\\/uploads\\\/2023\\\/04\\\/2007d0eabf0b9c19c3a8b3f62702e3.jpg\",\"datePublished\":\"2023-02-15T10:22:14+00:00\",\"dateModified\":\"2023-05-23T12:13:20+00:00\",\"description\":\"%\",\"breadcrumb\":{\"@id\":\"https:\\\/\\\/seinesaintdenis.fr\\\/actualite\\\/jeunesse-education\\\/%ef%bb%bf%ef%bb%bfDiandra-Tchatchouang-a-l-honneur-dans-son-college\\\/#breadcrumb\"},\"inLanguage\":\"fr-FR\",\"potentialAction\":[{\"@type\":\"ReadAction\",\"target\":[\"https:\\\/\\\/seinesaintdenis.fr\\\/actualite\\\/jeunesse-education\\\/%ef%bb%bf%ef%bb%bfDiandra-Tchatchouang-a-l-honneur-dans-son-college\\\/\"]}]},{\"@type\":\"ImageObject\",\"inLanguage\":\"fr-FR\",\"@id\":\"https:\\\/\\\/seinesaintdenis.fr\\\/actualite\\\/jeunesse-education\\\/%ef%bb%bf%ef%bb%bfDiandra-Tchatchouang-a-l-honneur-dans-son-college\\\/#primaryimage\",\"url\":\"https:\\\/\\\/seinesaintdenis.fr\\\/actualite\\\/wp-content\\\/uploads\\\/2023\\\/04\\\/2007d0eabf0b9c19c3a8b3f62702e3.jpg\",\"contentUrl\":\"https:\\\/\\\/seinesaintdenis.fr\\\/actualite\\\/wp-content\\\/uploads\\\/2023\\\/04\\\/2007d0eabf0b9c19c3a8b3f62702e3.jpg\",\"width\":760,\"height\":411},{\"@type\":\"BreadcrumbList\",\"@id\":\"https:\\\/\\\/seinesaintdenis.fr\\\/actualite\\\/jeunesse-education\\\/%ef%bb%bf%ef%bb%bfDiandra-Tchatchouang-a-l-honneur-dans-son-college\\\/#breadcrumb\",\"itemListElement\":[{\"@type\":\"ListItem\",\"position\":1,\"name\":\"Accueil\",\"item\":\"https:\\\/\\\/seinesaintdenis.fr\\\/actualite\\\/\"},{\"@type\":\"ListItem\",\"position\":2,\"name\":\"Jeunesse &amp; \u00c9ducation\",\"item\":\"https:\\\/\\\/seinesaintdenis.fr\\\/actualite\\\/jeunesse-education\\\/\"},{\"@type\":\"ListItem\",\"position\":3,\"name\":\"\ufeff\ufeffDiandra Tchatchouang \u00e0 l\u2019honneur dans \u00ab son \u00bb coll\u00e8ge\"}]},{\"@type\":\"WebSite\",\"@id\":\"https:\\\/\\\/seinesaintdenis.fr\\\/actualite\\\/#website\",\"url\":\"https:\\\/\\\/seinesaintdenis.fr\\\/actualite\\\/\",\"name\":\"Seine-Saint-Denis - L'actualit\u00e9 du d\u00e9partement\",\"description\":\"L&#039;actualit\u00e9 du D\u00e9partement de la Seine-Saint-Denis\",\"publisher\":{\"@id\":\"https:\\\/\\\/seinesaintdenis.fr\\\/actualite\\\/#organization\"},\"potentialAction\":[{\"@type\":\"SearchAction\",\"target\":{\"@type\":\"EntryPoint\",\"urlTemplate\":\"https:\\\/\\\/seinesaintdenis.fr\\\/actualite\\\/?s={search_term_string}\"},\"query-input\":{\"@type\":\"PropertyValueSpecification\",\"valueRequired\":true,\"valueName\":\"search_term_string\"}}],\"inLanguage\":\"fr-FR\"},{\"@type\":\"Organization\",\"@id\":\"https:\\\/\\\/seinesaintdenis.fr\\\/actualite\\\/#organization\",\"name\":\"Seine-Saint-Denis - Le D\u00e9partement\",\"url\":\"https:\\\/\\\/seinesaintdenis.fr\\\/actualite\\\/\",\"logo\":{\"@type\":\"ImageObject\",\"inLanguage\":\"fr-FR\",\"@id\":\"https:\\\/\\\/seinesaintdenis.fr\\\/actualite\\\/#\\\/schema\\\/logo\\\/image\\\/\",\"url\":\"https:\\\/\\\/seinesaintdenis.fr\\\/actualite\\\/wp-content\\\/uploads\\\/2024\\\/08\\\/logo.png\",\"contentUrl\":\"https:\\\/\\\/seinesaintdenis.fr\\\/actualite\\\/wp-content\\\/uploads\\\/2024\\\/08\\\/logo.png\",\"width\":567,\"height\":172,\"caption\":\"Seine-Saint-Denis - Le D\u00e9partement\"},\"image\":{\"@id\":\"https:\\\/\\\/seinesaintdenis.fr\\\/actualite\\\/#\\\/schema\\\/logo\\\/image\\\/\"},\"sameAs\":[\"https:\\\/\\\/www.facebook.com\\\/seinesaintdenisledepartement\",\"https:\\\/\\\/x.com\\\/seinesaintdenis\",\"https:\\\/\\\/www.linkedin.com\\\/company\\\/seinesaintdenis\",\"https:\\\/\\\/www.instagram.com\\\/seine_saint_denis\\\/\",\"https:\\\/\\\/www.youtube.com\\\/channel\\\/UCR5YF9NnqiLCbnrKQgLUcIw\"]},{\"@type\":\"Person\",\"@id\":\"https:\\\/\\\/seinesaintdenis.fr\\\/actualite\\\/#\\\/schema\\\/person\\\/a10b9254e4da7e1132aa6fedd658fe62\",\"name\":\"Pascal Emond\",\"image\":{\"@type\":\"ImageObject\",\"inLanguage\":\"fr-FR\",\"@id\":\"https:\\\/\\\/secure.gravatar.com\\\/avatar\\\/f9570e57e385385f23e9bb03a8a5fa0c74be50a83c9269a5a1ab497d2aded1f2?s=96&d=mm&r=g\",\"url\":\"https:\\\/\\\/secure.gravatar.com\\\/avatar\\\/f9570e57e385385f23e9bb03a8a5fa0c74be50a83c9269a5a1ab497d2aded1f2?s=96&d=mm&r=g\",\"contentUrl\":\"https:\\\/\\\/secure.gravatar.com\\\/avatar\\\/f9570e57e385385f23e9bb03a8a5fa0c74be50a83c9269a5a1ab497d2aded1f2?s=96&d=mm&r=g\",\"caption\":\"Pascal Emond\"},\"url\":\"https:\\\/\\\/seinesaintdenis.fr\\\/actualite\\\/author\\\/pemond\\\/\"}]}<\/script>\n<!-- \/ Yoast SEO plugin. -->","yoast_head_json":{"title":"\ufeff\ufeffDiandra Tchatchouang \u00e0 l\u2019honneur dans \u00ab son \u00bb coll\u00e8ge - Seine-Saint-Denis - L&#039;actualit\u00e9 du d\u00e9partement","description":"%","robots":{"index":"index","follow":"follow","max-snippet":"max-snippet:-1","max-image-preview":"max-image-preview:large","max-video-preview":"max-video-preview:-1"},"canonical":"https:\/\/seinesaintdenis.fr\/actualite\/jeunesse-education\/\ufeff\ufeffDiandra-Tchatchouang-a-l-honneur-dans-son-college\/","og_locale":"fr_FR","og_type":"article","og_title":"\ufeff\ufeffDiandra Tchatchouang \u00e0 l\u2019honneur dans \u00ab son \u00bb coll\u00e8ge - Seine-Saint-Denis - L&#039;actualit\u00e9 du d\u00e9partement","og_description":"%","og_url":"https:\/\/seinesaintdenis.fr\/actualite\/jeunesse-education\/\ufeff\ufeffDiandra-Tchatchouang-a-l-honneur-dans-son-college\/","og_site_name":"Seine-Saint-Denis - L&#039;actualit\u00e9 du d\u00e9partement","article_publisher":"https:\/\/www.facebook.com\/seinesaintdenisledepartement","article_published_time":"2023-02-15T10:22:14+00:00","article_modified_time":"2023-05-23T12:13:20+00:00","og_image":[{"width":760,"height":411,"url":"https:\/\/seinesaintdenis.fr\/actualite\/wp-content\/uploads\/2023\/04\/2007d0eabf0b9c19c3a8b3f62702e3.jpg","type":"image\/jpeg"}],"author":"Pascal Emond","twitter_card":"summary_large_image","twitter_creator":"@seinesaintdenis","twitter_site":"@seinesaintdenis","twitter_misc":{"\u00c9crit par":"Pascal Emond","Dur\u00e9e de lecture estim\u00e9e":"2 minutes"},"schema":{"@context":"https:\/\/schema.org","@graph":[{"@type":"Article","@id":"https:\/\/seinesaintdenis.fr\/actualite\/jeunesse-education\/%ef%bb%bf%ef%bb%bfDiandra-Tchatchouang-a-l-honneur-dans-son-college\/#article","isPartOf":{"@id":"https:\/\/seinesaintdenis.fr\/actualite\/jeunesse-education\/%ef%bb%bf%ef%bb%bfDiandra-Tchatchouang-a-l-honneur-dans-son-college\/"},"author":{"name":"Pascal Emond","@id":"https:\/\/seinesaintdenis.fr\/actualite\/#\/schema\/person\/a10b9254e4da7e1132aa6fedd658fe62"},"headline":"\ufeff\ufeffDiandra Tchatchouang \u00e0 l\u2019honneur dans \u00ab son \u00bb coll\u00e8ge","datePublished":"2023-02-15T10:22:14+00:00","dateModified":"2023-05-23T12:13:20+00:00","mainEntityOfPage":{"@id":"https:\/\/seinesaintdenis.fr\/actualite\/jeunesse-education\/%ef%bb%bf%ef%bb%bfDiandra-Tchatchouang-a-l-honneur-dans-son-college\/"},"wordCount":363,"commentCount":0,"publisher":{"@id":"https:\/\/seinesaintdenis.fr\/actualite\/#organization"},"image":{"@id":"https:\/\/seinesaintdenis.fr\/actualite\/jeunesse-education\/%ef%bb%bf%ef%bb%bfDiandra-Tchatchouang-a-l-honneur-dans-son-college\/#primaryimage"},"thumbnailUrl":"https:\/\/seinesaintdenis.fr\/actualite\/wp-content\/uploads\/2023\/04\/2007d0eabf0b9c19c3a8b3f62702e3.jpg","articleSection":["Coll\u00e8ges","Jeunesse &amp; \u00c9ducation"],"inLanguage":"fr-FR","potentialAction":[{"@type":"CommentAction","name":"Comment","target":["https:\/\/seinesaintdenis.fr\/actualite\/jeunesse-education\/%ef%bb%bf%ef%bb%bfDiandra-Tchatchouang-a-l-honneur-dans-son-college\/#respond"]}]},{"@type":"WebPage","@id":"https:\/\/seinesaintdenis.fr\/actualite\/jeunesse-education\/%ef%bb%bf%ef%bb%bfDiandra-Tchatchouang-a-l-honneur-dans-son-college\/","url":"https:\/\/seinesaintdenis.fr\/actualite\/jeunesse-education\/%ef%bb%bf%ef%bb%bfDiandra-Tchatchouang-a-l-honneur-dans-son-college\/","name":"\ufeff\ufeffDiandra Tchatchouang \u00e0 l\u2019honneur dans \u00ab son \u00bb coll\u00e8ge - Seine-Saint-Denis - L&#039;actualit\u00e9 du d\u00e9partement","isPartOf":{"@id":"https:\/\/seinesaintdenis.fr\/actualite\/#website"},"primaryImageOfPage":{"@id":"https:\/\/seinesaintdenis.fr\/actualite\/jeunesse-education\/%ef%bb%bf%ef%bb%bfDiandra-Tchatchouang-a-l-honneur-dans-son-college\/#primaryimage"},"image":{"@id":"https:\/\/seinesaintdenis.fr\/actualite\/jeunesse-education\/%ef%bb%bf%ef%bb%bfDiandra-Tchatchouang-a-l-honneur-dans-son-college\/#primaryimage"},"thumbnailUrl":"https:\/\/seinesaintdenis.fr\/actualite\/wp-content\/uploads\/2023\/04\/2007d0eabf0b9c19c3a8b3f62702e3.jpg","datePublished":"2023-02-15T10:22:14+00:00","dateModified":"2023-05-23T12:13:20+00:00","description":"%","breadcrumb":{"@id":"https:\/\/seinesaintdenis.fr\/actualite\/jeunesse-education\/%ef%bb%bf%ef%bb%bfDiandra-Tchatchouang-a-l-honneur-dans-son-college\/#breadcrumb"},"inLanguage":"fr-FR","potentialAction":[{"@type":"ReadAction","target":["https:\/\/seinesaintdenis.fr\/actualite\/jeunesse-education\/%ef%bb%bf%ef%bb%bfDiandra-Tchatchouang-a-l-honneur-dans-son-college\/"]}]},{"@type":"ImageObject","inLanguage":"fr-FR","@id":"https:\/\/seinesaintdenis.fr\/actualite\/jeunesse-education\/%ef%bb%bf%ef%bb%bfDiandra-Tchatchouang-a-l-honneur-dans-son-college\/#primaryimage","url":"https:\/\/seinesaintdenis.fr\/actualite\/wp-content\/uploads\/2023\/04\/2007d0eabf0b9c19c3a8b3f62702e3.jpg","contentUrl":"https:\/\/seinesaintdenis.fr\/actualite\/wp-content\/uploads\/2023\/04\/2007d0eabf0b9c19c3a8b3f62702e3.jpg","width":760,"height":411},{"@type":"BreadcrumbList","@id":"https:\/\/seinesaintdenis.fr\/actualite\/jeunesse-education\/%ef%bb%bf%ef%bb%bfDiandra-Tchatchouang-a-l-honneur-dans-son-college\/#breadcrumb","itemListElement":[{"@type":"ListItem","position":1,"name":"Accueil","item":"https:\/\/seinesaintdenis.fr\/actualite\/"},{"@type":"ListItem","position":2,"name":"Jeunesse &amp; \u00c9ducation","item":"https:\/\/seinesaintdenis.fr\/actualite\/jeunesse-education\/"},{"@type":"ListItem","position":3,"name":"\ufeff\ufeffDiandra Tchatchouang \u00e0 l\u2019honneur dans \u00ab son \u00bb coll\u00e8ge"}]},{"@type":"WebSite","@id":"https:\/\/seinesaintdenis.fr\/actualite\/#website","url":"https:\/\/seinesaintdenis.fr\/actualite\/","name":"Seine-Saint-Denis - L'actualit\u00e9 du d\u00e9partement","description":"L&#039;actualit\u00e9 du D\u00e9partement de la Seine-Saint-Denis","publisher":{"@id":"https:\/\/seinesaintdenis.fr\/actualite\/#organization"},"potentialAction":[{"@type":"SearchAction","target":{"@type":"EntryPoint","urlTemplate":"https:\/\/seinesaintdenis.fr\/actualite\/?s={search_term_string}"},"query-input":{"@type":"PropertyValueSpecification","valueRequired":true,"valueName":"search_term_string"}}],"inLanguage":"fr-FR"},{"@type":"Organization","@id":"https:\/\/seinesaintdenis.fr\/actualite\/#organization","name":"Seine-Saint-Denis - Le D\u00e9partement","url":"https:\/\/seinesaintdenis.fr\/actualite\/","logo":{"@type":"ImageObject","inLanguage":"fr-FR","@id":"https:\/\/seinesaintdenis.fr\/actualite\/#\/schema\/logo\/image\/","url":"https:\/\/seinesaintdenis.fr\/actualite\/wp-content\/uploads\/2024\/08\/logo.png","contentUrl":"https:\/\/seinesaintdenis.fr\/actualite\/wp-content\/uploads\/2024\/08\/logo.png","width":567,"height":172,"caption":"Seine-Saint-Denis - Le D\u00e9partement"},"image":{"@id":"https:\/\/seinesaintdenis.fr\/actualite\/#\/schema\/logo\/image\/"},"sameAs":["https:\/\/www.facebook.com\/seinesaintdenisledepartement","https:\/\/x.com\/seinesaintdenis","https:\/\/www.linkedin.com\/company\/seinesaintdenis","https:\/\/www.instagram.com\/seine_saint_denis\/","https:\/\/www.youtube.com\/channel\/UCR5YF9NnqiLCbnrKQgLUcIw"]},{"@type":"Person","@id":"https:\/\/seinesaintdenis.fr\/actualite\/#\/schema\/person\/a10b9254e4da7e1132aa6fedd658fe62","name":"Pascal Emond","image":{"@type":"ImageObject","inLanguage":"fr-FR","@id":"https:\/\/secure.gravatar.com\/avatar\/f9570e57e385385f23e9bb03a8a5fa0c74be50a83c9269a5a1ab497d2aded1f2?s=96&d=mm&r=g","url":"https:\/\/secure.gravatar.com\/avatar\/f9570e57e385385f23e9bb03a8a5fa0c74be50a83c9269a5a1ab497d2aded1f2?s=96&d=mm&r=g","contentUrl":"https:\/\/secure.gravatar.com\/avatar\/f9570e57e385385f23e9bb03a8a5fa0c74be50a83c9269a5a1ab497d2aded1f2?s=96&d=mm&r=g","caption":"Pascal Emond"},"url":"https:\/\/seinesaintdenis.fr\/actualite\/author\/pemond\/"}]}},"_links":{"self":[{"href":"https:\/\/seinesaintdenis.fr\/actualite\/wp-json\/wp\/v2\/posts\/1103","targetHints":{"allow":["GET"]}}],"collection":[{"href":"https:\/\/seinesaintdenis.fr\/actualite\/wp-json\/wp\/v2\/posts"}],"about":[{"href":"https:\/\/seinesaintdenis.fr\/actualite\/wp-json\/wp\/v2\/types\/post"}],"author":[{"embeddable":true,"href":"https:\/\/seinesaintdenis.fr\/actualite\/wp-json\/wp\/v2\/users\/14"}],"replies":[{"embeddable":true,"href":"https:\/\/seinesaintdenis.fr\/actualite\/wp-json\/wp\/v2\/comments?post=1103"}],"version-history":[{"count":3,"href":"https:\/\/seinesaintdenis.fr\/actualite\/wp-json\/wp\/v2\/posts\/1103\/revisions"}],"predecessor-version":[{"id":6555,"href":"https:\/\/seinesaintdenis.fr\/actualite\/wp-json\/wp\/v2\/posts\/1103\/revisions\/6555"}],"wp:featuredmedia":[{"embeddable":true,"href":"https:\/\/seinesaintdenis.fr\/actualite\/wp-json\/wp\/v2\/media\/1104"}],"wp:attachment":[{"href":"https:\/\/seinesaintdenis.fr\/actualite\/wp-json\/wp\/v2\/media?parent=1103"}],"wp:term":[{"taxonomy":"category","embeddable":true,"href":"https:\/\/seinesaintdenis.fr\/actualite\/wp-json\/wp\/v2\/categories?post=1103"},{"taxonomy":"ville","embeddable":true,"href":"https:\/\/seinesaintdenis.fr\/actualite\/wp-json\/wp\/v2\/ville?post=1103"}],"curies":[{"name":"wp","href":"https:\/\/api.w.org\/{rel}","templated":true}]}}