{"id":10763,"date":"2023-11-23T10:57:54","date_gmt":"2023-11-23T09:57:54","guid":{"rendered":"https:\/\/seinesaintdenis.fr\/actualite\/?p=10763"},"modified":"2023-11-23T11:22:15","modified_gmt":"2023-11-23T10:22:15","slug":"A-Saint-Denis-flexion-extension-et-invention","status":"publish","type":"post","link":"https:\/\/seinesaintdenis.fr\/actualite\/sport-loisirs\/Sport\/A-Saint-Denis-flexion-extension-et-invention\/","title":{"rendered":"A Saint-Denis, flexion, extension et invention !"},"content":{"rendered":"","protected":false},"excerpt":{"rendered":"","protected":false},"author":25,"featured_media":10767,"comment_status":"open","ping_status":"open","sticky":false,"template":"","format":"standard","meta":{"_acf_changed":false,"footnotes":""},"categories":[1],"ville":[89],"class_list":["post-10763","post","type-post","status-publish","format-standard","has-post-thumbnail","hentry","category-Sport"],"acf":[],"yoast_head":"<!-- This site is optimized with the Yoast SEO plugin v27.5 - https:\/\/yoast.com\/product\/yoast-seo-wordpress\/ -->\n<title>A Saint-Denis, flexion, extension et invention ! - Seine-Saint-Denis - L&#039;actualit\u00e9 du d\u00e9partement<\/title>\n<meta name=\"description\" content=\"Retour sur la premi\u00e8re \u00e9dition de la Nuit du Design sportif \u00e0 la Fabrique Pointcarr\u00e9. Dans cet antre du recyclage, une montagne de rebuts sportifs issus des stades et gymnases du 93 a repris vie. Des objets recycl\u00e9s et originaux \u00e0 d\u00e9couvrir le 28 novembre au Campus Condorcet d\u2019Aubervilliers. R\u00e9cit.\" \/>\n<meta name=\"robots\" content=\"index, follow, max-snippet:-1, max-image-preview:large, max-video-preview:-1\" \/>\n<link rel=\"canonical\" href=\"https:\/\/seinesaintdenis.fr\/actualite\/sport-loisirs\/boxe\/Sport\/A-Saint-Denis-flexion-extension-et-invention\/\" \/>\n<meta property=\"og:locale\" content=\"fr_FR\" \/>\n<meta property=\"og:type\" content=\"article\" \/>\n<meta property=\"og:title\" content=\"A Saint-Denis, flexion, extension et invention ! - Seine-Saint-Denis - L&#039;actualit\u00e9 du d\u00e9partement\" \/>\n<meta property=\"og:description\" content=\"Retour sur la premi\u00e8re \u00e9dition de la Nuit du Design sportif \u00e0 la Fabrique Pointcarr\u00e9. Dans cet antre du recyclage, une montagne de rebuts sportifs issus des stades et gymnases du 93 a repris vie. Des objets recycl\u00e9s et originaux \u00e0 d\u00e9couvrir le 28 novembre au Campus Condorcet d\u2019Aubervilliers. R\u00e9cit.\" \/>\n<meta property=\"og:url\" content=\"https:\/\/seinesaintdenis.fr\/actualite\/sport-loisirs\/boxe\/Sport\/A-Saint-Denis-flexion-extension-et-invention\/\" \/>\n<meta property=\"og:site_name\" content=\"Seine-Saint-Denis - L&#039;actualit\u00e9 du d\u00e9partement\" \/>\n<meta property=\"article:publisher\" content=\"https:\/\/www.facebook.com\/seinesaintdenisledepartement\" \/>\n<meta property=\"article:published_time\" content=\"2023-11-23T09:57:54+00:00\" \/>\n<meta property=\"article:modified_time\" content=\"2023-11-23T10:22:15+00:00\" \/>\n<meta property=\"og:image\" content=\"https:\/\/seinesaintdenis.fr\/actualite\/wp-content\/uploads\/2023\/11\/la-nuit-du-design-sporif.jpg\" \/>\n\t<meta property=\"og:image:width\" content=\"1090\" \/>\n\t<meta property=\"og:image:height\" content=\"560\" \/>\n\t<meta property=\"og:image:type\" content=\"image\/jpeg\" \/>\n<meta name=\"author\" content=\"Fr\u00e9d\u00e9ric Haxo\" \/>\n<meta name=\"twitter:card\" content=\"summary_large_image\" \/>\n<meta name=\"twitter:creator\" content=\"@seinesaintdenis\" \/>\n<meta name=\"twitter:site\" content=\"@seinesaintdenis\" \/>\n<meta name=\"twitter:label1\" content=\"\u00c9crit par\" \/>\n\t<meta name=\"twitter:data1\" content=\"Fr\u00e9d\u00e9ric Haxo\" \/>\n<script type=\"application\/ld+json\" class=\"yoast-schema-graph\">{\"@context\":\"https:\\\/\\\/schema.org\",\"@graph\":[{\"@type\":\"Article\",\"@id\":\"https:\\\/\\\/seinesaintdenis.fr\\\/actualite\\\/sport-loisirs\\\/boxe\\\/Sport\\\/A-Saint-Denis-flexion-extension-et-invention\\\/#article\",\"isPartOf\":{\"@id\":\"https:\\\/\\\/seinesaintdenis.fr\\\/actualite\\\/sport-loisirs\\\/boxe\\\/Sport\\\/A-Saint-Denis-flexion-extension-et-invention\\\/\"},\"author\":{\"name\":\"Fr\u00e9d\u00e9ric Haxo\",\"@id\":\"https:\\\/\\\/seinesaintdenis.fr\\\/actualite\\\/#\\\/schema\\\/person\\\/e4e9e8579521bb0c3b048a7240eb3b8a\"},\"headline\":\"A Saint-Denis, flexion, extension et invention !\",\"datePublished\":\"2023-11-23T09:57:54+00:00\",\"dateModified\":\"2023-11-23T10:22:15+00:00\",\"mainEntityOfPage\":{\"@id\":\"https:\\\/\\\/seinesaintdenis.fr\\\/actualite\\\/sport-loisirs\\\/boxe\\\/Sport\\\/A-Saint-Denis-flexion-extension-et-invention\\\/\"},\"wordCount\":6,\"commentCount\":0,\"publisher\":{\"@id\":\"https:\\\/\\\/seinesaintdenis.fr\\\/actualite\\\/#organization\"},\"image\":{\"@id\":\"https:\\\/\\\/seinesaintdenis.fr\\\/actualite\\\/sport-loisirs\\\/boxe\\\/Sport\\\/A-Saint-Denis-flexion-extension-et-invention\\\/#primaryimage\"},\"thumbnailUrl\":\"https:\\\/\\\/seinesaintdenis.fr\\\/actualite\\\/wp-content\\\/uploads\\\/2023\\\/11\\\/la-nuit-du-design-sporif.jpg\",\"articleSection\":[\"Sport\"],\"inLanguage\":\"fr-FR\",\"potentialAction\":[{\"@type\":\"CommentAction\",\"name\":\"Comment\",\"target\":[\"https:\\\/\\\/seinesaintdenis.fr\\\/actualite\\\/sport-loisirs\\\/boxe\\\/Sport\\\/A-Saint-Denis-flexion-extension-et-invention\\\/#respond\"]}]},{\"@type\":\"WebPage\",\"@id\":\"https:\\\/\\\/seinesaintdenis.fr\\\/actualite\\\/sport-loisirs\\\/boxe\\\/Sport\\\/A-Saint-Denis-flexion-extension-et-invention\\\/\",\"url\":\"https:\\\/\\\/seinesaintdenis.fr\\\/actualite\\\/sport-loisirs\\\/boxe\\\/Sport\\\/A-Saint-Denis-flexion-extension-et-invention\\\/\",\"name\":\"A Saint-Denis, flexion, extension et invention ! - Seine-Saint-Denis - L&#039;actualit\u00e9 du d\u00e9partement\",\"isPartOf\":{\"@id\":\"https:\\\/\\\/seinesaintdenis.fr\\\/actualite\\\/#website\"},\"primaryImageOfPage\":{\"@id\":\"https:\\\/\\\/seinesaintdenis.fr\\\/actualite\\\/sport-loisirs\\\/boxe\\\/Sport\\\/A-Saint-Denis-flexion-extension-et-invention\\\/#primaryimage\"},\"image\":{\"@id\":\"https:\\\/\\\/seinesaintdenis.fr\\\/actualite\\\/sport-loisirs\\\/boxe\\\/Sport\\\/A-Saint-Denis-flexion-extension-et-invention\\\/#primaryimage\"},\"thumbnailUrl\":\"https:\\\/\\\/seinesaintdenis.fr\\\/actualite\\\/wp-content\\\/uploads\\\/2023\\\/11\\\/la-nuit-du-design-sporif.jpg\",\"datePublished\":\"2023-11-23T09:57:54+00:00\",\"dateModified\":\"2023-11-23T10:22:15+00:00\",\"description\":\"Retour sur la premi\u00e8re \u00e9dition de la Nuit du Design sportif \u00e0 la Fabrique Pointcarr\u00e9. Dans cet antre du recyclage, une montagne de rebuts sportifs issus des stades et gymnases du 93 a repris vie. Des objets recycl\u00e9s et originaux \u00e0 d\u00e9couvrir le 28 novembre au Campus Condorcet d\u2019Aubervilliers. R\u00e9cit.\",\"breadcrumb\":{\"@id\":\"https:\\\/\\\/seinesaintdenis.fr\\\/actualite\\\/sport-loisirs\\\/boxe\\\/Sport\\\/A-Saint-Denis-flexion-extension-et-invention\\\/#breadcrumb\"},\"inLanguage\":\"fr-FR\",\"potentialAction\":[{\"@type\":\"ReadAction\",\"target\":[\"https:\\\/\\\/seinesaintdenis.fr\\\/actualite\\\/sport-loisirs\\\/boxe\\\/Sport\\\/A-Saint-Denis-flexion-extension-et-invention\\\/\"]}]},{\"@type\":\"ImageObject\",\"inLanguage\":\"fr-FR\",\"@id\":\"https:\\\/\\\/seinesaintdenis.fr\\\/actualite\\\/sport-loisirs\\\/boxe\\\/Sport\\\/A-Saint-Denis-flexion-extension-et-invention\\\/#primaryimage\",\"url\":\"https:\\\/\\\/seinesaintdenis.fr\\\/actualite\\\/wp-content\\\/uploads\\\/2023\\\/11\\\/la-nuit-du-design-sporif.jpg\",\"contentUrl\":\"https:\\\/\\\/seinesaintdenis.fr\\\/actualite\\\/wp-content\\\/uploads\\\/2023\\\/11\\\/la-nuit-du-design-sporif.jpg\",\"width\":1090,\"height\":560},{\"@type\":\"BreadcrumbList\",\"@id\":\"https:\\\/\\\/seinesaintdenis.fr\\\/actualite\\\/sport-loisirs\\\/boxe\\\/Sport\\\/A-Saint-Denis-flexion-extension-et-invention\\\/#breadcrumb\",\"itemListElement\":[{\"@type\":\"ListItem\",\"position\":1,\"name\":\"Accueil\",\"item\":\"https:\\\/\\\/seinesaintdenis.fr\\\/actualite\\\/\"},{\"@type\":\"ListItem\",\"position\":2,\"name\":\"Sport &amp; Loisirs\",\"item\":\"https:\\\/\\\/seinesaintdenis.fr\\\/actualite\\\/sport-loisirs\\\/\"},{\"@type\":\"ListItem\",\"position\":3,\"name\":\"Sport\",\"item\":\"https:\\\/\\\/seinesaintdenis.fr\\\/actualite\\\/sport-loisirs\\\/boxe\\\/Sport\\\/\"},{\"@type\":\"ListItem\",\"position\":4,\"name\":\"A Saint-Denis, flexion, extension et invention !\"}]},{\"@type\":\"WebSite\",\"@id\":\"https:\\\/\\\/seinesaintdenis.fr\\\/actualite\\\/#website\",\"url\":\"https:\\\/\\\/seinesaintdenis.fr\\\/actualite\\\/\",\"name\":\"Seine-Saint-Denis - L'actualit\u00e9 du d\u00e9partement\",\"description\":\"L&#039;actualit\u00e9 du D\u00e9partement de la Seine-Saint-Denis\",\"publisher\":{\"@id\":\"https:\\\/\\\/seinesaintdenis.fr\\\/actualite\\\/#organization\"},\"potentialAction\":[{\"@type\":\"SearchAction\",\"target\":{\"@type\":\"EntryPoint\",\"urlTemplate\":\"https:\\\/\\\/seinesaintdenis.fr\\\/actualite\\\/?s={search_term_string}\"},\"query-input\":{\"@type\":\"PropertyValueSpecification\",\"valueRequired\":true,\"valueName\":\"search_term_string\"}}],\"inLanguage\":\"fr-FR\"},{\"@type\":\"Organization\",\"@id\":\"https:\\\/\\\/seinesaintdenis.fr\\\/actualite\\\/#organization\",\"name\":\"Seine-Saint-Denis - Le D\u00e9partement\",\"url\":\"https:\\\/\\\/seinesaintdenis.fr\\\/actualite\\\/\",\"logo\":{\"@type\":\"ImageObject\",\"inLanguage\":\"fr-FR\",\"@id\":\"https:\\\/\\\/seinesaintdenis.fr\\\/actualite\\\/#\\\/schema\\\/logo\\\/image\\\/\",\"url\":\"https:\\\/\\\/seinesaintdenis.fr\\\/actualite\\\/wp-content\\\/uploads\\\/2024\\\/08\\\/logo.png\",\"contentUrl\":\"https:\\\/\\\/seinesaintdenis.fr\\\/actualite\\\/wp-content\\\/uploads\\\/2024\\\/08\\\/logo.png\",\"width\":567,\"height\":172,\"caption\":\"Seine-Saint-Denis - Le D\u00e9partement\"},\"image\":{\"@id\":\"https:\\\/\\\/seinesaintdenis.fr\\\/actualite\\\/#\\\/schema\\\/logo\\\/image\\\/\"},\"sameAs\":[\"https:\\\/\\\/www.facebook.com\\\/seinesaintdenisledepartement\",\"https:\\\/\\\/x.com\\\/seinesaintdenis\",\"https:\\\/\\\/www.linkedin.com\\\/company\\\/seinesaintdenis\",\"https:\\\/\\\/www.instagram.com\\\/seine_saint_denis\\\/\",\"https:\\\/\\\/www.youtube.com\\\/channel\\\/UCR5YF9NnqiLCbnrKQgLUcIw\"]},{\"@type\":\"Person\",\"@id\":\"https:\\\/\\\/seinesaintdenis.fr\\\/actualite\\\/#\\\/schema\\\/person\\\/e4e9e8579521bb0c3b048a7240eb3b8a\",\"name\":\"Fr\u00e9d\u00e9ric Haxo\",\"image\":{\"@type\":\"ImageObject\",\"inLanguage\":\"fr-FR\",\"@id\":\"https:\\\/\\\/secure.gravatar.com\\\/avatar\\\/7ab0da5b17df1179dc345094834018a29688ae9a242b61c172abfc3e43b8b60e?s=96&d=mm&r=g\",\"url\":\"https:\\\/\\\/secure.gravatar.com\\\/avatar\\\/7ab0da5b17df1179dc345094834018a29688ae9a242b61c172abfc3e43b8b60e?s=96&d=mm&r=g\",\"contentUrl\":\"https:\\\/\\\/secure.gravatar.com\\\/avatar\\\/7ab0da5b17df1179dc345094834018a29688ae9a242b61c172abfc3e43b8b60e?s=96&d=mm&r=g\",\"caption\":\"Fr\u00e9d\u00e9ric Haxo\"},\"url\":\"https:\\\/\\\/seinesaintdenis.fr\\\/actualite\\\/author\\\/fsugnot\\\/\"}]}<\/script>\n<!-- \/ Yoast SEO plugin. -->","yoast_head_json":{"title":"A Saint-Denis, flexion, extension et invention ! - Seine-Saint-Denis - L&#039;actualit\u00e9 du d\u00e9partement","description":"Retour sur la premi\u00e8re \u00e9dition de la Nuit du Design sportif \u00e0 la Fabrique Pointcarr\u00e9. Dans cet antre du recyclage, une montagne de rebuts sportifs issus des stades et gymnases du 93 a repris vie. Des objets recycl\u00e9s et originaux \u00e0 d\u00e9couvrir le 28 novembre au Campus Condorcet d\u2019Aubervilliers. R\u00e9cit.","robots":{"index":"index","follow":"follow","max-snippet":"max-snippet:-1","max-image-preview":"max-image-preview:large","max-video-preview":"max-video-preview:-1"},"canonical":"https:\/\/seinesaintdenis.fr\/actualite\/sport-loisirs\/boxe\/Sport\/A-Saint-Denis-flexion-extension-et-invention\/","og_locale":"fr_FR","og_type":"article","og_title":"A Saint-Denis, flexion, extension et invention ! - Seine-Saint-Denis - L&#039;actualit\u00e9 du d\u00e9partement","og_description":"Retour sur la premi\u00e8re \u00e9dition de la Nuit du Design sportif \u00e0 la Fabrique Pointcarr\u00e9. Dans cet antre du recyclage, une montagne de rebuts sportifs issus des stades et gymnases du 93 a repris vie. Des objets recycl\u00e9s et originaux \u00e0 d\u00e9couvrir le 28 novembre au Campus Condorcet d\u2019Aubervilliers. R\u00e9cit.","og_url":"https:\/\/seinesaintdenis.fr\/actualite\/sport-loisirs\/boxe\/Sport\/A-Saint-Denis-flexion-extension-et-invention\/","og_site_name":"Seine-Saint-Denis - L&#039;actualit\u00e9 du d\u00e9partement","article_publisher":"https:\/\/www.facebook.com\/seinesaintdenisledepartement","article_published_time":"2023-11-23T09:57:54+00:00","article_modified_time":"2023-11-23T10:22:15+00:00","og_image":[{"width":1090,"height":560,"url":"https:\/\/seinesaintdenis.fr\/actualite\/wp-content\/uploads\/2023\/11\/la-nuit-du-design-sporif.jpg","type":"image\/jpeg"}],"author":"Fr\u00e9d\u00e9ric Haxo","twitter_card":"summary_large_image","twitter_creator":"@seinesaintdenis","twitter_site":"@seinesaintdenis","twitter_misc":{"\u00c9crit par":"Fr\u00e9d\u00e9ric Haxo"},"schema":{"@context":"https:\/\/schema.org","@graph":[{"@type":"Article","@id":"https:\/\/seinesaintdenis.fr\/actualite\/sport-loisirs\/boxe\/Sport\/A-Saint-Denis-flexion-extension-et-invention\/#article","isPartOf":{"@id":"https:\/\/seinesaintdenis.fr\/actualite\/sport-loisirs\/boxe\/Sport\/A-Saint-Denis-flexion-extension-et-invention\/"},"author":{"name":"Fr\u00e9d\u00e9ric Haxo","@id":"https:\/\/seinesaintdenis.fr\/actualite\/#\/schema\/person\/e4e9e8579521bb0c3b048a7240eb3b8a"},"headline":"A Saint-Denis, flexion, extension et invention !","datePublished":"2023-11-23T09:57:54+00:00","dateModified":"2023-11-23T10:22:15+00:00","mainEntityOfPage":{"@id":"https:\/\/seinesaintdenis.fr\/actualite\/sport-loisirs\/boxe\/Sport\/A-Saint-Denis-flexion-extension-et-invention\/"},"wordCount":6,"commentCount":0,"publisher":{"@id":"https:\/\/seinesaintdenis.fr\/actualite\/#organization"},"image":{"@id":"https:\/\/seinesaintdenis.fr\/actualite\/sport-loisirs\/boxe\/Sport\/A-Saint-Denis-flexion-extension-et-invention\/#primaryimage"},"thumbnailUrl":"https:\/\/seinesaintdenis.fr\/actualite\/wp-content\/uploads\/2023\/11\/la-nuit-du-design-sporif.jpg","articleSection":["Sport"],"inLanguage":"fr-FR","potentialAction":[{"@type":"CommentAction","name":"Comment","target":["https:\/\/seinesaintdenis.fr\/actualite\/sport-loisirs\/boxe\/Sport\/A-Saint-Denis-flexion-extension-et-invention\/#respond"]}]},{"@type":"WebPage","@id":"https:\/\/seinesaintdenis.fr\/actualite\/sport-loisirs\/boxe\/Sport\/A-Saint-Denis-flexion-extension-et-invention\/","url":"https:\/\/seinesaintdenis.fr\/actualite\/sport-loisirs\/boxe\/Sport\/A-Saint-Denis-flexion-extension-et-invention\/","name":"A Saint-Denis, flexion, extension et invention ! - Seine-Saint-Denis - L&#039;actualit\u00e9 du d\u00e9partement","isPartOf":{"@id":"https:\/\/seinesaintdenis.fr\/actualite\/#website"},"primaryImageOfPage":{"@id":"https:\/\/seinesaintdenis.fr\/actualite\/sport-loisirs\/boxe\/Sport\/A-Saint-Denis-flexion-extension-et-invention\/#primaryimage"},"image":{"@id":"https:\/\/seinesaintdenis.fr\/actualite\/sport-loisirs\/boxe\/Sport\/A-Saint-Denis-flexion-extension-et-invention\/#primaryimage"},"thumbnailUrl":"https:\/\/seinesaintdenis.fr\/actualite\/wp-content\/uploads\/2023\/11\/la-nuit-du-design-sporif.jpg","datePublished":"2023-11-23T09:57:54+00:00","dateModified":"2023-11-23T10:22:15+00:00","description":"Retour sur la premi\u00e8re \u00e9dition de la Nuit du Design sportif \u00e0 la Fabrique Pointcarr\u00e9. Dans cet antre du recyclage, une montagne de rebuts sportifs issus des stades et gymnases du 93 a repris vie. Des objets recycl\u00e9s et originaux \u00e0 d\u00e9couvrir le 28 novembre au Campus Condorcet d\u2019Aubervilliers. R\u00e9cit.","breadcrumb":{"@id":"https:\/\/seinesaintdenis.fr\/actualite\/sport-loisirs\/boxe\/Sport\/A-Saint-Denis-flexion-extension-et-invention\/#breadcrumb"},"inLanguage":"fr-FR","potentialAction":[{"@type":"ReadAction","target":["https:\/\/seinesaintdenis.fr\/actualite\/sport-loisirs\/boxe\/Sport\/A-Saint-Denis-flexion-extension-et-invention\/"]}]},{"@type":"ImageObject","inLanguage":"fr-FR","@id":"https:\/\/seinesaintdenis.fr\/actualite\/sport-loisirs\/boxe\/Sport\/A-Saint-Denis-flexion-extension-et-invention\/#primaryimage","url":"https:\/\/seinesaintdenis.fr\/actualite\/wp-content\/uploads\/2023\/11\/la-nuit-du-design-sporif.jpg","contentUrl":"https:\/\/seinesaintdenis.fr\/actualite\/wp-content\/uploads\/2023\/11\/la-nuit-du-design-sporif.jpg","width":1090,"height":560},{"@type":"BreadcrumbList","@id":"https:\/\/seinesaintdenis.fr\/actualite\/sport-loisirs\/boxe\/Sport\/A-Saint-Denis-flexion-extension-et-invention\/#breadcrumb","itemListElement":[{"@type":"ListItem","position":1,"name":"Accueil","item":"https:\/\/seinesaintdenis.fr\/actualite\/"},{"@type":"ListItem","position":2,"name":"Sport &amp; Loisirs","item":"https:\/\/seinesaintdenis.fr\/actualite\/sport-loisirs\/"},{"@type":"ListItem","position":3,"name":"Sport","item":"https:\/\/seinesaintdenis.fr\/actualite\/sport-loisirs\/boxe\/Sport\/"},{"@type":"ListItem","position":4,"name":"A Saint-Denis, flexion, extension et invention !"}]},{"@type":"WebSite","@id":"https:\/\/seinesaintdenis.fr\/actualite\/#website","url":"https:\/\/seinesaintdenis.fr\/actualite\/","name":"Seine-Saint-Denis - L'actualit\u00e9 du d\u00e9partement","description":"L&#039;actualit\u00e9 du D\u00e9partement de la Seine-Saint-Denis","publisher":{"@id":"https:\/\/seinesaintdenis.fr\/actualite\/#organization"},"potentialAction":[{"@type":"SearchAction","target":{"@type":"EntryPoint","urlTemplate":"https:\/\/seinesaintdenis.fr\/actualite\/?s={search_term_string}"},"query-input":{"@type":"PropertyValueSpecification","valueRequired":true,"valueName":"search_term_string"}}],"inLanguage":"fr-FR"},{"@type":"Organization","@id":"https:\/\/seinesaintdenis.fr\/actualite\/#organization","name":"Seine-Saint-Denis - Le D\u00e9partement","url":"https:\/\/seinesaintdenis.fr\/actualite\/","logo":{"@type":"ImageObject","inLanguage":"fr-FR","@id":"https:\/\/seinesaintdenis.fr\/actualite\/#\/schema\/logo\/image\/","url":"https:\/\/seinesaintdenis.fr\/actualite\/wp-content\/uploads\/2024\/08\/logo.png","contentUrl":"https:\/\/seinesaintdenis.fr\/actualite\/wp-content\/uploads\/2024\/08\/logo.png","width":567,"height":172,"caption":"Seine-Saint-Denis - Le D\u00e9partement"},"image":{"@id":"https:\/\/seinesaintdenis.fr\/actualite\/#\/schema\/logo\/image\/"},"sameAs":["https:\/\/www.facebook.com\/seinesaintdenisledepartement","https:\/\/x.com\/seinesaintdenis","https:\/\/www.linkedin.com\/company\/seinesaintdenis","https:\/\/www.instagram.com\/seine_saint_denis\/","https:\/\/www.youtube.com\/channel\/UCR5YF9NnqiLCbnrKQgLUcIw"]},{"@type":"Person","@id":"https:\/\/seinesaintdenis.fr\/actualite\/#\/schema\/person\/e4e9e8579521bb0c3b048a7240eb3b8a","name":"Fr\u00e9d\u00e9ric Haxo","image":{"@type":"ImageObject","inLanguage":"fr-FR","@id":"https:\/\/secure.gravatar.com\/avatar\/7ab0da5b17df1179dc345094834018a29688ae9a242b61c172abfc3e43b8b60e?s=96&d=mm&r=g","url":"https:\/\/secure.gravatar.com\/avatar\/7ab0da5b17df1179dc345094834018a29688ae9a242b61c172abfc3e43b8b60e?s=96&d=mm&r=g","contentUrl":"https:\/\/secure.gravatar.com\/avatar\/7ab0da5b17df1179dc345094834018a29688ae9a242b61c172abfc3e43b8b60e?s=96&d=mm&r=g","caption":"Fr\u00e9d\u00e9ric Haxo"},"url":"https:\/\/seinesaintdenis.fr\/actualite\/author\/fsugnot\/"}]}},"_links":{"self":[{"href":"https:\/\/seinesaintdenis.fr\/actualite\/wp-json\/wp\/v2\/posts\/10763","targetHints":{"allow":["GET"]}}],"collection":[{"href":"https:\/\/seinesaintdenis.fr\/actualite\/wp-json\/wp\/v2\/posts"}],"about":[{"href":"https:\/\/seinesaintdenis.fr\/actualite\/wp-json\/wp\/v2\/types\/post"}],"author":[{"embeddable":true,"href":"https:\/\/seinesaintdenis.fr\/actualite\/wp-json\/wp\/v2\/users\/25"}],"replies":[{"embeddable":true,"href":"https:\/\/seinesaintdenis.fr\/actualite\/wp-json\/wp\/v2\/comments?post=10763"}],"version-history":[{"count":5,"href":"https:\/\/seinesaintdenis.fr\/actualite\/wp-json\/wp\/v2\/posts\/10763\/revisions"}],"predecessor-version":[{"id":10772,"href":"https:\/\/seinesaintdenis.fr\/actualite\/wp-json\/wp\/v2\/posts\/10763\/revisions\/10772"}],"wp:featuredmedia":[{"embeddable":true,"href":"https:\/\/seinesaintdenis.fr\/actualite\/wp-json\/wp\/v2\/media\/10767"}],"wp:attachment":[{"href":"https:\/\/seinesaintdenis.fr\/actualite\/wp-json\/wp\/v2\/media?parent=10763"}],"wp:term":[{"taxonomy":"category","embeddable":true,"href":"https:\/\/seinesaintdenis.fr\/actualite\/wp-json\/wp\/v2\/categories?post=10763"},{"taxonomy":"ville","embeddable":true,"href":"https:\/\/seinesaintdenis.fr\/actualite\/wp-json\/wp\/v2\/ville?post=10763"}],"curies":[{"name":"wp","href":"https:\/\/api.w.org\/{rel}","templated":true}]}}