{"id":1049,"date":"2023-03-13T11:37:41","date_gmt":"2023-03-13T11:37:41","guid":{"rendered":"https:\/\/seinesaintdenis.fr\/actualite\/uncategorized\/JOP-J-500-le-point-en-images-sur-les-chantiers-du-Departement\/"},"modified":"2023-05-22T16:07:17","modified_gmt":"2023-05-22T16:07:17","slug":"JOP-J-500-le-point-en-images-sur-les-chantiers-du-Departement","status":"publish","type":"post","link":"https:\/\/seinesaintdenis.fr\/actualite\/sport-loisirs\/Sport\/JOP-J-500-le-point-en-images-sur-les-chantiers-du-Departement\/","title":{"rendered":"JOP : le point en images sur les chantiers du D\u00e9partement"},"content":{"rendered":"<p><strong>Le PRISME<br class=\"autobr\" \/><\/strong><\/p>\n<figure class=\"spip_document_16562 spip_documents spip_documents_center media media_image media_image_jpg\"><img loading=\"lazy\" decoding=\"async\" src=\"IMG\/jpg\/2023-02-08_chantier_prisme_jlb_040.jpg\" alt=\"JPEG - 5 Mo\" width=\"4000\" height=\"3000\" \/><\/figure>\n<p>Le PRISME, \u00e9quipement d\u00e9di\u00e9 \u00e0 la pratique du sport par tou\u00b7te\u00b7s situ\u00e9 \u00e0 Bobigny, continue de se construire et prend de plus en plus forme\u00a0! Le coffrage des voiles grandes hauteurs de la salle multisport de 19.80 m est en cours de finalisation.<\/p>\n<p>Cr\u00e9dit photo\u00a0: Jean-Louis Bellurget<\/p>\n<p><strong>Le FRISD <br class=\"autobr\" \/><\/strong><\/p>\n<figure class=\"spip_document_16542 spip_documents spip_documents_center media media_image media_image_png\"><img loading=\"lazy\" decoding=\"async\" src=\"IMG\/png\/frisd_j-500.png\" alt=\"PNG - 624.5 ko\" width=\"760\" height=\"412\" \/><\/figure>\n<p>Le FRISD, ce pont d\u00e9di\u00e9 aux mobilit\u00e9s actives qui reliera les deux parties du Village des athl\u00e8tes entre Saint-Denis et l\u2019\u00eele Saint-Denis, est en place sur ses appuis quasi-d\u00e9finitifs apr\u00e8s son \u00ab\u00a0d\u00e9v\u00e9rinage\u00a0\u00bb (abaissement du pont) c\u00f4t\u00e9 \u00cele-Saint-Denis.<\/p>\n<p><strong>Le centre aquatique du parc des sports de Marville<br class=\"autobr\" \/><\/strong><\/p>\n<figure class=\"spip_document_16561 spip_documents spip_documents_center media media_image media_image_jpg\"><img loading=\"lazy\" decoding=\"async\" src=\"IMG\/jpg\/2023-02-08_chantier_marville_jlb_55.jpg\" alt=\"JPEG - 5.1 Mo\" width=\"4000\" height=\"3000\" \/><\/figure>\n<p>L\u2019avanc\u00e9e des travaux du centre aquatique olympique de Marville est impressionnante\u00a0! La fermeture des toitures est termin\u00e9e et l\u2019isolation, l\u2019\u00e9tanch\u00e9it\u00e9 et la pose des vitrages sont en cours de finalisation.<br class=\"autobr\" \/>Le futur site olympique de 4 600 m2 accueillera les entrainements de water-polo pendant les Jeux et ouvrira au public \u00e0 la rentr\u00e9e 2024. <br class=\"autobr\" \/>Cr\u00e9dit photo\u00a0: Jean-Louis Bellurget<\/p>\n<p><iframe loading=\"lazy\" title=\"YouTube video player\" src=\"https:\/\/www.youtube.com\/embed\/udkBb-yK7O8\" width=\"560\" height=\"315\" frameborder=\"0\" allowfullscreen=\"allowfullscreen\"><\/iframe><\/p>\n<p><strong>Le terrain des essences <\/strong><\/p>\n<figure class=\"spip_document_16577 spip_documents spip_documents_center media media_image media_image_png\"><img loading=\"lazy\" decoding=\"async\" src=\"IMG\/png\/terrain_essences_.png\" alt=\"PNG - 629.9 ko\" width=\"760\" height=\"412\" \/><\/figure>\n<p>Le D\u00e9partement a effectu\u00e9 des travaux de d\u00e9pollution des sols et des nappes phr\u00e9atiques, finis en 2022. La prochaine \u00e9tape sera celle de la rev\u00e9g\u00e9talisation au printemps prochain. Le terrain des essences accueillera les \u00e9preuves de para-marathon et la grande course cycliste. <br class=\"autobr\" \/>Cr\u00e9dit photo\u00a0: Franck Rondot<\/p>\n<p><strong>RD901, RD932, RD30, RD50<\/strong><\/p>\n<figure class=\"spip_document_16565 spip_documents spip_documents_center media media_image media_image_jpg\"><img loading=\"lazy\" decoding=\"async\" src=\"IMG\/jpg\/2023-02-06_rd901_la_courneuve_-_031_fr_.jpg\" alt=\"JPEG - 5.5 Mo\" width=\"5472\" height=\"3648\" \/><\/figure>\n<p>L\u2019avenue Roger-Salengro \u00e0 La Courneuve (RD 901) continue de se m\u00e9tamorphoser\u00a0! Cet axe majeur reliera la future gare de la ligne 16-17 des Six-Routes au parc Georges Valbon et au stade de Marville, futur site olympique. Cette nouvelle voirie fera la part belle aux bus, v\u00e9los et pi\u00e9tons. Par ailleurs, trois autres Routes D\u00e9partementales sont en cours d\u2019am\u00e9nagement en faveur des pi\u00e9ton\u00b7ne\u00b7s et des cyclistes.<\/p>\n<p>Cr\u00e9dit photo\u00a0: Franck Rondot<\/p>\n<div class=\"texteencadre-spip spip\">D\u00e9couvrez toutes nos actualit\u00e9s li\u00e9es aux Jeux Olympiques et Paralympiques sur notre site internet d\u00e9di\u00e9\u00a0: <a class=\"spip_url spip_out\" href=\"https:\/\/jopparis2024.seinesaintdenis.fr\" rel=\"external\">https:\/\/jopparis2024.seinesaintdenis.fr<\/a><\/div>\n<div class=\"texteencadre-spip spip\">D\u00e9couvrez l\u2019h\u00e9ritage mat\u00e9riel des Jeux Olympiques et Paralympiques de Paris 2024 en d\u00e9tails <a class=\"spip_url spip_out\" href=\"https:\/\/seinesaintdenis.fr\/L-heritage-materiel-des-Jeux-Olympiques-et-Paralympiques-de-Paris-2024\" rel=\"external\">https:\/\/seinesaintdenis.fr\/L-herita&#8230;<\/a><\/div>\n","protected":false},"excerpt":{"rendered":"Le PRISME Le PRISME, \u00e9quipement d\u00e9di\u00e9 \u00e0 la pratique du sport par tou\u00b7te\u00b7s situ\u00e9 \u00e0 Bobigny, continue de se construire et prend de plus en plus forme\u00a0! Le coffrage des voiles grandes hauteurs de la salle multisport de 19.80 m est en cours de finalisation. Cr\u00e9dit photo\u00a0: Jean-Louis Bellurget Le FRISD Le FRISD, ce pont&#8230; <a class=\"view-article\" href=\"https:\/\/seinesaintdenis.fr\/actualite\/sport-loisirs\/Sport\/JOP-J-500-le-point-en-images-sur-les-chantiers-du-Departement\/\">Voir l&rsquo;article<\/a>","protected":false},"author":15,"featured_media":1050,"comment_status":"open","ping_status":"open","sticky":false,"template":"","format":"standard","meta":{"_acf_changed":false,"footnotes":""},"categories":[1],"ville":[69],"class_list":["post-1049","post","type-post","status-publish","format-standard","has-post-thumbnail","hentry","category-Sport"],"acf":[],"yoast_head":"<!-- This site is optimized with the Yoast SEO plugin v27.5 - https:\/\/yoast.com\/product\/yoast-seo-wordpress\/ -->\n<title>JOP : le point en images sur les chantiers du D\u00e9partement - Seine-Saint-Denis - L&#039;actualit\u00e9 du d\u00e9partement<\/title>\n<meta name=\"robots\" content=\"index, follow, max-snippet:-1, max-image-preview:large, max-video-preview:-1\" \/>\n<link rel=\"canonical\" href=\"https:\/\/seinesaintdenis.fr\/actualite\/Territoire-des-Jeux\/JOP-J-500-le-point-en-images-sur-les-chantiers-du-Departement\/\" \/>\n<meta property=\"og:locale\" content=\"fr_FR\" \/>\n<meta property=\"og:type\" content=\"article\" \/>\n<meta property=\"og:title\" content=\"JOP : le point en images sur les chantiers du D\u00e9partement - Seine-Saint-Denis - L&#039;actualit\u00e9 du d\u00e9partement\" \/>\n<meta property=\"og:url\" content=\"https:\/\/seinesaintdenis.fr\/actualite\/Territoire-des-Jeux\/JOP-J-500-le-point-en-images-sur-les-chantiers-du-Departement\/\" \/>\n<meta property=\"og:site_name\" content=\"Seine-Saint-Denis - L&#039;actualit\u00e9 du d\u00e9partement\" \/>\n<meta property=\"article:publisher\" content=\"https:\/\/www.facebook.com\/seinesaintdenisledepartement\" \/>\n<meta property=\"article:published_time\" content=\"2023-03-13T11:37:41+00:00\" \/>\n<meta property=\"article:modified_time\" content=\"2023-05-22T16:07:17+00:00\" \/>\n<meta property=\"og:image\" content=\"https:\/\/seinesaintdenis.fr\/actualite\/wp-content\/uploads\/2023\/04\/173bef5b4bd5992950da8480476174.png\" \/>\n\t<meta property=\"og:image:width\" content=\"760\" \/>\n\t<meta property=\"og:image:height\" content=\"411\" \/>\n\t<meta property=\"og:image:type\" content=\"image\/png\" \/>\n<meta name=\"author\" content=\"Amira Rouabhi\" \/>\n<meta name=\"twitter:card\" content=\"summary_large_image\" \/>\n<meta name=\"twitter:creator\" content=\"@seinesaintdenis\" \/>\n<meta name=\"twitter:site\" content=\"@seinesaintdenis\" \/>\n<meta name=\"twitter:label1\" content=\"\u00c9crit par\" \/>\n\t<meta name=\"twitter:data1\" content=\"Amira Rouabhi\" \/>\n\t<meta name=\"twitter:label2\" content=\"Dur\u00e9e de lecture estim\u00e9e\" \/>\n\t<meta name=\"twitter:data2\" content=\"3 minutes\" \/>\n<script type=\"application\/ld+json\" class=\"yoast-schema-graph\">{\"@context\":\"https:\\\/\\\/schema.org\",\"@graph\":[{\"@type\":\"Article\",\"@id\":\"https:\\\/\\\/seinesaintdenis.fr\\\/actualite\\\/Territoire-des-Jeux\\\/JOP-J-500-le-point-en-images-sur-les-chantiers-du-Departement\\\/#article\",\"isPartOf\":{\"@id\":\"https:\\\/\\\/seinesaintdenis.fr\\\/actualite\\\/Territoire-des-Jeux\\\/JOP-J-500-le-point-en-images-sur-les-chantiers-du-Departement\\\/\"},\"author\":{\"name\":\"Amira Rouabhi\",\"@id\":\"https:\\\/\\\/seinesaintdenis.fr\\\/actualite\\\/#\\\/schema\\\/person\\\/09eab927ada5ceeef6d44a2d538de143\"},\"headline\":\"JOP : le point en images sur les chantiers du D\u00e9partement\",\"datePublished\":\"2023-03-13T11:37:41+00:00\",\"dateModified\":\"2023-05-22T16:07:17+00:00\",\"mainEntityOfPage\":{\"@id\":\"https:\\\/\\\/seinesaintdenis.fr\\\/actualite\\\/Territoire-des-Jeux\\\/JOP-J-500-le-point-en-images-sur-les-chantiers-du-Departement\\\/\"},\"wordCount\":361,\"commentCount\":0,\"publisher\":{\"@id\":\"https:\\\/\\\/seinesaintdenis.fr\\\/actualite\\\/#organization\"},\"image\":{\"@id\":\"https:\\\/\\\/seinesaintdenis.fr\\\/actualite\\\/Territoire-des-Jeux\\\/JOP-J-500-le-point-en-images-sur-les-chantiers-du-Departement\\\/#primaryimage\"},\"thumbnailUrl\":\"https:\\\/\\\/seinesaintdenis.fr\\\/actualite\\\/wp-content\\\/uploads\\\/2023\\\/04\\\/173bef5b4bd5992950da8480476174.png\",\"articleSection\":[\"Sport\"],\"inLanguage\":\"fr-FR\",\"potentialAction\":[{\"@type\":\"CommentAction\",\"name\":\"Comment\",\"target\":[\"https:\\\/\\\/seinesaintdenis.fr\\\/actualite\\\/Territoire-des-Jeux\\\/JOP-J-500-le-point-en-images-sur-les-chantiers-du-Departement\\\/#respond\"]}]},{\"@type\":\"WebPage\",\"@id\":\"https:\\\/\\\/seinesaintdenis.fr\\\/actualite\\\/Territoire-des-Jeux\\\/JOP-J-500-le-point-en-images-sur-les-chantiers-du-Departement\\\/\",\"url\":\"https:\\\/\\\/seinesaintdenis.fr\\\/actualite\\\/Territoire-des-Jeux\\\/JOP-J-500-le-point-en-images-sur-les-chantiers-du-Departement\\\/\",\"name\":\"JOP : le point en images sur les chantiers du D\u00e9partement - Seine-Saint-Denis - L&#039;actualit\u00e9 du d\u00e9partement\",\"isPartOf\":{\"@id\":\"https:\\\/\\\/seinesaintdenis.fr\\\/actualite\\\/#website\"},\"primaryImageOfPage\":{\"@id\":\"https:\\\/\\\/seinesaintdenis.fr\\\/actualite\\\/Territoire-des-Jeux\\\/JOP-J-500-le-point-en-images-sur-les-chantiers-du-Departement\\\/#primaryimage\"},\"image\":{\"@id\":\"https:\\\/\\\/seinesaintdenis.fr\\\/actualite\\\/Territoire-des-Jeux\\\/JOP-J-500-le-point-en-images-sur-les-chantiers-du-Departement\\\/#primaryimage\"},\"thumbnailUrl\":\"https:\\\/\\\/seinesaintdenis.fr\\\/actualite\\\/wp-content\\\/uploads\\\/2023\\\/04\\\/173bef5b4bd5992950da8480476174.png\",\"datePublished\":\"2023-03-13T11:37:41+00:00\",\"dateModified\":\"2023-05-22T16:07:17+00:00\",\"breadcrumb\":{\"@id\":\"https:\\\/\\\/seinesaintdenis.fr\\\/actualite\\\/Territoire-des-Jeux\\\/JOP-J-500-le-point-en-images-sur-les-chantiers-du-Departement\\\/#breadcrumb\"},\"inLanguage\":\"fr-FR\",\"potentialAction\":[{\"@type\":\"ReadAction\",\"target\":[\"https:\\\/\\\/seinesaintdenis.fr\\\/actualite\\\/Territoire-des-Jeux\\\/JOP-J-500-le-point-en-images-sur-les-chantiers-du-Departement\\\/\"]}]},{\"@type\":\"ImageObject\",\"inLanguage\":\"fr-FR\",\"@id\":\"https:\\\/\\\/seinesaintdenis.fr\\\/actualite\\\/Territoire-des-Jeux\\\/JOP-J-500-le-point-en-images-sur-les-chantiers-du-Departement\\\/#primaryimage\",\"url\":\"https:\\\/\\\/seinesaintdenis.fr\\\/actualite\\\/wp-content\\\/uploads\\\/2023\\\/04\\\/173bef5b4bd5992950da8480476174.png\",\"contentUrl\":\"https:\\\/\\\/seinesaintdenis.fr\\\/actualite\\\/wp-content\\\/uploads\\\/2023\\\/04\\\/173bef5b4bd5992950da8480476174.png\",\"width\":760,\"height\":411},{\"@type\":\"BreadcrumbList\",\"@id\":\"https:\\\/\\\/seinesaintdenis.fr\\\/actualite\\\/Territoire-des-Jeux\\\/JOP-J-500-le-point-en-images-sur-les-chantiers-du-Departement\\\/#breadcrumb\",\"itemListElement\":[{\"@type\":\"ListItem\",\"position\":1,\"name\":\"Accueil\",\"item\":\"https:\\\/\\\/seinesaintdenis.fr\\\/actualite\\\/\"},{\"@type\":\"ListItem\",\"position\":2,\"name\":\"JOP : le point en images sur les chantiers du D\u00e9partement\"}]},{\"@type\":\"WebSite\",\"@id\":\"https:\\\/\\\/seinesaintdenis.fr\\\/actualite\\\/#website\",\"url\":\"https:\\\/\\\/seinesaintdenis.fr\\\/actualite\\\/\",\"name\":\"Seine-Saint-Denis - L'actualit\u00e9 du d\u00e9partement\",\"description\":\"L&#039;actualit\u00e9 du D\u00e9partement de la Seine-Saint-Denis\",\"publisher\":{\"@id\":\"https:\\\/\\\/seinesaintdenis.fr\\\/actualite\\\/#organization\"},\"potentialAction\":[{\"@type\":\"SearchAction\",\"target\":{\"@type\":\"EntryPoint\",\"urlTemplate\":\"https:\\\/\\\/seinesaintdenis.fr\\\/actualite\\\/?s={search_term_string}\"},\"query-input\":{\"@type\":\"PropertyValueSpecification\",\"valueRequired\":true,\"valueName\":\"search_term_string\"}}],\"inLanguage\":\"fr-FR\"},{\"@type\":\"Organization\",\"@id\":\"https:\\\/\\\/seinesaintdenis.fr\\\/actualite\\\/#organization\",\"name\":\"Seine-Saint-Denis - Le D\u00e9partement\",\"url\":\"https:\\\/\\\/seinesaintdenis.fr\\\/actualite\\\/\",\"logo\":{\"@type\":\"ImageObject\",\"inLanguage\":\"fr-FR\",\"@id\":\"https:\\\/\\\/seinesaintdenis.fr\\\/actualite\\\/#\\\/schema\\\/logo\\\/image\\\/\",\"url\":\"https:\\\/\\\/seinesaintdenis.fr\\\/actualite\\\/wp-content\\\/uploads\\\/2024\\\/08\\\/logo.png\",\"contentUrl\":\"https:\\\/\\\/seinesaintdenis.fr\\\/actualite\\\/wp-content\\\/uploads\\\/2024\\\/08\\\/logo.png\",\"width\":567,\"height\":172,\"caption\":\"Seine-Saint-Denis - Le D\u00e9partement\"},\"image\":{\"@id\":\"https:\\\/\\\/seinesaintdenis.fr\\\/actualite\\\/#\\\/schema\\\/logo\\\/image\\\/\"},\"sameAs\":[\"https:\\\/\\\/www.facebook.com\\\/seinesaintdenisledepartement\",\"https:\\\/\\\/x.com\\\/seinesaintdenis\",\"https:\\\/\\\/www.linkedin.com\\\/company\\\/seinesaintdenis\",\"https:\\\/\\\/www.instagram.com\\\/seine_saint_denis\\\/\",\"https:\\\/\\\/www.youtube.com\\\/channel\\\/UCR5YF9NnqiLCbnrKQgLUcIw\"]},{\"@type\":\"Person\",\"@id\":\"https:\\\/\\\/seinesaintdenis.fr\\\/actualite\\\/#\\\/schema\\\/person\\\/09eab927ada5ceeef6d44a2d538de143\",\"name\":\"Amira Rouabhi\",\"image\":{\"@type\":\"ImageObject\",\"inLanguage\":\"fr-FR\",\"@id\":\"https:\\\/\\\/secure.gravatar.com\\\/avatar\\\/1fabb5fa4310765b329dd1ae57830cdf8b9609391dc2f1c7f6cbc382b888ef4a?s=96&d=mm&r=g\",\"url\":\"https:\\\/\\\/secure.gravatar.com\\\/avatar\\\/1fabb5fa4310765b329dd1ae57830cdf8b9609391dc2f1c7f6cbc382b888ef4a?s=96&d=mm&r=g\",\"contentUrl\":\"https:\\\/\\\/secure.gravatar.com\\\/avatar\\\/1fabb5fa4310765b329dd1ae57830cdf8b9609391dc2f1c7f6cbc382b888ef4a?s=96&d=mm&r=g\",\"caption\":\"Amira Rouabhi\"},\"url\":\"https:\\\/\\\/seinesaintdenis.fr\\\/actualite\\\/author\\\/arouabhi\\\/\"}]}<\/script>\n<!-- \/ Yoast SEO plugin. -->","yoast_head_json":{"title":"JOP : le point en images sur les chantiers du D\u00e9partement - Seine-Saint-Denis - L&#039;actualit\u00e9 du d\u00e9partement","robots":{"index":"index","follow":"follow","max-snippet":"max-snippet:-1","max-image-preview":"max-image-preview:large","max-video-preview":"max-video-preview:-1"},"canonical":"https:\/\/seinesaintdenis.fr\/actualite\/Territoire-des-Jeux\/JOP-J-500-le-point-en-images-sur-les-chantiers-du-Departement\/","og_locale":"fr_FR","og_type":"article","og_title":"JOP : le point en images sur les chantiers du D\u00e9partement - Seine-Saint-Denis - L&#039;actualit\u00e9 du d\u00e9partement","og_url":"https:\/\/seinesaintdenis.fr\/actualite\/Territoire-des-Jeux\/JOP-J-500-le-point-en-images-sur-les-chantiers-du-Departement\/","og_site_name":"Seine-Saint-Denis - L&#039;actualit\u00e9 du d\u00e9partement","article_publisher":"https:\/\/www.facebook.com\/seinesaintdenisledepartement","article_published_time":"2023-03-13T11:37:41+00:00","article_modified_time":"2023-05-22T16:07:17+00:00","og_image":[{"width":760,"height":411,"url":"https:\/\/seinesaintdenis.fr\/actualite\/wp-content\/uploads\/2023\/04\/173bef5b4bd5992950da8480476174.png","type":"image\/png"}],"author":"Amira Rouabhi","twitter_card":"summary_large_image","twitter_creator":"@seinesaintdenis","twitter_site":"@seinesaintdenis","twitter_misc":{"\u00c9crit par":"Amira Rouabhi","Dur\u00e9e de lecture estim\u00e9e":"3 minutes"},"schema":{"@context":"https:\/\/schema.org","@graph":[{"@type":"Article","@id":"https:\/\/seinesaintdenis.fr\/actualite\/Territoire-des-Jeux\/JOP-J-500-le-point-en-images-sur-les-chantiers-du-Departement\/#article","isPartOf":{"@id":"https:\/\/seinesaintdenis.fr\/actualite\/Territoire-des-Jeux\/JOP-J-500-le-point-en-images-sur-les-chantiers-du-Departement\/"},"author":{"name":"Amira Rouabhi","@id":"https:\/\/seinesaintdenis.fr\/actualite\/#\/schema\/person\/09eab927ada5ceeef6d44a2d538de143"},"headline":"JOP : le point en images sur les chantiers du D\u00e9partement","datePublished":"2023-03-13T11:37:41+00:00","dateModified":"2023-05-22T16:07:17+00:00","mainEntityOfPage":{"@id":"https:\/\/seinesaintdenis.fr\/actualite\/Territoire-des-Jeux\/JOP-J-500-le-point-en-images-sur-les-chantiers-du-Departement\/"},"wordCount":361,"commentCount":0,"publisher":{"@id":"https:\/\/seinesaintdenis.fr\/actualite\/#organization"},"image":{"@id":"https:\/\/seinesaintdenis.fr\/actualite\/Territoire-des-Jeux\/JOP-J-500-le-point-en-images-sur-les-chantiers-du-Departement\/#primaryimage"},"thumbnailUrl":"https:\/\/seinesaintdenis.fr\/actualite\/wp-content\/uploads\/2023\/04\/173bef5b4bd5992950da8480476174.png","articleSection":["Sport"],"inLanguage":"fr-FR","potentialAction":[{"@type":"CommentAction","name":"Comment","target":["https:\/\/seinesaintdenis.fr\/actualite\/Territoire-des-Jeux\/JOP-J-500-le-point-en-images-sur-les-chantiers-du-Departement\/#respond"]}]},{"@type":"WebPage","@id":"https:\/\/seinesaintdenis.fr\/actualite\/Territoire-des-Jeux\/JOP-J-500-le-point-en-images-sur-les-chantiers-du-Departement\/","url":"https:\/\/seinesaintdenis.fr\/actualite\/Territoire-des-Jeux\/JOP-J-500-le-point-en-images-sur-les-chantiers-du-Departement\/","name":"JOP : le point en images sur les chantiers du D\u00e9partement - Seine-Saint-Denis - L&#039;actualit\u00e9 du d\u00e9partement","isPartOf":{"@id":"https:\/\/seinesaintdenis.fr\/actualite\/#website"},"primaryImageOfPage":{"@id":"https:\/\/seinesaintdenis.fr\/actualite\/Territoire-des-Jeux\/JOP-J-500-le-point-en-images-sur-les-chantiers-du-Departement\/#primaryimage"},"image":{"@id":"https:\/\/seinesaintdenis.fr\/actualite\/Territoire-des-Jeux\/JOP-J-500-le-point-en-images-sur-les-chantiers-du-Departement\/#primaryimage"},"thumbnailUrl":"https:\/\/seinesaintdenis.fr\/actualite\/wp-content\/uploads\/2023\/04\/173bef5b4bd5992950da8480476174.png","datePublished":"2023-03-13T11:37:41+00:00","dateModified":"2023-05-22T16:07:17+00:00","breadcrumb":{"@id":"https:\/\/seinesaintdenis.fr\/actualite\/Territoire-des-Jeux\/JOP-J-500-le-point-en-images-sur-les-chantiers-du-Departement\/#breadcrumb"},"inLanguage":"fr-FR","potentialAction":[{"@type":"ReadAction","target":["https:\/\/seinesaintdenis.fr\/actualite\/Territoire-des-Jeux\/JOP-J-500-le-point-en-images-sur-les-chantiers-du-Departement\/"]}]},{"@type":"ImageObject","inLanguage":"fr-FR","@id":"https:\/\/seinesaintdenis.fr\/actualite\/Territoire-des-Jeux\/JOP-J-500-le-point-en-images-sur-les-chantiers-du-Departement\/#primaryimage","url":"https:\/\/seinesaintdenis.fr\/actualite\/wp-content\/uploads\/2023\/04\/173bef5b4bd5992950da8480476174.png","contentUrl":"https:\/\/seinesaintdenis.fr\/actualite\/wp-content\/uploads\/2023\/04\/173bef5b4bd5992950da8480476174.png","width":760,"height":411},{"@type":"BreadcrumbList","@id":"https:\/\/seinesaintdenis.fr\/actualite\/Territoire-des-Jeux\/JOP-J-500-le-point-en-images-sur-les-chantiers-du-Departement\/#breadcrumb","itemListElement":[{"@type":"ListItem","position":1,"name":"Accueil","item":"https:\/\/seinesaintdenis.fr\/actualite\/"},{"@type":"ListItem","position":2,"name":"JOP : le point en images sur les chantiers du D\u00e9partement"}]},{"@type":"WebSite","@id":"https:\/\/seinesaintdenis.fr\/actualite\/#website","url":"https:\/\/seinesaintdenis.fr\/actualite\/","name":"Seine-Saint-Denis - L'actualit\u00e9 du d\u00e9partement","description":"L&#039;actualit\u00e9 du D\u00e9partement de la Seine-Saint-Denis","publisher":{"@id":"https:\/\/seinesaintdenis.fr\/actualite\/#organization"},"potentialAction":[{"@type":"SearchAction","target":{"@type":"EntryPoint","urlTemplate":"https:\/\/seinesaintdenis.fr\/actualite\/?s={search_term_string}"},"query-input":{"@type":"PropertyValueSpecification","valueRequired":true,"valueName":"search_term_string"}}],"inLanguage":"fr-FR"},{"@type":"Organization","@id":"https:\/\/seinesaintdenis.fr\/actualite\/#organization","name":"Seine-Saint-Denis - Le D\u00e9partement","url":"https:\/\/seinesaintdenis.fr\/actualite\/","logo":{"@type":"ImageObject","inLanguage":"fr-FR","@id":"https:\/\/seinesaintdenis.fr\/actualite\/#\/schema\/logo\/image\/","url":"https:\/\/seinesaintdenis.fr\/actualite\/wp-content\/uploads\/2024\/08\/logo.png","contentUrl":"https:\/\/seinesaintdenis.fr\/actualite\/wp-content\/uploads\/2024\/08\/logo.png","width":567,"height":172,"caption":"Seine-Saint-Denis - Le D\u00e9partement"},"image":{"@id":"https:\/\/seinesaintdenis.fr\/actualite\/#\/schema\/logo\/image\/"},"sameAs":["https:\/\/www.facebook.com\/seinesaintdenisledepartement","https:\/\/x.com\/seinesaintdenis","https:\/\/www.linkedin.com\/company\/seinesaintdenis","https:\/\/www.instagram.com\/seine_saint_denis\/","https:\/\/www.youtube.com\/channel\/UCR5YF9NnqiLCbnrKQgLUcIw"]},{"@type":"Person","@id":"https:\/\/seinesaintdenis.fr\/actualite\/#\/schema\/person\/09eab927ada5ceeef6d44a2d538de143","name":"Amira Rouabhi","image":{"@type":"ImageObject","inLanguage":"fr-FR","@id":"https:\/\/secure.gravatar.com\/avatar\/1fabb5fa4310765b329dd1ae57830cdf8b9609391dc2f1c7f6cbc382b888ef4a?s=96&d=mm&r=g","url":"https:\/\/secure.gravatar.com\/avatar\/1fabb5fa4310765b329dd1ae57830cdf8b9609391dc2f1c7f6cbc382b888ef4a?s=96&d=mm&r=g","contentUrl":"https:\/\/secure.gravatar.com\/avatar\/1fabb5fa4310765b329dd1ae57830cdf8b9609391dc2f1c7f6cbc382b888ef4a?s=96&d=mm&r=g","caption":"Amira Rouabhi"},"url":"https:\/\/seinesaintdenis.fr\/actualite\/author\/arouabhi\/"}]}},"_links":{"self":[{"href":"https:\/\/seinesaintdenis.fr\/actualite\/wp-json\/wp\/v2\/posts\/1049","targetHints":{"allow":["GET"]}}],"collection":[{"href":"https:\/\/seinesaintdenis.fr\/actualite\/wp-json\/wp\/v2\/posts"}],"about":[{"href":"https:\/\/seinesaintdenis.fr\/actualite\/wp-json\/wp\/v2\/types\/post"}],"author":[{"embeddable":true,"href":"https:\/\/seinesaintdenis.fr\/actualite\/wp-json\/wp\/v2\/users\/15"}],"replies":[{"embeddable":true,"href":"https:\/\/seinesaintdenis.fr\/actualite\/wp-json\/wp\/v2\/comments?post=1049"}],"version-history":[{"count":2,"href":"https:\/\/seinesaintdenis.fr\/actualite\/wp-json\/wp\/v2\/posts\/1049\/revisions"}],"predecessor-version":[{"id":2633,"href":"https:\/\/seinesaintdenis.fr\/actualite\/wp-json\/wp\/v2\/posts\/1049\/revisions\/2633"}],"wp:featuredmedia":[{"embeddable":true,"href":"https:\/\/seinesaintdenis.fr\/actualite\/wp-json\/wp\/v2\/media\/1050"}],"wp:attachment":[{"href":"https:\/\/seinesaintdenis.fr\/actualite\/wp-json\/wp\/v2\/media?parent=1049"}],"wp:term":[{"taxonomy":"category","embeddable":true,"href":"https:\/\/seinesaintdenis.fr\/actualite\/wp-json\/wp\/v2\/categories?post=1049"},{"taxonomy":"ville","embeddable":true,"href":"https:\/\/seinesaintdenis.fr\/actualite\/wp-json\/wp\/v2\/ville?post=1049"}],"curies":[{"name":"wp","href":"https:\/\/api.w.org\/{rel}","templated":true}]}}