{"id":10300,"date":"2023-11-15T15:30:38","date_gmt":"2023-11-15T14:30:38","guid":{"rendered":"https:\/\/seinesaintdenis.fr\/actualite\/?p=10300"},"modified":"2023-11-15T15:36:47","modified_gmt":"2023-11-15T14:36:47","slug":"Verte-inclusive-la-Seine-Saint-Denis-se-transforme","status":"publish","type":"post","link":"https:\/\/seinesaintdenis.fr\/actualite\/deplacements-amenagement\/voirie\/Verte-inclusive-la-Seine-Saint-Denis-se-transforme\/","title":{"rendered":"Verte, inclusive : la Seine-Saint-Denis se transforme"},"content":{"rendered":"","protected":false},"excerpt":{"rendered":"","protected":false},"author":38,"featured_media":10313,"comment_status":"open","ping_status":"open","sticky":false,"template":"","format":"standard","meta":{"_acf_changed":false,"footnotes":""},"categories":[107],"ville":[82],"class_list":["post-10300","post","type-post","status-publish","format-standard","has-post-thumbnail","hentry","category-voirie"],"acf":[],"yoast_head":"<!-- This site is optimized with the Yoast SEO plugin v27.4 - https:\/\/yoast.com\/product\/yoast-seo-wordpress\/ -->\n<title>Verte, inclusive : la Seine-Saint-Denis se transforme - Seine-Saint-Denis - L&#039;actualit\u00e9 du d\u00e9partement<\/title>\n<meta name=\"description\" content=\"Au carrefour routier Raymond Queneau, \u00e0 Pantin, sur la RD 933, le D\u00e9partement de la Seine-Saint-Denis adapte l\u2019espace public aux besoins actuels des habitant\u00b7e\u00b7s. Plus de places pour les v\u00e9los, adaptation au changement climatique, espaces verts\u2026 cet am\u00e9nagement transitoire anticipe le passage du bus rapide Tzen3.\" \/>\n<meta name=\"robots\" content=\"index, follow, max-snippet:-1, max-image-preview:large, max-video-preview:-1\" \/>\n<link rel=\"canonical\" href=\"https:\/\/seinesaintdenis.fr\/actualite\/ecologie\/Verte-inclusive-la-Seine-Saint-Denis-se-transforme\/\" \/>\n<meta property=\"og:locale\" content=\"fr_FR\" \/>\n<meta property=\"og:type\" content=\"article\" \/>\n<meta property=\"og:title\" content=\"Verte, inclusive : la Seine-Saint-Denis se transforme - Seine-Saint-Denis - L&#039;actualit\u00e9 du d\u00e9partement\" \/>\n<meta property=\"og:description\" content=\"Au carrefour routier Raymond Queneau, \u00e0 Pantin, sur la RD 933, le D\u00e9partement de la Seine-Saint-Denis adapte l\u2019espace public aux besoins actuels des habitant\u00b7e\u00b7s. Plus de places pour les v\u00e9los, adaptation au changement climatique, espaces verts\u2026 cet am\u00e9nagement transitoire anticipe le passage du bus rapide Tzen3.\" \/>\n<meta property=\"og:url\" content=\"https:\/\/seinesaintdenis.fr\/actualite\/ecologie\/Verte-inclusive-la-Seine-Saint-Denis-se-transforme\/\" \/>\n<meta property=\"og:site_name\" content=\"Seine-Saint-Denis - L&#039;actualit\u00e9 du d\u00e9partement\" \/>\n<meta property=\"article:publisher\" content=\"https:\/\/www.facebook.com\/seinesaintdenisledepartement\" \/>\n<meta property=\"article:published_time\" content=\"2023-11-15T14:30:38+00:00\" \/>\n<meta property=\"article:modified_time\" content=\"2023-11-15T14:36:47+00:00\" \/>\n<meta property=\"og:image\" content=\"https:\/\/seinesaintdenis.fr\/actualite\/wp-content\/uploads\/2023\/11\/vignette.jpg\" \/>\n\t<meta property=\"og:image:width\" content=\"1920\" \/>\n\t<meta property=\"og:image:height\" content=\"1080\" \/>\n\t<meta property=\"og:image:type\" content=\"image\/jpeg\" \/>\n<meta name=\"author\" content=\"Nicolas Le H\u00e9riss\u00e9\" \/>\n<meta name=\"twitter:card\" content=\"summary_large_image\" \/>\n<meta name=\"twitter:creator\" content=\"@seinesaintdenis\" \/>\n<meta name=\"twitter:site\" content=\"@seinesaintdenis\" \/>\n<meta name=\"twitter:label1\" content=\"\u00c9crit par\" \/>\n\t<meta name=\"twitter:data1\" content=\"Nicolas Le H\u00e9riss\u00e9\" \/>\n<script type=\"application\/ld+json\" class=\"yoast-schema-graph\">{\"@context\":\"https:\\\/\\\/schema.org\",\"@graph\":[{\"@type\":\"Article\",\"@id\":\"https:\\\/\\\/seinesaintdenis.fr\\\/actualite\\\/ecologie\\\/Verte-inclusive-la-Seine-Saint-Denis-se-transforme\\\/#article\",\"isPartOf\":{\"@id\":\"https:\\\/\\\/seinesaintdenis.fr\\\/actualite\\\/ecologie\\\/Verte-inclusive-la-Seine-Saint-Denis-se-transforme\\\/\"},\"author\":{\"name\":\"Nicolas Le H\u00e9riss\u00e9\",\"@id\":\"https:\\\/\\\/seinesaintdenis.fr\\\/actualite\\\/#\\\/schema\\\/person\\\/83cfb60412523dce14a752f37ae506fb\"},\"headline\":\"Verte, inclusive : la Seine-Saint-Denis se transforme\",\"datePublished\":\"2023-11-15T14:30:38+00:00\",\"dateModified\":\"2023-11-15T14:36:47+00:00\",\"mainEntityOfPage\":{\"@id\":\"https:\\\/\\\/seinesaintdenis.fr\\\/actualite\\\/ecologie\\\/Verte-inclusive-la-Seine-Saint-Denis-se-transforme\\\/\"},\"wordCount\":6,\"commentCount\":0,\"publisher\":{\"@id\":\"https:\\\/\\\/seinesaintdenis.fr\\\/actualite\\\/#organization\"},\"image\":{\"@id\":\"https:\\\/\\\/seinesaintdenis.fr\\\/actualite\\\/ecologie\\\/Verte-inclusive-la-Seine-Saint-Denis-se-transforme\\\/#primaryimage\"},\"thumbnailUrl\":\"https:\\\/\\\/seinesaintdenis.fr\\\/actualite\\\/wp-content\\\/uploads\\\/2023\\\/11\\\/vignette.jpg\",\"articleSection\":[\"Voirie\"],\"inLanguage\":\"fr-FR\",\"potentialAction\":[{\"@type\":\"CommentAction\",\"name\":\"Comment\",\"target\":[\"https:\\\/\\\/seinesaintdenis.fr\\\/actualite\\\/ecologie\\\/Verte-inclusive-la-Seine-Saint-Denis-se-transforme\\\/#respond\"]}]},{\"@type\":\"WebPage\",\"@id\":\"https:\\\/\\\/seinesaintdenis.fr\\\/actualite\\\/ecologie\\\/Verte-inclusive-la-Seine-Saint-Denis-se-transforme\\\/\",\"url\":\"https:\\\/\\\/seinesaintdenis.fr\\\/actualite\\\/ecologie\\\/Verte-inclusive-la-Seine-Saint-Denis-se-transforme\\\/\",\"name\":\"Verte, inclusive : la Seine-Saint-Denis se transforme - Seine-Saint-Denis - L&#039;actualit\u00e9 du d\u00e9partement\",\"isPartOf\":{\"@id\":\"https:\\\/\\\/seinesaintdenis.fr\\\/actualite\\\/#website\"},\"primaryImageOfPage\":{\"@id\":\"https:\\\/\\\/seinesaintdenis.fr\\\/actualite\\\/ecologie\\\/Verte-inclusive-la-Seine-Saint-Denis-se-transforme\\\/#primaryimage\"},\"image\":{\"@id\":\"https:\\\/\\\/seinesaintdenis.fr\\\/actualite\\\/ecologie\\\/Verte-inclusive-la-Seine-Saint-Denis-se-transforme\\\/#primaryimage\"},\"thumbnailUrl\":\"https:\\\/\\\/seinesaintdenis.fr\\\/actualite\\\/wp-content\\\/uploads\\\/2023\\\/11\\\/vignette.jpg\",\"datePublished\":\"2023-11-15T14:30:38+00:00\",\"dateModified\":\"2023-11-15T14:36:47+00:00\",\"description\":\"Au carrefour routier Raymond Queneau, \u00e0 Pantin, sur la RD 933, le D\u00e9partement de la Seine-Saint-Denis adapte l\u2019espace public aux besoins actuels des habitant\u00b7e\u00b7s. Plus de places pour les v\u00e9los, adaptation au changement climatique, espaces verts\u2026 cet am\u00e9nagement transitoire anticipe le passage du bus rapide Tzen3.\",\"breadcrumb\":{\"@id\":\"https:\\\/\\\/seinesaintdenis.fr\\\/actualite\\\/ecologie\\\/Verte-inclusive-la-Seine-Saint-Denis-se-transforme\\\/#breadcrumb\"},\"inLanguage\":\"fr-FR\",\"potentialAction\":[{\"@type\":\"ReadAction\",\"target\":[\"https:\\\/\\\/seinesaintdenis.fr\\\/actualite\\\/ecologie\\\/Verte-inclusive-la-Seine-Saint-Denis-se-transforme\\\/\"]}]},{\"@type\":\"ImageObject\",\"inLanguage\":\"fr-FR\",\"@id\":\"https:\\\/\\\/seinesaintdenis.fr\\\/actualite\\\/ecologie\\\/Verte-inclusive-la-Seine-Saint-Denis-se-transforme\\\/#primaryimage\",\"url\":\"https:\\\/\\\/seinesaintdenis.fr\\\/actualite\\\/wp-content\\\/uploads\\\/2023\\\/11\\\/vignette.jpg\",\"contentUrl\":\"https:\\\/\\\/seinesaintdenis.fr\\\/actualite\\\/wp-content\\\/uploads\\\/2023\\\/11\\\/vignette.jpg\",\"width\":1920,\"height\":1080,\"caption\":\"Au carrefour routier Raymond Queneau, \u00e0 Pantin,\"},{\"@type\":\"BreadcrumbList\",\"@id\":\"https:\\\/\\\/seinesaintdenis.fr\\\/actualite\\\/ecologie\\\/Verte-inclusive-la-Seine-Saint-Denis-se-transforme\\\/#breadcrumb\",\"itemListElement\":[{\"@type\":\"ListItem\",\"position\":1,\"name\":\"Accueil\",\"item\":\"https:\\\/\\\/seinesaintdenis.fr\\\/actualite\\\/\"},{\"@type\":\"ListItem\",\"position\":2,\"name\":\"D\u00e9placements &amp; Am\u00e9nagement\",\"item\":\"https:\\\/\\\/seinesaintdenis.fr\\\/actualite\\\/deplacements-amenagement\\\/\"},{\"@type\":\"ListItem\",\"position\":3,\"name\":\"Voirie\",\"item\":\"https:\\\/\\\/seinesaintdenis.fr\\\/actualite\\\/deplacements-amenagement\\\/voirie\\\/\"},{\"@type\":\"ListItem\",\"position\":4,\"name\":\"Verte, inclusive : la Seine-Saint-Denis se transforme\"}]},{\"@type\":\"WebSite\",\"@id\":\"https:\\\/\\\/seinesaintdenis.fr\\\/actualite\\\/#website\",\"url\":\"https:\\\/\\\/seinesaintdenis.fr\\\/actualite\\\/\",\"name\":\"Seine-Saint-Denis - L'actualit\u00e9 du d\u00e9partement\",\"description\":\"L&#039;actualit\u00e9 du D\u00e9partement de la Seine-Saint-Denis\",\"publisher\":{\"@id\":\"https:\\\/\\\/seinesaintdenis.fr\\\/actualite\\\/#organization\"},\"potentialAction\":[{\"@type\":\"SearchAction\",\"target\":{\"@type\":\"EntryPoint\",\"urlTemplate\":\"https:\\\/\\\/seinesaintdenis.fr\\\/actualite\\\/?s={search_term_string}\"},\"query-input\":{\"@type\":\"PropertyValueSpecification\",\"valueRequired\":true,\"valueName\":\"search_term_string\"}}],\"inLanguage\":\"fr-FR\"},{\"@type\":\"Organization\",\"@id\":\"https:\\\/\\\/seinesaintdenis.fr\\\/actualite\\\/#organization\",\"name\":\"Seine-Saint-Denis - Le D\u00e9partement\",\"url\":\"https:\\\/\\\/seinesaintdenis.fr\\\/actualite\\\/\",\"logo\":{\"@type\":\"ImageObject\",\"inLanguage\":\"fr-FR\",\"@id\":\"https:\\\/\\\/seinesaintdenis.fr\\\/actualite\\\/#\\\/schema\\\/logo\\\/image\\\/\",\"url\":\"https:\\\/\\\/seinesaintdenis.fr\\\/actualite\\\/wp-content\\\/uploads\\\/2024\\\/08\\\/logo.png\",\"contentUrl\":\"https:\\\/\\\/seinesaintdenis.fr\\\/actualite\\\/wp-content\\\/uploads\\\/2024\\\/08\\\/logo.png\",\"width\":567,\"height\":172,\"caption\":\"Seine-Saint-Denis - Le D\u00e9partement\"},\"image\":{\"@id\":\"https:\\\/\\\/seinesaintdenis.fr\\\/actualite\\\/#\\\/schema\\\/logo\\\/image\\\/\"},\"sameAs\":[\"https:\\\/\\\/www.facebook.com\\\/seinesaintdenisledepartement\",\"https:\\\/\\\/x.com\\\/seinesaintdenis\",\"https:\\\/\\\/www.linkedin.com\\\/company\\\/seinesaintdenis\",\"https:\\\/\\\/www.instagram.com\\\/seine_saint_denis\\\/\",\"https:\\\/\\\/www.youtube.com\\\/channel\\\/UCR5YF9NnqiLCbnrKQgLUcIw\"]},{\"@type\":\"Person\",\"@id\":\"https:\\\/\\\/seinesaintdenis.fr\\\/actualite\\\/#\\\/schema\\\/person\\\/83cfb60412523dce14a752f37ae506fb\",\"name\":\"Nicolas Le H\u00e9riss\u00e9\",\"image\":{\"@type\":\"ImageObject\",\"inLanguage\":\"fr-FR\",\"@id\":\"https:\\\/\\\/secure.gravatar.com\\\/avatar\\\/7a037480306fa242c59436a102dc6a4d72cab164610d2fc68cf59229872c6a50?s=96&d=mm&r=g\",\"url\":\"https:\\\/\\\/secure.gravatar.com\\\/avatar\\\/7a037480306fa242c59436a102dc6a4d72cab164610d2fc68cf59229872c6a50?s=96&d=mm&r=g\",\"contentUrl\":\"https:\\\/\\\/secure.gravatar.com\\\/avatar\\\/7a037480306fa242c59436a102dc6a4d72cab164610d2fc68cf59229872c6a50?s=96&d=mm&r=g\",\"caption\":\"Nicolas Le H\u00e9riss\u00e9\"},\"url\":\"https:\\\/\\\/seinesaintdenis.fr\\\/actualite\\\/author\\\/nleherisse\\\/\"}]}<\/script>\n<!-- \/ Yoast SEO plugin. -->","yoast_head_json":{"title":"Verte, inclusive : la Seine-Saint-Denis se transforme - Seine-Saint-Denis - L&#039;actualit\u00e9 du d\u00e9partement","description":"Au carrefour routier Raymond Queneau, \u00e0 Pantin, sur la RD 933, le D\u00e9partement de la Seine-Saint-Denis adapte l\u2019espace public aux besoins actuels des habitant\u00b7e\u00b7s. Plus de places pour les v\u00e9los, adaptation au changement climatique, espaces verts\u2026 cet am\u00e9nagement transitoire anticipe le passage du bus rapide Tzen3.","robots":{"index":"index","follow":"follow","max-snippet":"max-snippet:-1","max-image-preview":"max-image-preview:large","max-video-preview":"max-video-preview:-1"},"canonical":"https:\/\/seinesaintdenis.fr\/actualite\/ecologie\/Verte-inclusive-la-Seine-Saint-Denis-se-transforme\/","og_locale":"fr_FR","og_type":"article","og_title":"Verte, inclusive : la Seine-Saint-Denis se transforme - Seine-Saint-Denis - L&#039;actualit\u00e9 du d\u00e9partement","og_description":"Au carrefour routier Raymond Queneau, \u00e0 Pantin, sur la RD 933, le D\u00e9partement de la Seine-Saint-Denis adapte l\u2019espace public aux besoins actuels des habitant\u00b7e\u00b7s. Plus de places pour les v\u00e9los, adaptation au changement climatique, espaces verts\u2026 cet am\u00e9nagement transitoire anticipe le passage du bus rapide Tzen3.","og_url":"https:\/\/seinesaintdenis.fr\/actualite\/ecologie\/Verte-inclusive-la-Seine-Saint-Denis-se-transforme\/","og_site_name":"Seine-Saint-Denis - L&#039;actualit\u00e9 du d\u00e9partement","article_publisher":"https:\/\/www.facebook.com\/seinesaintdenisledepartement","article_published_time":"2023-11-15T14:30:38+00:00","article_modified_time":"2023-11-15T14:36:47+00:00","og_image":[{"width":1920,"height":1080,"url":"https:\/\/seinesaintdenis.fr\/actualite\/wp-content\/uploads\/2023\/11\/vignette.jpg","type":"image\/jpeg"}],"author":"Nicolas Le H\u00e9riss\u00e9","twitter_card":"summary_large_image","twitter_creator":"@seinesaintdenis","twitter_site":"@seinesaintdenis","twitter_misc":{"\u00c9crit par":"Nicolas Le H\u00e9riss\u00e9"},"schema":{"@context":"https:\/\/schema.org","@graph":[{"@type":"Article","@id":"https:\/\/seinesaintdenis.fr\/actualite\/ecologie\/Verte-inclusive-la-Seine-Saint-Denis-se-transforme\/#article","isPartOf":{"@id":"https:\/\/seinesaintdenis.fr\/actualite\/ecologie\/Verte-inclusive-la-Seine-Saint-Denis-se-transforme\/"},"author":{"name":"Nicolas Le H\u00e9riss\u00e9","@id":"https:\/\/seinesaintdenis.fr\/actualite\/#\/schema\/person\/83cfb60412523dce14a752f37ae506fb"},"headline":"Verte, inclusive : la Seine-Saint-Denis se transforme","datePublished":"2023-11-15T14:30:38+00:00","dateModified":"2023-11-15T14:36:47+00:00","mainEntityOfPage":{"@id":"https:\/\/seinesaintdenis.fr\/actualite\/ecologie\/Verte-inclusive-la-Seine-Saint-Denis-se-transforme\/"},"wordCount":6,"commentCount":0,"publisher":{"@id":"https:\/\/seinesaintdenis.fr\/actualite\/#organization"},"image":{"@id":"https:\/\/seinesaintdenis.fr\/actualite\/ecologie\/Verte-inclusive-la-Seine-Saint-Denis-se-transforme\/#primaryimage"},"thumbnailUrl":"https:\/\/seinesaintdenis.fr\/actualite\/wp-content\/uploads\/2023\/11\/vignette.jpg","articleSection":["Voirie"],"inLanguage":"fr-FR","potentialAction":[{"@type":"CommentAction","name":"Comment","target":["https:\/\/seinesaintdenis.fr\/actualite\/ecologie\/Verte-inclusive-la-Seine-Saint-Denis-se-transforme\/#respond"]}]},{"@type":"WebPage","@id":"https:\/\/seinesaintdenis.fr\/actualite\/ecologie\/Verte-inclusive-la-Seine-Saint-Denis-se-transforme\/","url":"https:\/\/seinesaintdenis.fr\/actualite\/ecologie\/Verte-inclusive-la-Seine-Saint-Denis-se-transforme\/","name":"Verte, inclusive : la Seine-Saint-Denis se transforme - Seine-Saint-Denis - L&#039;actualit\u00e9 du d\u00e9partement","isPartOf":{"@id":"https:\/\/seinesaintdenis.fr\/actualite\/#website"},"primaryImageOfPage":{"@id":"https:\/\/seinesaintdenis.fr\/actualite\/ecologie\/Verte-inclusive-la-Seine-Saint-Denis-se-transforme\/#primaryimage"},"image":{"@id":"https:\/\/seinesaintdenis.fr\/actualite\/ecologie\/Verte-inclusive-la-Seine-Saint-Denis-se-transforme\/#primaryimage"},"thumbnailUrl":"https:\/\/seinesaintdenis.fr\/actualite\/wp-content\/uploads\/2023\/11\/vignette.jpg","datePublished":"2023-11-15T14:30:38+00:00","dateModified":"2023-11-15T14:36:47+00:00","description":"Au carrefour routier Raymond Queneau, \u00e0 Pantin, sur la RD 933, le D\u00e9partement de la Seine-Saint-Denis adapte l\u2019espace public aux besoins actuels des habitant\u00b7e\u00b7s. Plus de places pour les v\u00e9los, adaptation au changement climatique, espaces verts\u2026 cet am\u00e9nagement transitoire anticipe le passage du bus rapide Tzen3.","breadcrumb":{"@id":"https:\/\/seinesaintdenis.fr\/actualite\/ecologie\/Verte-inclusive-la-Seine-Saint-Denis-se-transforme\/#breadcrumb"},"inLanguage":"fr-FR","potentialAction":[{"@type":"ReadAction","target":["https:\/\/seinesaintdenis.fr\/actualite\/ecologie\/Verte-inclusive-la-Seine-Saint-Denis-se-transforme\/"]}]},{"@type":"ImageObject","inLanguage":"fr-FR","@id":"https:\/\/seinesaintdenis.fr\/actualite\/ecologie\/Verte-inclusive-la-Seine-Saint-Denis-se-transforme\/#primaryimage","url":"https:\/\/seinesaintdenis.fr\/actualite\/wp-content\/uploads\/2023\/11\/vignette.jpg","contentUrl":"https:\/\/seinesaintdenis.fr\/actualite\/wp-content\/uploads\/2023\/11\/vignette.jpg","width":1920,"height":1080,"caption":"Au carrefour routier Raymond Queneau, \u00e0 Pantin,"},{"@type":"BreadcrumbList","@id":"https:\/\/seinesaintdenis.fr\/actualite\/ecologie\/Verte-inclusive-la-Seine-Saint-Denis-se-transforme\/#breadcrumb","itemListElement":[{"@type":"ListItem","position":1,"name":"Accueil","item":"https:\/\/seinesaintdenis.fr\/actualite\/"},{"@type":"ListItem","position":2,"name":"D\u00e9placements &amp; Am\u00e9nagement","item":"https:\/\/seinesaintdenis.fr\/actualite\/deplacements-amenagement\/"},{"@type":"ListItem","position":3,"name":"Voirie","item":"https:\/\/seinesaintdenis.fr\/actualite\/deplacements-amenagement\/voirie\/"},{"@type":"ListItem","position":4,"name":"Verte, inclusive : la Seine-Saint-Denis se transforme"}]},{"@type":"WebSite","@id":"https:\/\/seinesaintdenis.fr\/actualite\/#website","url":"https:\/\/seinesaintdenis.fr\/actualite\/","name":"Seine-Saint-Denis - L'actualit\u00e9 du d\u00e9partement","description":"L&#039;actualit\u00e9 du D\u00e9partement de la Seine-Saint-Denis","publisher":{"@id":"https:\/\/seinesaintdenis.fr\/actualite\/#organization"},"potentialAction":[{"@type":"SearchAction","target":{"@type":"EntryPoint","urlTemplate":"https:\/\/seinesaintdenis.fr\/actualite\/?s={search_term_string}"},"query-input":{"@type":"PropertyValueSpecification","valueRequired":true,"valueName":"search_term_string"}}],"inLanguage":"fr-FR"},{"@type":"Organization","@id":"https:\/\/seinesaintdenis.fr\/actualite\/#organization","name":"Seine-Saint-Denis - Le D\u00e9partement","url":"https:\/\/seinesaintdenis.fr\/actualite\/","logo":{"@type":"ImageObject","inLanguage":"fr-FR","@id":"https:\/\/seinesaintdenis.fr\/actualite\/#\/schema\/logo\/image\/","url":"https:\/\/seinesaintdenis.fr\/actualite\/wp-content\/uploads\/2024\/08\/logo.png","contentUrl":"https:\/\/seinesaintdenis.fr\/actualite\/wp-content\/uploads\/2024\/08\/logo.png","width":567,"height":172,"caption":"Seine-Saint-Denis - Le D\u00e9partement"},"image":{"@id":"https:\/\/seinesaintdenis.fr\/actualite\/#\/schema\/logo\/image\/"},"sameAs":["https:\/\/www.facebook.com\/seinesaintdenisledepartement","https:\/\/x.com\/seinesaintdenis","https:\/\/www.linkedin.com\/company\/seinesaintdenis","https:\/\/www.instagram.com\/seine_saint_denis\/","https:\/\/www.youtube.com\/channel\/UCR5YF9NnqiLCbnrKQgLUcIw"]},{"@type":"Person","@id":"https:\/\/seinesaintdenis.fr\/actualite\/#\/schema\/person\/83cfb60412523dce14a752f37ae506fb","name":"Nicolas Le H\u00e9riss\u00e9","image":{"@type":"ImageObject","inLanguage":"fr-FR","@id":"https:\/\/secure.gravatar.com\/avatar\/7a037480306fa242c59436a102dc6a4d72cab164610d2fc68cf59229872c6a50?s=96&d=mm&r=g","url":"https:\/\/secure.gravatar.com\/avatar\/7a037480306fa242c59436a102dc6a4d72cab164610d2fc68cf59229872c6a50?s=96&d=mm&r=g","contentUrl":"https:\/\/secure.gravatar.com\/avatar\/7a037480306fa242c59436a102dc6a4d72cab164610d2fc68cf59229872c6a50?s=96&d=mm&r=g","caption":"Nicolas Le H\u00e9riss\u00e9"},"url":"https:\/\/seinesaintdenis.fr\/actualite\/author\/nleherisse\/"}]}},"_links":{"self":[{"href":"https:\/\/seinesaintdenis.fr\/actualite\/wp-json\/wp\/v2\/posts\/10300","targetHints":{"allow":["GET"]}}],"collection":[{"href":"https:\/\/seinesaintdenis.fr\/actualite\/wp-json\/wp\/v2\/posts"}],"about":[{"href":"https:\/\/seinesaintdenis.fr\/actualite\/wp-json\/wp\/v2\/types\/post"}],"author":[{"embeddable":true,"href":"https:\/\/seinesaintdenis.fr\/actualite\/wp-json\/wp\/v2\/users\/38"}],"replies":[{"embeddable":true,"href":"https:\/\/seinesaintdenis.fr\/actualite\/wp-json\/wp\/v2\/comments?post=10300"}],"version-history":[{"count":4,"href":"https:\/\/seinesaintdenis.fr\/actualite\/wp-json\/wp\/v2\/posts\/10300\/revisions"}],"predecessor-version":[{"id":10316,"href":"https:\/\/seinesaintdenis.fr\/actualite\/wp-json\/wp\/v2\/posts\/10300\/revisions\/10316"}],"wp:featuredmedia":[{"embeddable":true,"href":"https:\/\/seinesaintdenis.fr\/actualite\/wp-json\/wp\/v2\/media\/10313"}],"wp:attachment":[{"href":"https:\/\/seinesaintdenis.fr\/actualite\/wp-json\/wp\/v2\/media?parent=10300"}],"wp:term":[{"taxonomy":"category","embeddable":true,"href":"https:\/\/seinesaintdenis.fr\/actualite\/wp-json\/wp\/v2\/categories?post=10300"},{"taxonomy":"ville","embeddable":true,"href":"https:\/\/seinesaintdenis.fr\/actualite\/wp-json\/wp\/v2\/ville?post=10300"}],"curies":[{"name":"wp","href":"https:\/\/api.w.org\/{rel}","templated":true}]}}